{"id":95727,"date":"2025-12-31T00:33:09","date_gmt":"2025-12-30T23:33:09","guid":{"rendered":"https:\/\/www.infokuryr.cz\/n\/?p=95727"},"modified":"2025-12-30T18:15:32","modified_gmt":"2025-12-30T17:15:32","slug":"petr-pokorny-zazil-jsem-ostnate-draty-na-zapade-nyni-na-vychode-v-cem-je-rozdil-zacina-rekapitulace-20lete-totality","status":"publish","type":"post","link":"https:\/\/www.infokuryr.cz\/n\/2025\/12\/31\/petr-pokorny-zazil-jsem-ostnate-draty-na-zapade-nyni-na-vychode-v-cem-je-rozdil-zacina-rekapitulace-20lete-totality\/","title":{"rendered":"Petr Pokorn\u00fd: Za\u017eil jsem ostnat\u00e9 dr\u00e1ty na z\u00e1pad\u011b, nyn\u00ed na v\u00fdchod\u011b. V \u010dem je rozd\u00edl? (za\u010d\u00edn\u00e1 rekapitulace 20let\u00e9 totality)"},"content":{"rendered":"<div id=\"fb-root\"><\/div>\n<div class=\"introtext\">\n<h4>Cel\u00e9 sv\u00e9 ml\u00e1d\u00ed jsem za\u017eil za ostnat\u00fdmi dr\u00e1ty napu\u0161t\u011bn\u00fdmi elektrick\u00fdm proudem. Sv\u00fdm zp\u016fsobem to ale byla men\u0161\u00ed totalita, ne\u017e je dnes. (Opakuji, sv\u00fdm zp\u016fsobem &#8211; pop\u00ed\u0161i) A s STB\u00e1ky v z\u00e1dech jsem vym\u011bnil pouze n\u00e1zev: nyn\u00ed s BIS Koudelkou v z\u00e1dech.<\/h4>\n<\/div>\n<div class=\"fulltext\">\n<p>Tak jako ze soudruha agenta P\u00e1vka alias Petra Pavla se p\u0159emalov\u00e1n\u00edm stal antisoudruh gener\u00e1l Petr Pavel, tak STB si p\u0159emalovala \u0161t\u00edt na BIS, pak do roku 2004 a vstupu do EU se dr\u017eela na uzd\u011b, aby n\u00e1sledn\u011b za\u010dala fungovat op\u011bt jako sta\u0159\u00ed dob\u0159\u00ed STB\u00e1ci.\u00a0Bojuje proti vnit\u0159n\u00edmu nep\u0159\u00edteli, co\u017e jsou v\u0161ichni ti, kte\u0159\u00ed odm\u00edtali komunistickou Var\u0161avskou smlouvu a nyn\u00ed stejnou Evropskou unii.<\/p>\n<p>Ostnat\u00e9 dr\u00e1ty na z\u00e1pad\u011b, nyn\u00ed jsou ostnat\u00e9 dr\u00e1ty na v\u00fdchod\u011b.<\/p>\n<p>Ze z\u00e1padn\u00edch imperialist\u016f se stali v\u00fdchodn\u00ed imperialist\u00e9.<\/p>\n<p>_________________<\/p>\n<div class=\"explanation wholeWidth\">\n<div class=\"explanationTitle\"><span style=\"color: #0000ff;\">Radovan V\u00edch: \u010dlen SPD, Vojensk\u00e1 akademie<\/span><\/div>\n<div class=\"explanationContent\"><span style=\"color: #0000ff;\">Ale pro\u010d vlastn\u011b takov\u00fd povyk? \u0158eklo by se, \u017ee se nic zvl\u00e1\u0161tn\u00edho ned\u011bje. \u0160\u00e9f jednoho \u00fa\u0159adu st\u00e1tn\u00ed zpr\u00e1vy prost\u011b bu\u010f z\u016fstane ve funkci nebo bude nahrazen jin\u00fdm. Ale ono se d\u011bje. Jednak tento \u0159editel obdr\u017eel v Langley, USA, Cenu George Teneta, a to od CIA, co\u017e je m\u00edrn\u011b \u0159e\u010deno trochu netradi\u010dn\u00ed.\u00a0<strong>Evokuje to dojem, \u017ee z\u0159ejm\u011b na\u0161e BIS je fili\u00e1lkou CIA.<\/strong><\/span><\/div>\n<\/div>\n<p>________________<\/p>\n<p>Za totality, ale i p\u0159i v\u00e1lce ve Vietnamu, kdy US ARMY masakrovala d\u011bti a \u017eeny napalmem, plynem agent Orange a st\u0159\u00edlela vietnamsk\u00e9 d\u011bti jako dnes Izrael palestinsk\u00e9, se ob\u010das do obchod\u016f \u010di Tuzex\u016f dost\u00e1valo zbo\u017e\u00ed ze z\u00e1padu.<\/p>\n<p>_______________<\/p>\n<div class=\"info_box leva_tretina jpalert\">\n<div class=\"explanationContent\"><span style=\"color: #993366;\">Agent Orange mrza\u010d\u00ed ve Vietnamu dodnes. M\u00e1 i \u010deskou stopu\u00a0Byla to jedna z nejstra\u0161n\u011bj\u0161\u00edch zbran\u00ed vietnamsk\u00e9 v\u00e1lky.\u00a0Koktejl chemik\u00e1li\u00ed Agent Orange, kter\u00fd mrza\u010d\u00ed tamn\u00ed d\u011bti dodnes, m\u00e1 p\u0159itom i \u010desk\u00fd rukopis. Jeho slo\u017eka se toti\u017e vyr\u00e1b\u011bla i v neratovick\u00e9 Spolan\u011b. A dopl\u00e1celi na ni i tamn\u00ed d\u011bln\u00edci&#8230;<\/span><\/div>\n<\/div>\n<p>_______________<\/p>\n<h4><strong>Nyn\u00ed z Ruska eurosoudruzi zak\u00e1zali dov\u00e1\u017eet v\u0161e.\u00a0<\/strong><\/h4>\n<h2>Kde berou tihle zlo\u010dinci jak b\u00fdval\u00ed, tak dne\u0161n\u00ed, pr\u00e1vo porou\u010det ob\u010dan\u016fm, co si sm\u00ed a co si nesm\u00ed koupit?<\/h2>\n<p>Ani za totality nebyl z\u00e1kaz dovozu ze z\u00e1padu d\u00edky Moskv\u011b, pouze nezb\u00fdvaly devizy na n\u00e1kup,proto\u017ee v\u0161e se vyv\u00e1\u017eelo do SSSR a do Bulharska, kde nebylo nic.<\/p>\n<p>Nyn\u00ed n\u00e1m n\u011bjac\u00ed \u0161mejdi na\u0159izuj\u00ed, co sm\u00edme odkud dov\u00e9zt a jsme prof\u00edzlovan\u00fd st\u00e1t v\u00edc, ne\u017e do roku 1989. Dokonce i mno\u017estv\u00edm policie, kter\u00e1 p\u0159esto nest\u00edh\u00e1 na\u0161e ob\u010dany chr\u00e1nit a pom\u00e1hat. (Jasn\u011b, \u017ee je to syst\u00e9mem a ani nejpoctiv\u011bj\u0161\u00ed policista nic nezm\u016f\u017ee proti zv\u011brstv\u016fm, kter\u00e9 mus\u00ed prov\u00e1d\u011bt, m\u00edsto aby ob\u010dany chr\u00e1nili.)<\/p>\n<p>Dokonce i prdy a prd\u011bn\u00ed n\u00e1m slavn\u00fd Brusel kontroluje a jsou v\u00e1\u017en\u00e9 n\u00e1vrhy, \u017ee v\u0161ichni, co prd\u00ed, budou zni\u010deni. Kr\u00e1vy u\u017e to potkalo.\u00a0Tato zv\u011brstva si ani bol\u0161evik nedovolil. V\u00e1\u017en\u011b jsme u\u017e jen ovce, kter\u00e9 jsou na por\u00e1\u017eku?<\/p>\n<p>Nenastal \u010das vyh\u00e1zet v\u0161echny kolaboranty z vysok\u00fdch funkc\u00ed, kte\u0159\u00ed pracuj\u00ed pro USA, pro Brusel a p\u0159edev\u0161\u00edm proti z\u00e1jm\u016fm ob\u010dan\u016f \u010cesk\u00e9 republiky? Nep\u0159\u00edsahali v\u0161ichni ti gener\u00e1lov\u00e9, \u017ee budou chr\u00e1nit na\u0161\u00ed vlast, \u010ceskou republiku, proti zlo\u010dinc\u016fm a rabov\u00e1n\u00ed na\u0161\u00ed zem\u011b? Nenastal \u010das, aby ob\u010dan\u00e9 \u010cesk\u00e9 republiky op\u011bt dostali moc, kter\u00e1 jim dle \u00dastavy n\u00e1le\u017e\u00ed?<\/p>\n<p>Pro koho vlastn\u011b pracuje gener\u00e1l prezident na Pra\u017esk\u00e9m hrad\u011b a jeho tajn\u00e9 slu\u017eby? Jak je mo\u017en\u00e9, \u017ee se z gener\u00e1la BIS Koudelky stal politick\u00fd agit\u00e1tor pracuj\u00edc\u00ed pro kohosi, ani\u017e tu\u0161\u00edme, kdo ho \u00fakoluje (a\u017e na vyznamen\u00e1n\u00ed jako by byl dvojit\u00fd agent) a nastupuj\u00edc\u00ed vl\u00e1da netu\u0161\u00ed, co vlastn\u011b d\u011bl\u00e1?<\/p>\n<h4><strong>Mimochodem, kolik pen\u011bz poslal gener\u00e1l prezident a gener\u00e1l BIS Koudelka z osobn\u00edch plat\u016f na Ukrajinu, kdy\u017e miliardy odeb\u00edrali t\u011bm nejchud\u0161\u00edm z pen\u011bz na l\u00e9ky a \u017eivobyt\u00ed?\u00a0<\/strong><\/h4>\n<p><a href=\"https:\/\/www.skrytapravda.cz\/z-domova\/2941-zazil-jsem-ostnate-draty-na-zapade-nyni-na-vychode-v-cem-je-rozdil-zacina-rekapitulace-20lete-totality\">Petr Pokorn\u00fd<\/a><\/p>\n<p><img decoding=\"async\" loading=\"lazy\" class=\"wp-image-94843 aligncenter\" src=\"http:\/\/www.infokuryr.cz\/n\/wp-content\/uploads\/2025\/12\/popelka-hrad-300x141.jpg\" alt=\"\" width=\"1128\" height=\"530\" srcset=\"https:\/\/www.infokuryr.cz\/n\/wp-content\/uploads\/2025\/12\/popelka-hrad-300x141.jpg 300w, https:\/\/www.infokuryr.cz\/n\/wp-content\/uploads\/2025\/12\/popelka-hrad-768x360.jpg 768w, https:\/\/www.infokuryr.cz\/n\/wp-content\/uploads\/2025\/12\/popelka-hrad.jpg 977w\" sizes=\"(max-width: 1128px) 100vw, 1128px\" \/><\/p>\n<p>&nbsp;<\/p>\n<\/div>\n","protected":false},"excerpt":{"rendered":"<p>Cel\u00e9 sv\u00e9 ml\u00e1d\u00ed jsem za\u017eil za ostnat\u00fdmi dr\u00e1ty napu\u0161t\u011bn\u00fdmi elektrick\u00fdm proudem. Sv\u00fdm zp\u016fsobem to ale&#8230;<\/p>\n","protected":false},"author":2,"featured_media":95728,"comment_status":"closed","ping_status":"closed","sticky":false,"template":"","format":"standard","meta":[],"categories":[6],"tags":[146,1503,35,48],"_links":{"self":[{"href":"https:\/\/www.infokuryr.cz\/n\/wp-json\/wp\/v2\/posts\/95727"}],"collection":[{"href":"https:\/\/www.infokuryr.cz\/n\/wp-json\/wp\/v2\/posts"}],"about":[{"href":"https:\/\/www.infokuryr.cz\/n\/wp-json\/wp\/v2\/types\/post"}],"author":[{"embeddable":true,"href":"https:\/\/www.infokuryr.cz\/n\/wp-json\/wp\/v2\/users\/2"}],"replies":[{"embeddable":true,"href":"https:\/\/www.infokuryr.cz\/n\/wp-json\/wp\/v2\/comments?post=95727"}],"version-history":[{"count":1,"href":"https:\/\/www.infokuryr.cz\/n\/wp-json\/wp\/v2\/posts\/95727\/revisions"}],"predecessor-version":[{"id":95729,"href":"https:\/\/www.infokuryr.cz\/n\/wp-json\/wp\/v2\/posts\/95727\/revisions\/95729"}],"wp:featuredmedia":[{"embeddable":true,"href":"https:\/\/www.infokuryr.cz\/n\/wp-json\/wp\/v2\/media\/95728"}],"wp:attachment":[{"href":"https:\/\/www.infokuryr.cz\/n\/wp-json\/wp\/v2\/media?parent=95727"}],"wp:term":[{"taxonomy":"category","embeddable":true,"href":"https:\/\/www.infokuryr.cz\/n\/wp-json\/wp\/v2\/categories?post=95727"},{"taxonomy":"post_tag","embeddable":true,"href":"https:\/\/www.infokuryr.cz\/n\/wp-json\/wp\/v2\/tags?post=95727"}],"curies":[{"name":"wp","href":"https:\/\/api.w.org\/{rel}","templated":true}]}}