{"id":95718,"date":"2025-12-31T00:29:15","date_gmt":"2025-12-30T23:29:15","guid":{"rendered":"https:\/\/www.infokuryr.cz\/n\/?p=95718"},"modified":"2025-12-30T18:21:41","modified_gmt":"2025-12-30T17:21:41","slug":"kde-vzit-penize-na-valecny-darek-pro-pana-zelenskyho","status":"publish","type":"post","link":"https:\/\/www.infokuryr.cz\/n\/2025\/12\/31\/kde-vzit-penize-na-valecny-darek-pro-pana-zelenskyho\/","title":{"rendered":"Kde vz\u00edt pen\u00edze na v\u00e1le\u010dn\u00fd d\u00e1rek pro pana Zelenskyho"},"content":{"rendered":"<div id=\"fb-root\"><\/div>\n<p>Byl to ukrutn\u00fd p\u0159edv\u00e1no\u010dn\u00ed shitstorm. Babi\u0161 nep\u0159evzal z\u00e1ruku na v\u00e1le\u010dnou p\u016fj\u010dku, pardon, v\u00e1le\u010dn\u00fd d\u00e1rek Zelensk\u00fdmu. Hanba. Katastrofa. Nicm\u00e9n\u011b my jsme tady od toho, abychom hledali \u0159e\u0161en\u00ed, a s pomoc\u00ed pana Luka\u010dovi\u010de jsme jej na\u0161li.<\/p>\n<p>Jaro se bl\u00ed\u017e\u00ed. Na ja\u0159e se otepl\u00ed, roztaj\u00ed sn\u011bhul\u00e1ci, tr\u00e1va se za\u010dne zelenat a Zelensk\u00fdmu dojdou prachy. Stejn\u011b jako loni. P\u0159edloni. N\u011bkdo to bude muset zat\u00e1hnout a proto\u017ee Zelenskyj vede proxy v\u00e1lku s Ruskem v zastoupen\u00ed EU, h\u00e1dejte, kdo to bude.<\/p>\n<p>Nejprve ta v\u00e1le\u010dn\u00e1 p\u016fj\u010dka. Je to dlouh\u00e1 historie. Je to tak, kdy\u017e chcete v\u00e9st v\u00e1lku s Ruskem a porazit ho, ale m\u00e1te holou prdel, proto\u017ee jste l\u00e9ta rozkr\u00e1dali vojensk\u00e9 rozpo\u010dty a to, co se nepoda\u0159ilo rozkr\u00e1st, jste utratili za\u00a0<a href=\"https:\/\/armadnizpravodaj.cz\/pozemni-technika\/ajax-britsti-vojaci-zvraci\/%C2%A8\">obrn\u011bn\u00e9 transport\u00e9ry, kter\u00e9 jsou nebezpe\u010dn\u00e9 vlastn\u00ed pos\u00e1dce<\/a>\u00a0nebo za\u00a0<a href=\"https:\/\/www.novinky.cz\/clanek\/domaci-modernizace-tanku-t-72-selhala-jsou-nefunkcni-a-ukrajina-je-nedostane-40551377\">tanky, u kter\u00fdch nejde zam\u011b\u0159it d\u011blo<\/a>. Nehled\u011b na\u00a0<a href=\"https:\/\/www.info.cz\/zpravodajstvi-a-komentare\/jo-to-byly-casy-aneb-jak-v-nato-chteli-vyrabet-tanky-a-letadla-na-solarni-pohon\">projekt sol\u00e1rn\u00edch tank\u016f<\/a> soudruha Stoltenberga, kter\u00e9 by umo\u017e\u0148ovaly bezuhl\u00edkat\u00e9 v\u00e1l\u010den\u00ed. Va\u0161e ekonomika nen\u00ed dost v\u00fdkonn\u00e1, proto\u017ee ji likviduje zelen\u00e9 a ESG n\u00e1bo\u017eenstv\u00ed, tak\u017ee kdyby nedej bo\u017ee n\u011bkdo p\u0159i\u0161el, \u017ee bude vyr\u00e1b\u011bt n\u011bjak\u00e9 geni\u00e1ln\u00ed zbran\u011b, tak nedostane u banky \u00fav\u011br, proto\u017ee to nen\u00ed environmental, soci\u00e1l nebo governant nebo alespo\u0148 n\u011bco z toho. Pokud chcete v\u00e9st v\u00e1lku s holou prdel\u00ed a nejste s to vyrobit vlastn\u00ed zbran\u011b, mus\u00edte zbran\u011b nakupovat bu\u010f pokoutn\u011b netransparentn\u00edmi postupy v pochybn\u00fdch zem\u00edch, kter\u00e9 nemaj\u00ed ESG (tomu se \u0159\u00edk\u00e1 \u201e\u010desk\u00e1 muni\u010dn\u00ed iniciativa\u201c) nebo od str\u00fd\u010dka Donalda, ale ten chce prachy. A v tomto ohledu je hol\u00e1 prdel jednozna\u010dn\u011b p\u0159ek\u00e1\u017eka. Pan Zelenskij chce chodit nakupovat na Z\u00e1pad jako na Amazon, ale zdroje vysychaj\u00ed.<\/p>\n<p>Prvn\u00ed dobr\u00fd n\u00e1pad je n\u011bco ukr\u00e1st. T\u0159eba rusk\u00e1 aktiva v Evrop\u011b. Rusk\u00e1 aktiva v Evrop\u011b jsou jednak rezervy jejich centr\u00e1ln\u00ed banky, co\u017e by bylo n\u011bjak\u00fdm zp\u016fsobem legitimn\u00ed, ale tak\u00e9 majetky soukrom\u00fdch osob, o kter\u00fdch n\u00e1m tvrd\u00ed, \u017ee jsou to oligarchov\u00e9 a Putinovi p\u0159\u00e1tel\u00e9. Ve skute\u010dnosti nikdo nev\u00ed p\u0159esn\u011b, jak\u00fd vztah maj\u00ed tyto osoby k Putinovi, mohou to b\u00fdt klidn\u011b jeho odp\u016frci, kte\u0159\u00ed z pragmatick\u00fdch d\u016fvod\u016f proti n\u011bmu nemohou otev\u0159en\u011b vystoupit.<\/p>\n<p>Jen\u017ee to je jen po\u010d\u00e1tek probl\u00e9mu. Vedlej\u0161\u00ed n\u00e1klady jsou podstatn\u011b vy\u0161\u0161\u00ed ne\u017e ukraden\u00e1 \u010d\u00e1stka sama. Sice by to zajistilo pen\u00edze na obnovu Ukrajiny, pardon, na p\u00e1r m\u011bs\u00edc\u016f proxy v\u00e1lky s Ruskem, ale tak\u00e9 to vy\u0161le vzkaz v\u0161em potenci\u00e1ln\u00edm investor\u016fm, \u017ee Evropa u\u017e nen\u00ed bezpe\u010dn\u00fdm m\u00edstem pro jejich pen\u00edze. I jim se m\u016f\u017ee st\u00e1t, \u017ee se jejich domovsk\u00e1 zem\u011b, nebo alespo\u0148 n\u011bjak\u00fd jej\u00ed p\u0159edstavitel n\u011bjak znel\u00edb\u00ed bruselsk\u00e9mu politbyru, t\u0159eba nap\u00ed\u0161e n\u011bco ne\u0161ikovn\u00e9ho na X a ohl\u00e1s\u00ed ho\u00a0<a href=\"https:\/\/www.echo24.cz\/a\/H4WL8\/zpravy-svet-kdo-cenzuruje-site-evropska-komise-zverejnila-seznam-praskacu\">d\u016fv\u011bryhodn\u00fd oznamovatel<\/a>, a dopadne jak ru\u0161t\u00ed investo\u0159i, kte\u0159\u00ed kdysi d\u00e1vno p\u0159inesli do Evropy pen\u00edze v dobr\u00e9 v\u00ed\u0159e, \u017ee tam budou v bezpe\u010d\u00ed.<\/p>\n<p>K zabaven\u00ed vklad\u016f nep\u0159\u00e1telsk\u00fdch osob tu\u0161\u00edm nedo\u0161lo ani za druh\u00e9 sv\u011btov\u00e9 v\u00e1lky.<\/p>\n<p>Pokou\u0161eli se to vy\u0159e\u0161it. Existuje l\u00e9ty osv\u011bd\u010den\u00fd mechanismus, kter\u00fd m\u00e1 zajistit, aby st\u00e1ty neokr\u00e1daly jin\u00e9 st\u00e1ty. \u0158\u00edk\u00e1 se tomu arbitr\u00e1\u017e. V p\u0159\u00edpad\u011b, \u017ee by EK ukradla rusk\u00e1 aktiva, arbitr\u00e1\u017e by nejsp\u00ed\u0161 prohr\u00e1la ta zem\u011b, kde byla aktiva ulo\u017eena, a to je administrativn\u00ed s\u00eddlo clearingov\u00e9 organizace s orwellovsk\u00fdm n\u00e1zvem Euroclear, kter\u00fdm je Belgie. Proto\u017ee se p\u0159edpokl\u00e1d\u00e1, \u017ee by Belgie arbitr\u00e1\u017e projela, m\u011bla by najednou sekeru 200 miliard EUR plus \u00faroky a pr\u00e1vn\u00ed n\u00e1klady, co\u017e by bylo n\u011bco jako HDP Belgie za p\u016fl roku. Nen\u00ed divu, \u017ee na to belgick\u00fd p\u0159edseda vl\u00e1dy necht\u011bl p\u0159istoupit, proto\u017ee jeho zem\u011b u\u017e takhle je bl\u00edzko tomu, aby p\u0159i\u0161la na buben (struktur\u00e1ln\u00ed deficit 5% HDP ro\u010dn\u011b) a rozhodn\u011b nem\u00e1 na to, aby sama financovala evropskou proxy v\u00e1lku s Ruskem a ob\u011btovala n\u011bco jako sv\u016fj celoro\u010dn\u00ed st\u00e1tn\u00ed rozpo\u010det na ciz\u00ed v\u00e1lku. M\u00e9dia n\u00e1m to prod\u00e1vaj\u00ed tak, \u017ee belgick\u00fd premi\u00e9r de Wever je zl\u00fd a m\u00e1lo ambici\u00f3zn\u00ed p\u0159i kraden\u00ed, ale on jen zn\u00e1 rizika.<\/p>\n<p>Hledal se tedy mechanismus, jak ukr\u00e1st rusk\u00e9 pen\u00edze, aby to Belgie neodnesla sama. Vzne\u0161en\u011b \u0159e\u010deno, rozlo\u017eit riziko na celou koalici ochotn\u00fdch, \u017ee by se pak slo\u017eili, a\u017e Belgie prosere tu arbitr\u00e1\u017e. Nicm\u00e9n\u011b se nedohodli ani na tomhle.<\/p>\n<p><img decoding=\"async\" loading=\"lazy\" class=\"wp-image-94843 aligncenter\" src=\"http:\/\/www.infokuryr.cz\/n\/wp-content\/uploads\/2025\/12\/popelka-hrad-300x141.jpg\" alt=\"\" width=\"1128\" height=\"530\" srcset=\"https:\/\/www.infokuryr.cz\/n\/wp-content\/uploads\/2025\/12\/popelka-hrad-300x141.jpg 300w, https:\/\/www.infokuryr.cz\/n\/wp-content\/uploads\/2025\/12\/popelka-hrad-768x360.jpg 768w, https:\/\/www.infokuryr.cz\/n\/wp-content\/uploads\/2025\/12\/popelka-hrad.jpg 977w\" sizes=\"(max-width: 1128px) 100vw, 1128px\" \/><\/p>\n<p>Pokra\u010dovali d\u00e1l. \u0158ekli si, dob\u0159e, nem\u016f\u017eeme ty pen\u00edze ukr\u00e1st, proto\u017ee to zn\u00ed blb\u011b a mohlo by to ohrozit na\u0161i reputaci. Pou\u017eijeme tedy zmrazen\u00e1 aktiva jako z\u00e1stavu pro ob\u0159\u00ed p\u016fj\u010dku. Pou\u017eit\u00ed zmrazen\u00fdch aktiv jako z\u00e1stavy nam\u00edsto p\u0159\u00edm\u00e9ho zabaven\u00ed finan\u010dn\u00edch prost\u0159edk\u016f je v\u0161ak\u00a0<strong>pokusem obej\u00edt mezin\u00e1rodn\u00ed pr\u00e1vo<\/strong>, kter\u00e9 zakazuje p\u0159\u00edm\u00e9 zabaven\u00ed suver\u00e9nn\u00edch aktiv jin\u00e9ho st\u00e1tu\u00a0<strong>bez \u0159\u00e1dn\u00e9ho soudn\u00edho \u0159\u00edzen\u00ed<\/strong>. Je to asi stejn\u00e9 jako ru\u010dit za p\u016fj\u010dku n\u011b\u010d\u00edm, co v\u00e1m v\u016fbec nepat\u0159\u00ed, t\u0159eba domem neobl\u00edben\u00e9ho souseda. M\u00edsto kr\u00e1de\u017ee tedy zv\u00e1\u017eili \u00fav\u011brov\u00fd podvod. Ale na tom se taky neshodli.<\/p>\n<p>My oby\u010dejn\u00ed ob\u010dan\u00e9 nespr\u00e1vn\u011b vych\u00e1z\u00edme z n\u011b\u010deho jako presumpce legality ve\u0159ejnopr\u00e1vn\u00edch akt\u016f. \u017de na\u0161e st\u00e1ty a na\u0161e vl\u00e1dy nebudou d\u011blat nic, co je v\u011bdom\u011b ileg\u00e1ln\u00ed. Protipr\u00e1vn\u00ed. Zlod\u011bjna. Zlo\u010din. Jak vidno, vych\u00e1z\u00edme ze \u0161patn\u00e9ho p\u0159edpokladu.<\/p>\n<p>Pot\u00e9, co jedn\u00e1n\u00ed o spole\u010dn\u00e9 kr\u00e1de\u017ei i spole\u010dn\u00e9m \u00fav\u011brov\u00e9m podvodu ztroskotala, vymysleli n\u011bco jin\u00e9ho, co m\u00e1 principi\u00e1ln\u011b bl\u00edzko k tomu posledn\u011b zm\u00edn\u011bn\u00e9mu modelu, jen s t\u00edm, \u017ee si p\u016fj\u010d\u00ed pen\u00edze \u201ena finan\u010dn\u00edch trz\u00edch\u201c a zaru\u010d\u00ed se za to jin\u00e9 zem\u011b. Tyto pen\u00edze pak bez\u00faro\u010dn\u011b p\u016fj\u010d\u00ed panu Zelensk\u00fdmu.<\/p>\n<p>No, p\u016fj\u010d\u00ed. Ona to nen\u00ed docela p\u016fj\u010dka. Sp\u00ed\u0161 je to n\u011bco jako grant nebo d\u00e1rek. Nep\u0159edpokl\u00e1d\u00e1 se, \u017ee by v\u00e1lkou zdevastovan\u00e1, zkorumpovan\u00e1 a rozkraden\u00e1 Ukrajina n\u011bkdy n\u011bco splatila. S\u00e1m Zelenskyj to \u0159ekl. Pov\u00eddal, \u017ee platit se bude, a\u017e Rusko vyplat\u00ed Ukrajin\u011b reparace. K tomu by Rusko muselo kapitulovat. Nemysl\u00edm, \u017ee Rusko zaplat\u00ed n\u011bjak\u00e9 reparace, tak\u017ee p\u016fj\u010dka Ukrajin\u011b nen\u00ed p\u016fj\u010dka.<\/p>\n<p>Zde se hod\u00ed p\u0159ipomenout, \u017ee minul\u00e1 finan\u010dn\u00ed inf\u00faze Ukrajin\u011b od EU ve v\u00fd\u0161i\u00a0<a href=\"https:\/\/www.europarl.europa.eu\/news\/cs\/press-room\/20241017IPR24736\/ep-schvalil-pujcku-ukrajine-ve-vysi-az-35-miliard-eur-krytou-ruskymi-aktivy\">35 miliard EUR schv\u00e1len\u00e1 v roce 2024<\/a>\u00a0m\u011bla b\u00fdt uhrazena zisky ze zmrazen\u00e9ho rusk\u00e9ho st\u00e1tn\u00edho majetku. Na to v\u0161ak tak\u00e9 nedo\u0161lo. Tento d\u00e1rek bude tedy muset taky n\u011bkdo zaplatit re\u00e1ln\u00fdmi prost\u0159edky.<\/p>\n<p>Tak\u017ee se letos hledalo, kdo se zaru\u010d\u00ed na p\u016fj\u010dku, aby bylo na v\u00e1le\u010dn\u00fd grant pro Zelensk\u00fdho a \u010desk\u00e1 vl\u00e1da se k tomu odm\u00edtla p\u0159idat, podobn\u011b jako Ma\u010farsko a Slovensko.<\/p>\n<p>Abych byl p\u0159esn\u011bj\u0161\u00ed, \u010desk\u00e1 vl\u00e1da na rozd\u00edl od Ma\u010farska a Slovenska nem\u011bla n\u00e1mitek proti pomoci Ukrajin\u011b, ale nehodlala p\u0159evz\u00edt odpov\u011bdnost za \u201ep\u016fj\u010dku\u201c spr\u00e1vn\u011bji dar, proto\u017ee pot\u0159ebuje pen\u00edze pro vlastn\u00ed ob\u010dany. Celkov\u011b se m\u011bla vl\u00e1da zaru\u010dit necel\u00fdmi 80-90 miliardami K\u010d, a toto \u010d\u00edslo je d\u016fle\u017eit\u00e9. D\u011bl\u00e1 to asi 9000 K\u010d na hlavu.<\/p>\n<p>S postojem vl\u00e1dy se zcela ztoto\u017e\u0148uji. Zase jednou nastal jeden z t\u011bch vz\u00e1cn\u00fdch moment\u016f, kdy jsem se nestyd\u011bl za vl\u00e1du vlastn\u00ed zem\u011b.<\/p>\n<p>Jsem si jist\u00fd, \u017ee to mnoho oby\u010dejn\u00fdch medi\u00e1ln\u011b nev\u00fdrazn\u00fdch ob\u010dan\u016f na\u0161\u00ed zem\u011b c\u00edtilo podobn\u011b. Nelze p\u0159ece ru\u010dit za ciz\u00ed v\u00fddaje na ciz\u00ed v\u00e1lku, kdy\u017e je hospoda\u0159en\u00ed vlastn\u00ed zem\u011b hluboce v deficitu a sm\u011b\u0159uje do rozpo\u010dtov\u00e9ho provizoria pot\u00e9, co odch\u00e1zej\u00edc\u00ed vl\u00e1da nebyla s to ani sestavit pou\u017eiteln\u00fd rozpo\u010det na dal\u0161\u00ed obdob\u00ed. Bylo by p\u0159ece zcela nezodpov\u011bdn\u00e9 p\u0159ijmout takov\u00e9 rozhodnut\u00ed.<\/p>\n<p>Bohu\u017eel \u010desk\u00e1 v\u00e1le\u010dn\u00e1 fronta to nep\u0159ijala dob\u0159e a spustili zase ten kolovr\u00e1tek. Zradili spojence, proto\u017ee necht\u011bj\u00ed dal\u0161\u00ed dluhy, v\u00e1lka je skv\u011bl\u00e1, dluhy jsou skv\u011bl\u00e9, v\u00e1lka na dluh je skv\u011bl\u00e1, Ukrajina \u010del\u00ed rusk\u00e9 agresi, agresi, agresi, Rusko, napadne n\u00e1s, sm\u011b\u0159ujeme na v\u00fdchod a v\u0161echny tyhle kecy.<\/p>\n<p>Nevid\u00edm po\u0159\u00e1d \u017e\u00e1dn\u00fd opravdov\u00fd argument, pro\u010d bych m\u011bl jako da\u0148ov\u00fd poplatn\u00edk akceptovat dal\u0161\u00ed dluhy na devades\u00e1timiliardov\u00fd v\u00e1le\u010dn\u00fd d\u00e1rek Ukrajin\u011b zejm\u00e9na za okolnosti, \u017ee hospoda\u0159en\u00ed na\u0161\u00ed zem\u011b je v probl\u00e9mech a Ukrajina se nedovede vypo\u0159\u00e1dat s probl\u00e9mem syst\u00e9mov\u00e9 korupce.<\/p>\n<p>J\u00e1 osobn\u011b nejsem p\u0159\u00edznivcem jak\u00e9koli v\u00e1lky a t\u00edm m\u00e9n\u011b v\u00e1lky na Ukrajin\u011b. Tak\u00e9 si mysl\u00edm, \u017ee n\u00e1m o n\u00ed ne\u0159\u00edkaj\u00ed pravdu, co\u017e n\u00e1m br\u00e1n\u00ed pochopit jej\u00ed p\u0159\u00ed\u010diny a naj\u00edt pro sebe p\u0159ijateln\u00fd v\u00fdklad.<\/p>\n<p>Jsou lid\u00e9, co to maj\u00ed opa\u010dn\u011b. Mysl\u00ed si, \u017ee podstatu konfliktu dokonale pochopili a maj\u00ed pot\u0159ebu se p\u0159idat na stranu Ukrajiny a podpo\u0159it j\u00ed v jej\u00edm v\u00e1le\u010dn\u00e9m \u00fasil\u00ed. Mysl\u00edm, \u017ee je to legitimn\u00ed. Legitimn\u00ed nen\u00ed, aby si na to cht\u011bli br\u00e1t ciz\u00ed pen\u00edze. Kolik je p\u0159\u00edznivc\u016f dal\u0161\u00ed podpory v\u00e1lky na Ukrajin\u011b, nedovedu odhadnout. Dejme tomu, \u017ee je jich v na\u0161\u00ed zemi 2,45 mili\u00f3nu, co\u017e je po\u010det voli\u010d\u016f prov\u00e1le\u010dn\u00e9ho uskupen\u00ed P\u011btikoalice v minul\u00fdch parlamentn\u00edch volb\u00e1ch.<\/p>\n<p>Pan Luka\u010dovi\u010d pojmenoval to \u0159e\u0161en\u00ed a docela ned\u00e1vno poslal v\u00fdznamnou finan\u010dn\u00ed \u010d\u00e1stku p\u0159es nadaci Dalibora D\u011bdka Nada\u010dn\u00ed fond pro Ukrajinu, kter\u00e1 organizuje iniciativu D\u00e1rek pro Putina. Ta nakupuje zbran\u011b pro Ukrajinu, t\u0159eba drony, plastickou trhavinu nebo raketu, co dolet\u00ed do Moskvy s 1,5 tunami v\u00fdbu\u0161nin.<\/p>\n<p>Mimochodem, u\u017e let\u011bla Dana Dr\u00e1bov\u00e1 na Moskvu? A co tam trefila?<\/p>\n<p>V\u00fdznamn\u00e1 finan\u010dn\u00ed \u010d\u00e1stka byla 100 mili\u00f3n\u016f korun. Pro po\u0159\u00e1dek, pan Luka\u010dovi\u010d je vlastn\u00edkem m\u00e9di\u00ed Seznam Zpr\u00e1vy a Novinky, kter\u00e9 se soustavn\u011b v\u011bnuj\u00ed \u0161\u00ed\u0159en\u00ed liber\u00e1ln\u011b levicov\u00e9, prov\u00e1le\u010dn\u00e9 a proukrajinsk\u00e9 propagandy. Nem\u00e1m mu to za zl\u00e9, na rozd\u00edl od n\u011bkter\u00fdch internetov\u00fdch diskutuj\u00edc\u00edch. Jsou to jeho pen\u00edze, on o nich rozhoduje a v\u00edc ne\u017e o \u010demkoli jin\u00e9m to vypov\u00edd\u00e1 hodn\u011b o panu Luka\u010dovi\u010dovi samotn\u00e9m. V\u0161ichni si nap\u0159\u00edklad r\u00e1di berou do huby PPF a ji\u017e zesnul\u00e9ho zakladatele Kellnera kv\u016fli domn\u011ble amor\u00e1ln\u00edm a pred\u00e1torsk\u00fdm praktik\u00e1m. Nicm\u00e9n\u011b PPF financuje v\u00fdzkum rakoviny a vynakl\u00e1d\u00e1 na na to obrovsk\u00e9 prost\u0159edky. Pan Luka\u010dovi\u010d financuje v\u00e1lku v ciz\u00ed zemi.<\/p>\n<p>Nyn\u00ed je t\u0159eba sehnat 90 miliard K\u010d na ru\u010den\u00ed za v\u00e1le\u010dn\u00fd d\u00e1rek Zelensk\u00fdmu. To je velk\u00e1 r\u00e1na. Ale vid\u00edm \u0159e\u0161en\u00ed!<\/p>\n<p>M\u00e1me zde 2,45 mili\u00f3nu voli\u010d\u016f prov\u00e1le\u010dn\u00fdch politick\u00fdch uskupen\u00ed, tak\u017ee se d\u00e1 p\u0159edpokl\u00e1dat, \u017ee maj\u00ed k v\u00e1lce kladn\u00fd vztah.<\/p>\n<p>To d\u011bl\u00e1 asi 37.000 K\u010d per capita militarem. Chcete ru\u010dit panu Zelensk\u00fdmu za v\u00e1le\u010dn\u00fd grant? Tak ru\u010dte. Nikdo nezak\u00e1zal, abyste si zalo\u017eili n\u011bjak\u00fd fond, vlo\u017eili do n\u011bj majetek a ru\u010dili za p\u016fj\u010dku sami. \u017d\u00e1dn\u00fd strach, dostanete to zp\u00e1tky, a\u017e Rusko prohraje v\u00e1lku a zaplat\u00ed reparace. Nebo a\u017e pan Mindi\u010d prod\u00e1 sv\u016fj zlat\u00fd z\u00e1chod na e-bay.<\/p>\n<p>Je to hodn\u011b pen\u011bz? Ale no tak! Chcete v\u00e1lku? No tak ji m\u011bjte! V\u00e1lka je drah\u00fd \u0161p\u00e1s. Ve\u010fte si ji za sv\u00e9, jako pan Luka\u010dovi\u010d. Odpus\u0165te si dovolenou a zaru\u010dte se za grant na proxy v\u00e1lku panu Zelenskymu.<\/p>\n<p>Jo a zapomn\u011bl jsem. Taky za\u010dn\u011bte \u0161et\u0159it. Za dva roky p\u0159ijde Zelenskyj zase.<\/p>\n<p><span style=\"font-size: 10pt;\"><a href=\"https:\/\/dfens-cz.com\/kde-vzit-penize-na-valecny-darek-pro-pana-zelenskyho\/\">D-FENS<\/a><\/span><\/p>\n<p>&nbsp;<\/p>\n","protected":false},"excerpt":{"rendered":"<p>Byl to ukrutn\u00fd p\u0159edv\u00e1no\u010dn\u00ed shitstorm. Babi\u0161 nep\u0159evzal z\u00e1ruku na v\u00e1le\u010dnou p\u016fj\u010dku, pardon, v\u00e1le\u010dn\u00fd d\u00e1rek Zelensk\u00fdmu&#8230;.<\/p>\n","protected":false},"author":2,"featured_media":13226,"comment_status":"closed","ping_status":"closed","sticky":false,"template":"","format":"standard","meta":[],"categories":[6],"tags":[45,5242,1503,26,40],"_links":{"self":[{"href":"https:\/\/www.infokuryr.cz\/n\/wp-json\/wp\/v2\/posts\/95718"}],"collection":[{"href":"https:\/\/www.infokuryr.cz\/n\/wp-json\/wp\/v2\/posts"}],"about":[{"href":"https:\/\/www.infokuryr.cz\/n\/wp-json\/wp\/v2\/types\/post"}],"author":[{"embeddable":true,"href":"https:\/\/www.infokuryr.cz\/n\/wp-json\/wp\/v2\/users\/2"}],"replies":[{"embeddable":true,"href":"https:\/\/www.infokuryr.cz\/n\/wp-json\/wp\/v2\/comments?post=95718"}],"version-history":[{"count":1,"href":"https:\/\/www.infokuryr.cz\/n\/wp-json\/wp\/v2\/posts\/95718\/revisions"}],"predecessor-version":[{"id":95730,"href":"https:\/\/www.infokuryr.cz\/n\/wp-json\/wp\/v2\/posts\/95718\/revisions\/95730"}],"wp:featuredmedia":[{"embeddable":true,"href":"https:\/\/www.infokuryr.cz\/n\/wp-json\/wp\/v2\/media\/13226"}],"wp:attachment":[{"href":"https:\/\/www.infokuryr.cz\/n\/wp-json\/wp\/v2\/media?parent=95718"}],"wp:term":[{"taxonomy":"category","embeddable":true,"href":"https:\/\/www.infokuryr.cz\/n\/wp-json\/wp\/v2\/categories?post=95718"},{"taxonomy":"post_tag","embeddable":true,"href":"https:\/\/www.infokuryr.cz\/n\/wp-json\/wp\/v2\/tags?post=95718"}],"curies":[{"name":"wp","href":"https:\/\/api.w.org\/{rel}","templated":true}]}}