{"id":95701,"date":"2025-12-31T00:24:16","date_gmt":"2025-12-30T23:24:16","guid":{"rendered":"https:\/\/www.infokuryr.cz\/n\/?p=95701"},"modified":"2025-12-30T13:38:58","modified_gmt":"2025-12-30T12:38:58","slug":"tri-britove-chteli-zavrazdit-stovky-zidu-multikulturalismus-je-stale-viditelnejsi","status":"publish","type":"post","link":"https:\/\/www.infokuryr.cz\/n\/2025\/12\/31\/tri-britove-chteli-zavrazdit-stovky-zidu-multikulturalismus-je-stale-viditelnejsi\/","title":{"rendered":"T\u0159i \u201eBritov\u00e9\u201c cht\u011bli zavra\u017edit stovky \u017did\u016f \u2013 multikulturalismus je st\u00e1le viditeln\u011bj\u0161\u00ed"},"content":{"rendered":"<div id=\"fb-root\"><\/div>\n<p><strong><span dir=\"auto\">Pl\u00e1novali zavra\u017edit stovky \u017did\u016f: Walid Saadaoui (38) a Amar Hussein (52) byli nyn\u00ed shled\u00e1ni vinn\u00fdmi z p\u0159\u00edpravy islamisticky motivovan\u00e9ho teroristick\u00e9ho \u00fatoku na \u017eidovskou komunitu v oblasti Greater Manchester s pou\u017eit\u00edm st\u0159eln\u00fdch zbran\u00ed. Vy\u0161et\u0159ovatel\u00e9 masakru zabr\u00e1nili tajnou operac\u00ed. Pl\u00e1ny zahrnovaly c\u00edlen\u00e9 \u00fatoky na ve\u0159ejn\u00fdch m\u00edstech a jejich c\u00edlem bylo zp\u016fsobit maxim\u00e1ln\u00ed po\u010det ob\u011bt\u00ed. Soud ozna\u010dil \u010din za jeden z nejz\u00e1va\u017en\u011bj\u0161\u00edch zma\u0159en\u00fdch \u00fatok\u016f v ned\u00e1vn\u00e9 britsk\u00e9 historii.<\/span><br \/>\n<\/strong><br \/>\n<span dir=\"auto\">Rozsudek byl vynesen v \u00fater\u00fd 23. prosince 2025 u Korunn\u00edho soudu v Prestonu v severoz\u00e1padn\u00ed Anglii po n\u011bkolikat\u00fddenn\u00edm procesu. Walid Saadaoui, obyvatel Abramu pobl\u00ed\u017e Wiganu, a Amar Hussein, kter\u00fd nem\u00e1 trval\u00e9 bydli\u0161t\u011b, byli shled\u00e1ni vinn\u00fdmi z p\u0159\u00edpravy teroristick\u00fdch \u010din\u016f podle z\u00e1kona o terorismu z roku 2006. T\u0159et\u00ed ob\u017ealovan\u00fd, Bilel Saadaoui (36), Walid\u016fv bratr, byl usv\u011bd\u010den z neposkytnut\u00ed informac\u00ed o pl\u00e1novan\u00fdch teroristick\u00fdch \u010dinech. Odsouzen\u00ed z\u016fstanou ve vazb\u011b; Podle policie a st\u00e1tn\u00edho zastupitelstv\u00ed je vynesen\u00ed rozsudku napl\u00e1nov\u00e1no na 13. \u00fanora 2026.<\/span><\/p>\n<h3 id=\"h-sie-wollten-moglichst-viele-menschen-toten\" class=\"wp-block-heading\"><span dir=\"auto\">Cht\u011bli zab\u00edt co nejv\u00edce lid\u00ed.<\/span><\/h3>\n<p><span dir=\"auto\">Soudn\u00ed proces se t\u00fdkal\u00a0<\/span><strong><span dir=\"auto\">pl\u00e1novan\u00e9ho \u00fatoku, pe\u010dliv\u011b pl\u00e1novan\u00e9ho po dobu n\u011bkolika m\u011bs\u00edc\u016f, kter\u00fd byl podle ob\u017ealoby zam\u011b\u0159en na \u017eidovsk\u00e9 obyvatelstvo a instituce ve Velk\u00e9m Manchesteru<\/span><\/strong><span dir=\"auto\"> . Pachatel\u00e9 \u00fadajn\u011b zva\u017eovali ozbrojen\u00fd \u00fatok na ve\u0159ejn\u00e9m m\u00edst\u011b tak, aby zp\u016fsobil co nejv\u00edce ob\u011bt\u00ed. Po vynesen\u00ed rozsudku britsk\u00e9 \u00fa\u0159ady uvedly, \u017ee pl\u00e1novan\u00fd \u00fatok se mohl st\u00e1t jedn\u00edm z nejsmrteln\u011bj\u0161\u00edch teroristick\u00fdch \u010din\u016f, jak\u00e9 kdy byly na britsk\u00e9 p\u016fd\u011b zaznamen\u00e1ny.<\/span><\/p>\n<p><span dir=\"auto\">Vy\u0161et\u0159ov\u00e1n\u00ed vedla protiteroristick\u00e1 policejn\u00ed jednotka Severoz\u00e1padn\u00ed Anglie a podle policie prob\u00edhalo od konce listopadu 2023. K jeho zah\u00e1jen\u00ed p\u0159isp\u011bly informace t\u00fdkaj\u00edc\u00ed se Saadaouiho online aktivit, kter\u00e9 upoutaly pozornost bezpe\u010dnostn\u00edch org\u00e1n\u016f. Operace byla nazv\u00e1na \u201eOperace Catogenic\u201c a policie ji popsala jako obzvl\u00e1\u0161t\u011b rozs\u00e1hlou a slo\u017eitou tajnou protiteroristickou operaci na severoz\u00e1pad\u011b zem\u011b.<\/span><\/p>\n<h3 id=\"h-verdeckter-ermittler-gab-sich-als-islamist-aus\" class=\"wp-block-heading\"><span dir=\"auto\">Vy\u0161et\u0159ovatel v utajen\u00ed se vyd\u00e1val za islamistu<\/span><\/h3>\n<p><span dir=\"auto\">\u00dast\u0159edn\u00ed roli v ma\u0159en\u00ed pl\u00e1nu sehr\u00e1l tajn\u00fd vy\u0161et\u0159ovatel, v \u0159\u00edzen\u00ed ozna\u010dovan\u00fd kryc\u00edm jm\u00e9nem \u201eFarouk\u201c. Podle policie a soudu se Saadaoui domn\u00edval, \u017ee komunikuje s podobn\u011b sm\u00fd\u0161lej\u00edc\u00ed osobou, kter\u00e1 by mu mohla pomoci se zaji\u0161t\u011bn\u00edm zbran\u00ed. Ve skute\u010dnosti se kontakty vyvinuly v kontrolovan\u00e9 vy\u0161et\u0159ov\u00e1n\u00ed, v n\u011bm\u017e \u00fa\u0159ady dokumentovaly komunikaci a p\u0159\u00edpravy po del\u0161\u00ed dobu.<\/span><\/p>\n<p><span dir=\"auto\">K zat\u010den\u00ed do\u0161lo v kv\u011btnu 2024, dlouho p\u0159ed soudn\u00edm procesem a vynesen\u00edm rozsudku. Podle policie byl Saadaoui zat\u010den na sch\u016fzce na parkovi\u0161ti, kde m\u011bla prob\u011bhnout v\u00fdm\u011bna zbran\u00ed. Vy\u0161et\u0159ovatel\u00e9 si pro tuto \u201ev\u00fdm\u011bnu\u201c p\u0159inesli nefunk\u010dn\u00ed zbran\u011b, kter\u00e9 obhajoba z\u0159ejm\u011b zam\u00fd\u0161lela pou\u017e\u00edt jako poleh\u010duj\u00edc\u00ed okolnost. Ob\u017ealoba v\u0161ak tvrdila, \u017ee \u00famysl sp\u00e1chat trestn\u00fd \u010din byl prok\u00e1z\u00e1n pl\u00e1nov\u00e1n\u00edm, komunikac\u00ed a jedn\u00e1n\u00edm.<\/span><\/p>\n<p><span dir=\"auto\">B\u011bhem soudn\u00edho procesu vy\u0161ly najevo podrobnosti, kter\u00e9 podle ob\u017ealoby podporovaly z\u00e1va\u017enost pl\u00e1nu. Podle t\u011bchto podrobnost\u00ed Saadaoui vyb\u00edral pen\u00edze po del\u0161\u00ed dobu a podnikal organiza\u010dn\u00ed kroky, kter\u00e9 dohromady p\u0159edstavovaly p\u0159\u00edpravu na trestn\u00fd \u010din. Vy\u0161et\u0159ovatel\u00e9 d\u00e1le \u00fadajn\u011b pozorovali cesty a pr\u016fzkumn\u00e9 \u010dinnosti, jejich\u017e c\u00edlem bylo tak\u00e9 prozkoumat mo\u017enosti z\u00edsk\u00e1n\u00ed a potenci\u00e1ln\u00edho dovozu zbran\u00ed.<\/span><\/p>\n<h3 id=\"h-mordabsicht-im-namen-des-islamischen-staates\" class=\"wp-block-heading\"><span dir=\"auto\">Vra\u017eedn\u00fd \u00famysl ve jm\u00e9nu Isl\u00e1msk\u00e9ho st\u00e1tu<\/span><\/h3>\n<p><span dir=\"auto\">Soudn\u00ed proces p\u0159edstavil jako ideologick\u00fd z\u00e1klad \u00fatoku spojen\u00ed s propagandou a n\u00e1silnou ideologi\u00ed tzv. \u201eIsl\u00e1msk\u00e9ho st\u00e1tu\u201c. Agentura Reuters uvedla, \u017ee Saadaoui svou vizi v\u00fdslovn\u011b zalo\u017eil na pa\u0159\u00ed\u017esk\u00fdch \u00fatoc\u00edch v roce 2015 a jin\u00e9 metody odm\u00edtl jako nedostate\u010dn\u00e9. Britsk\u00e9 zpr\u00e1vy rovn\u011b\u017e nazna\u010duj\u00ed, \u017ee pachatel\u00e9 zva\u017eovali rozs\u00e1hl\u00fd st\u0159eleck\u00fd \u00fatok a akceptovali civiln\u00ed ob\u011bti i mimo bezprost\u0159edn\u00ed c\u00edlovou oblast. Je t\u0159eba zde tak\u00e9 poznamenat, \u017ee \u201eIsl\u00e1msk\u00fd st\u00e1t\u201c nen\u00ed sdru\u017een\u00ed, ke kter\u00e9mu se lze p\u0159ipojit \u2013 ale sp\u00ed\u0161e mezin\u00e1rodn\u00ed teroristick\u00e1 organizace islamismu, jej\u00edm\u017e kone\u010dn\u00fdm c\u00edlem je ovl\u00e1dnut\u00ed sv\u011bta.<\/span><\/p>\n<p><span dir=\"auto\">Bilel Saadaoui nebyl usv\u011bd\u010den z p\u0159\u00edpravy \u00fatoku, ale z jeho neproveden\u00ed. Podle vy\u0161et\u0159ovatel\u016f se Walid Saadaoui s pl\u00e1ny sv\u011b\u0159il sv\u00e9mu bratrovi. Soud shledal prok\u00e1zan\u00fdm, \u017ee Bilel Saadaoui o pl\u00e1novan\u00e9m \u00fatoku v\u011bd\u011bl, ale tuto informaci \u00fa\u0159ad\u016fm nep\u0159edal.<\/span><\/p>\n<h3 id=\"h-tater-waren-briten\" class=\"wp-block-heading\"><span dir=\"auto\">\u201ePachatel\u00e9 byli Britov\u00e9\u201c<\/span><\/h3>\n<p><span dir=\"auto\">V anglicky psan\u00fdch zpr\u00e1v\u00e1ch bylo pozoruhodn\u00e9, \u017ee \u010detn\u00e1 m\u00e9dia popisovala Saadaouiho a Husseina jako \u201ebritsk\u00e9 mu\u017ee\u201c nebo britsk\u00e9 ob\u010dany. Agentura Reuters a n\u011bkolik britsk\u00fdch redakc\u00ed ve sv\u00fdch zpr\u00e1v\u00e1ch zd\u016fraz\u0148ovaly jejich britsk\u00fd status a toto zobrazen\u00ed \u00fazce spojovaly se soudn\u00edmi a policejn\u00edmi zdroji. Ka\u017ed\u00fd, kdo m\u00e1 o\u010di, v\u0161ak vid\u00ed, \u017ee se nejedn\u00e1 o rodil\u00e9 Brity, ale sp\u00ed\u0161e o vrahy dovezen\u00e9 z arabsk\u00e9ho sv\u011bta. P\u0159esto se v mainstreamov\u00fdch m\u00e9di\u00edch sotva kdo odv\u00e1\u017e\u00ed tuto pravdu otev\u0159en\u011b \u0159\u00edci. Brat\u0159i Saadaouiov\u00e9 jsou ve skute\u010dnosti Tunisan\u00e9, zat\u00edmco p\u016fvod Husseina, kter\u00fd se nenarodil v Brit\u00e1nii, je nad\u00e1le zast\u00edr\u00e1n.<\/span><\/p>\n<p><span dir=\"auto\">Po vynesen\u00ed rozsudku Korunn\u00ed\u00a0<\/span><a href=\"https:\/\/www.cps.gov.uk\/north-west\/news\/terrorists-convicted-over-plot-targeting-jewish-communities\" target=\"_blank\" rel=\"noreferrer noopener\"><span dir=\"auto\">prokuratura<\/span><\/a><span dir=\"auto\">\u00a0uvedla, \u017ee \u00fatok byl zam\u011b\u0159en na \u201estovky\u201c potenci\u00e1ln\u00edch ob\u011bt\u00ed a byl proveden jako operace inspirovan\u00e1 IS. Policie Velk\u00e9ho Manchesteru po vynesen\u00ed rozsudku zd\u016fraznila, \u017ee tajn\u00fd p\u0159\u00edstup byl kl\u00ed\u010dov\u00fd pro v\u010dasn\u00e9 zastaven\u00ed hrozby a zabr\u00e1n\u011bn\u00ed skute\u010dn\u00fdm ob\u011btem. Mo\u017enost hromadn\u00e9 deportace islamist\u016f nen\u00ed v Brit\u00e1nii, kter\u00e1 v sou\u010dasnosti p\u0159ipom\u00edn\u00e1 socialistickou diktaturu, p\u0159edm\u011btem diskuse. Neomezen\u00e1 masov\u00e1 imigrace za \u00fa\u010delem dosa\u017een\u00ed v\u00fdm\u011bny obyvatelstva je z\u00e1kladn\u00edm kamenem socialismu.<\/span><\/p>\n<p><img decoding=\"async\" loading=\"lazy\" class=\"alignnone size-full wp-image-1185\" src=\"http:\/\/www.infokuryr.cz\/n\/wp-content\/uploads\/2021\/04\/kuryr-podpis.png\" alt=\"\" width=\"84\" height=\"24\" \/><\/p>\n<p>&nbsp;<\/p>\n","protected":false},"excerpt":{"rendered":"<p>Pl\u00e1novali zavra\u017edit stovky \u017did\u016f: Walid Saadaoui (38) a Amar Hussein (52) byli nyn\u00ed shled\u00e1ni vinn\u00fdmi&#8230;<\/p>\n","protected":false},"author":2,"featured_media":95702,"comment_status":"closed","ping_status":"closed","sticky":false,"template":"","format":"standard","meta":[],"categories":[7],"tags":[2184,1505,1205,92],"_links":{"self":[{"href":"https:\/\/www.infokuryr.cz\/n\/wp-json\/wp\/v2\/posts\/95701"}],"collection":[{"href":"https:\/\/www.infokuryr.cz\/n\/wp-json\/wp\/v2\/posts"}],"about":[{"href":"https:\/\/www.infokuryr.cz\/n\/wp-json\/wp\/v2\/types\/post"}],"author":[{"embeddable":true,"href":"https:\/\/www.infokuryr.cz\/n\/wp-json\/wp\/v2\/users\/2"}],"replies":[{"embeddable":true,"href":"https:\/\/www.infokuryr.cz\/n\/wp-json\/wp\/v2\/comments?post=95701"}],"version-history":[{"count":0,"href":"https:\/\/www.infokuryr.cz\/n\/wp-json\/wp\/v2\/posts\/95701\/revisions"}],"wp:featuredmedia":[{"embeddable":true,"href":"https:\/\/www.infokuryr.cz\/n\/wp-json\/wp\/v2\/media\/95702"}],"wp:attachment":[{"href":"https:\/\/www.infokuryr.cz\/n\/wp-json\/wp\/v2\/media?parent=95701"}],"wp:term":[{"taxonomy":"category","embeddable":true,"href":"https:\/\/www.infokuryr.cz\/n\/wp-json\/wp\/v2\/categories?post=95701"},{"taxonomy":"post_tag","embeddable":true,"href":"https:\/\/www.infokuryr.cz\/n\/wp-json\/wp\/v2\/tags?post=95701"}],"curies":[{"name":"wp","href":"https:\/\/api.w.org\/{rel}","templated":true}]}}