{"id":95699,"date":"2025-12-31T00:23:56","date_gmt":"2025-12-30T23:23:56","guid":{"rendered":"https:\/\/www.infokuryr.cz\/n\/?p=95699"},"modified":"2025-12-30T13:35:45","modified_gmt":"2025-12-30T12:35:45","slug":"za-zavrenymi-dvermi-jak-se-nemocnice-pripravuji-na-valku","status":"publish","type":"post","link":"https:\/\/www.infokuryr.cz\/n\/2025\/12\/31\/za-zavrenymi-dvermi-jak-se-nemocnice-pripravuji-na-valku\/","title":{"rendered":"Za zav\u0159en\u00fdmi dve\u0159mi: Jak se nemocnice p\u0159ipravuj\u00ed na v\u00e1lku"},"content":{"rendered":"<div id=\"fb-root\"><\/div>\n<p><strong><span dir=\"auto\">N\u011bmeck\u00e9 nemocnice maj\u00ed i za norm\u00e1ln\u00edch okolnost\u00ed pravideln\u011b nedostatek person\u00e1lu a jsou p\u0159et\u00ed\u017een\u00e9. Navzdory tomu se maj\u00ed p\u0159ipravovat na v\u00e1lku: m\u00edsto zlep\u0161ov\u00e1n\u00ed zdravotn\u00ed p\u00e9\u010de obyvatelstva se maj\u00ed miliardy investovat do militarizace. Blaho suver\u00e9nn\u00edho lidu v N\u011bmecku zjevn\u011b ji\u017e nen\u00ed prioritou.<\/span><\/strong><\/p>\n<p><span dir=\"auto\">Frankfurter\u00a0<\/span><a href=\"https:\/\/www.fr.de\/wirtschaft\/krankenhaeuser-sollen-kriegstauglich-werden-beschaeftigte-protestieren-94100383.html?fbclid=IwdGRjcAO_PUdjbGNrA789RWV4dG4DYWVtAjExAHNydGMGYXBwX2lkDDM1MDY4NTUzMTcyOAABHgi6GwKtGMF8-OsCoMFkHgocgdB_P3MA4KaJBJwpmu6DFpV1ATFvyGjbORl8_aem_L3PTbR4B0i4kxfhA4tx0pQ\" target=\"_blank\" rel=\"noreferrer noopener\"><span dir=\"auto\">Rundschau<\/span><\/a><span dir=\"auto\"> ned\u00e1vno otiskl osv\u011b\u017euj\u00edc\u00ed kritick\u00fd hostuj\u00edc\u00ed \u010dl\u00e1nek odsuzuj\u00edc\u00ed \u0161\u00edlenstv\u00ed militarizace n\u011bmeck\u00fdch nemocnic. Autorkou je Julia-Christina Stangeov\u00e1, poslankyn\u011b parlamentu za Levicovou stranu.<\/span><\/p>\n<p><span dir=\"auto\">\u201eU\u017e n\u011bjakou dobu se za zav\u0159en\u00fdmi dve\u0159mi v kas\u00e1rn\u00e1ch a nemocnic\u00edch konaj\u00ed sympozia a panelov\u00e9 diskuse, kde z\u00e1stupci n\u011bmeck\u00fdch ozbrojen\u00fdch sil a z\u00e1stupci civiln\u00edch zdravotnick\u00fdch sdru\u017een\u00ed diskutuj\u00ed o tom, jak by na\u0161e zdravotnick\u00e1 za\u0159\u00edzen\u00ed m\u011bla b\u00fdt p\u0159ipravena na v\u00e1lku \u2013 \u010dasto eufemisticky ozna\u010dov\u00e1na jako \u201aodoln\u00e1\u2018,\u201c kritizuje Stangeov\u00e1 ve sv\u00e9m \u010dl\u00e1nku. Odkazuje na \u201er\u00e1mcov\u00fd pl\u00e1n civiln\u00ed obrany v oblasti berl\u00ednsk\u00fdch nemocnic\u201c a varuje, co tato \u201eodolnost\u201c obn\u00e1\u0161\u00ed:\u00a0<\/span><strong><span dir=\"auto\">\u201enap\u0159\u00edklad preferen\u010dn\u00ed zach\u00e1zen\u00ed s vojensk\u00fdm person\u00e1lem p\u0159ed civiln\u00edmi pacienty nebo \u0159e\u0161en\u00ed \u201aru\u0161iv\u00fdch faktor\u016f\u2018, jako jsou akutn\u011b nemocn\u00ed civilist\u00e9 na pohotovostech, aby se zajistila kapacita pro vojensk\u00fd person\u00e1l.\u201c<\/span><\/strong><\/p>\n<p><span dir=\"auto\">Pr\u016fm\u011brn\u00fd pacient jako \u201eru\u0161iv\u00fd faktor\u201c? To odpov\u00edd\u00e1 obrazu. Pl\u00e1ny byly ve skute\u010dnosti ji\u017e d\u0159\u00edve ost\u0159e kritizov\u00e1ny v den\u00edku\u00a0<\/span><a href=\"https:\/\/www.berliner-zeitung.de\/politik-gesellschaft\/geopolitik\/berlin-krankenhaeuser-kriegstuechtig-li.2352391\" target=\"_blank\" rel=\"noreferrer noopener\"><span dir=\"auto\">Berliner Zeitung<\/span><\/a><span dir=\"auto\"> . Na z\u00e1klad\u011b dotaz\u016f politika BWS Alexandra Kinga se diskutovalo o obrovsk\u00e9m po\u010dtu p\u0159edpokl\u00e1dan\u00fdch ob\u011bt\u00ed v p\u0159\u00edpad\u011b v\u00e1lky: V p\u0159\u00edpad\u011b \u00fatoku aliance NATO o\u010dek\u00e1v\u00e1 v cel\u00e9 zemi v\u00edce ne\u017e 1 000 ob\u011bt\u00ed denn\u011b. \u201eV N\u011bmecku je pl\u00e1nov\u00e1no celkem deset \u201ap\u0159estupn\u00edch m\u00edst pro pacienty\u2018, co\u017e pro Berl\u00edn znamen\u00e1 \u201aa\u017e 100 ob\u011bt\u00ed denn\u011b\u2018. Ti maj\u00ed b\u00fdt o\u0161et\u0159eni v m\u00edstn\u00edch nemocnic\u00edch \u2013 nav\u00edc k ji\u017e tak vysok\u00e9mu po\u010dtu pacient\u016f,\u201c uv\u00e1d\u00ed se v \u010dl\u00e1nku. To je samoz\u0159ejm\u011b nemo\u017en\u00e9. Dok\u00e1\u017eete si p\u0159edstavit, kdo bude trp\u011bt.<\/span><\/p>\n<p><span dir=\"auto\">Kingovo vy\u0161et\u0159ov\u00e1n\u00ed se konkr\u00e9tn\u011b zam\u011b\u0159ilo na probl\u00e9my, kter\u00e9 ji\u017e tr\u00e1p\u00ed berl\u00ednsk\u00e9 nemocnice. Sen\u00e1t shodn\u011b nem\u011bl k dispozici \u017e\u00e1dn\u00e9 \u00fadaje o zna\u010dn\u00e9m mno\u017estv\u00ed nevy\u0159\u00edzen\u00fdch nezbytn\u00fdch rekonstrukc\u00ed v nemocnic\u00edch. V podstat\u011b to znamen\u00e1, \u017ee z\u00e1va\u017en\u00e9 nedostatky n\u011bmeck\u00e9ho syst\u00e9mu zdravotn\u00ed p\u00e9\u010de, kter\u00e9 postihuj\u00ed samotn\u00e9 n\u011bmeck\u00e9 ob\u010dany, politiky neznepokojuj\u00ed. V p\u0159\u00edpad\u011b v\u00e1lky by v\u0161ak ochotn\u011b vy\u010dlenili finan\u010dn\u00ed prost\u0159edky na militarizaci: na tento \u00fa\u010del se po\u017eaduj\u00ed miliardy.<\/span><\/p>\n<p><span dir=\"auto\">Nic hrozn\u00e9ho, \u200b\u200bby si n\u011bkdo mohl myslet. Obch\u00e1zen\u00edm dluhov\u00e9 brzdy a vytv\u00e1\u0159en\u00edm zvl\u00e1\u0161tn\u00edho dluhu si Merzova vl\u00e1da v podstat\u011b vymyslela podvod s nekone\u010dn\u00fdmi pen\u011bzi, kter\u00fd slou\u017e\u00ed v\u00fdhradn\u011b k podn\u011bcov\u00e1n\u00ed v\u00e1le\u010dn\u00e9ho \u0161tv\u00e1n\u00ed a militarizace, nikoli voli\u010d\u016f a da\u0148ov\u00fdch poplatn\u00edk\u016f. S d\u016fsledky se mus\u00ed vypo\u0159\u00e1dat oni, proto\u017ee Merzova vl\u00e1da funguje na principu \u201epo n\u00e1s potopa\u201c. Tato v\u00e1le\u010dn\u00e1 a militariza\u010dn\u00ed m\u00e1nie na \u00fakor blahobytu ob\u010dan\u016f je naprosto nelidsk\u00e1 \u2013 n\u011bco, co zjevn\u011b nemohou ignorovat ani levicov\u00ed politici.<\/span><\/p>\n<h3 id=\"h-niemand-fragt-den-souveran\" class=\"wp-block-heading\"><span dir=\"auto\">Nikdo se nept\u00e1 panovn\u00edka<\/span><\/h3>\n<p><span dir=\"auto\">Ve sv\u00e9m hostuj\u00edc\u00edm \u010dl\u00e1nku ve Frankfurter Rundschau Stangeov\u00e1 poukazuje na ignorovan\u00fd odpor zdravotnick\u00e9ho person\u00e1lu. Ti jsou nepochybn\u011b op\u011bt degradov\u00e1ni na pouh\u00e9 loutky syst\u00e9mu \u2013 stejn\u011b jako tomu bylo b\u011bhem pandemie COVID-19, kdy je povinn\u00e9 o\u010dkov\u00e1n\u00ed d\u00e1le zbavilo pr\u00e1v. Ka\u017ed\u00fd, kdo chce lidem pom\u00e1hat, je degradov\u00e1n na v\u00e1le\u010dn\u00fd materi\u00e1l \u2013 pouh\u00e9 figurky na hrac\u00ed desce, kritizuje Stangeov\u00e1. D\u00e1le p\u00ed\u0161e, \u017ee vznik\u00e1 podez\u0159en\u00ed, \u017ee ve\u0159ejn\u00e1 debata o tomto znepokojiv\u00e9m v\u00fdvoji je z\u00e1m\u011brn\u011b potla\u010dov\u00e1na, proto\u017ee ti, kter\u00fdch se to t\u00fdk\u00e1, nejsou sly\u0161et. To nen\u00ed p\u0159ekvapiv\u00e9:\u00a0<\/span><strong><span dir=\"auto\">kdyby ve\u0159ejn\u00e1 debata prob\u011bhla, rychle by se uk\u00e1zalo, \u017ee lid\u00e9 tomuto v\u00e1le\u010dn\u00e9mu \u0161tv\u00e1n\u00ed \u0159\u00edkaj\u00ed ne.<\/span><\/strong><\/p>\n<p><span dir=\"auto\">N\u011bmecko, a zejm\u00e9na Berl\u00edn, m\u011blo podle pl\u00e1n\u016f hr\u00e1t ve t\u0159et\u00ed sv\u011btov\u00e9 v\u00e1lce zvl\u00e1\u0161tn\u00ed roli:<\/span><\/p>\n<p><em><span dir=\"auto\">Podle r\u00e1mcov\u00e9ho pl\u00e1nu se m\u00e1 Berl\u00edn v p\u0159\u00edpad\u011b v\u00e1lky st\u00e1t \u201ecentrem materi\u00e1l\u016f a person\u00e1lu do bojov\u00fdch z\u00f3n na v\u00fdchodn\u00edm k\u0159\u00eddle\u201c. Tato formulace \u010din\u00ed mo\u017enost v\u00e1lky m\u00e9n\u011b vzd\u00e1lenou hypotetickou sc\u00e9n\u00e1\u0159\u00ed. Hlavn\u00ed m\u011bsto by se tak stalo logistick\u00fdm nervov\u00fdm centrem potenci\u00e1ln\u00ed v\u00e1lky s Ruskem \u2013 se v\u0161emi d\u016fsledky pro bezpe\u010dnost m\u011bsta a jeho obyvatel.<\/span><\/em><\/p>\n<p><em><cite><span dir=\"auto\">Zdroj:\u00a0<\/span><a href=\"https:\/\/www.berliner-zeitung.de\/politik-gesellschaft\/geopolitik\/berlin-krankenhaeuser-kriegstuechtig-li.2352391\" target=\"_blank\" rel=\"noreferrer noopener\"><span dir=\"auto\">Berliner Zeitung<\/span><\/a><\/cite><\/em><\/p>\n<p><span dir=\"auto\">Podstata v\u011bci je, \u017ee se lid\u00ed nikdo nept\u00e1. Ve v\u00e1le\u010dn\u00fdch hr\u00e1ch u\u017e analyzuj\u00ed, jak by m\u011bl b\u00fdt syst\u00e9m p\u0159ipraven na v\u0161eobecn\u00e9 masakrov\u00e1n\u00ed, na kter\u00e9m tak piln\u011b pracuj\u00ed. Chce to populace? Koho to zaj\u00edm\u00e1? Jen mus\u00ed b\u00fdt p\u0159ipraveni na v\u00e1lku \u2013 a jinak pros\u00edm ml\u010dte. Jsou dokumenty, jako je ten n\u00e1sleduj\u00edc\u00ed, \u0161iroce zve\u0159ej\u0148ov\u00e1ny, aby se ti, kte\u0159\u00ed budou v d\u016fsledku t\u011bchto pl\u00e1n\u016f trp\u011bt, mohli rozhodnout, zda s nimi souhlas\u00ed, \u010di nikoli?<\/span><\/p>\n<figure class=\"wp-block-image size-full\"><img decoding=\"async\" loading=\"lazy\" class=\"wp-image-160390 aligncenter\" src=\"https:\/\/report24.news\/wp-content\/uploads\/2025\/12\/Bildschirmfoto-2025-12-29-um-15.05.03.png\" sizes=\"(max-width: 1960px) 100vw, 1960px\" srcset=\"https:\/\/report24.news\/wp-content\/uploads\/2025\/12\/Bildschirmfoto-2025-12-29-um-15.05.03.png 1960w, https:\/\/report24.news\/wp-content\/uploads\/2025\/12\/Bildschirmfoto-2025-12-29-um-15.05.03-768x190.png 768w, https:\/\/report24.news\/wp-content\/uploads\/2025\/12\/Bildschirmfoto-2025-12-29-um-15.05.03-1536x381.png 1536w, https:\/\/report24.news\/wp-content\/uploads\/2025\/12\/Bildschirmfoto-2025-12-29-um-15.05.03-600x149.png 600w\" alt=\"\" width=\"859\" height=\"213\" \/><figcaption class=\"wp-element-caption\"><em><span dir=\"auto\">V\u00e1le\u010dn\u00e1 p\u0159ipravenost na v\u0161ech \u00farovn\u00edch: Ka\u017ed\u00fd by si m\u011bl osvojit \u201emy\u0161len\u00ed tot\u00e1ln\u00ed obrany\u201c. Zdroj:\u00a0<\/span><a href=\"https:\/\/www.bundeswehr.de\/resource\/blob\/6001406\/badda37108b51bf7c8ee191c391ce0b2\/bericht-symposium-gesundheitsversorgung-in-der-landesverteidigung-data.pdf?referrer=grok.com\" target=\"_blank\" rel=\"noreferrer noopener\"><span dir=\"auto\">bundeswehr.de<\/span><\/a><\/em><\/figcaption><\/figure>\n<p><span dir=\"auto\">Tento dokument n\u011bmeck\u00fdch ozbrojen\u00fdch sil na t\u00e9ma \u201eZdravotn\u00ed p\u00e9\u010de v r\u00e1mci n\u00e1rodn\u00ed obrany\u201c ji\u017e nazna\u010duje, \u017ee n\u011bmeck\u00fd syst\u00e9m zdravotnictv\u00ed, kter\u00fd byl ochromen rozpo\u010dtov\u00fdmi \u0161krty, by m\u011bl samoz\u0159ejm\u011b tak\u00e9 p\u0159ij\u00edmat a pe\u010dovat o v\u00e1le\u010dn\u00e9 uprchl\u00edky z cel\u00e9ho sv\u011bta \u2013 k tomu by bezpodm\u00edne\u010dn\u011b musely b\u00fdt vytvo\u0159eny p\u0159edpisy.<\/span><\/p>\n<figure class=\"wp-block-image size-full\"><img decoding=\"async\" loading=\"lazy\" class=\"wp-image-160391 aligncenter\" src=\"https:\/\/report24.news\/wp-content\/uploads\/2025\/12\/Bildschirmfoto-2025-12-29-um-15.03.53.png\" sizes=\"(max-width: 1952px) 100vw, 1952px\" srcset=\"https:\/\/report24.news\/wp-content\/uploads\/2025\/12\/Bildschirmfoto-2025-12-29-um-15.03.53.png 1952w, https:\/\/report24.news\/wp-content\/uploads\/2025\/12\/Bildschirmfoto-2025-12-29-um-15.03.53-768x163.png 768w, https:\/\/report24.news\/wp-content\/uploads\/2025\/12\/Bildschirmfoto-2025-12-29-um-15.03.53-1536x326.png 1536w, https:\/\/report24.news\/wp-content\/uploads\/2025\/12\/Bildschirmfoto-2025-12-29-um-15.03.53-600x127.png 600w\" alt=\"\" width=\"881\" height=\"187\" \/><\/figure>\n<figure class=\"wp-block-image size-full\"><img decoding=\"async\" loading=\"lazy\" class=\"wp-image-160395 aligncenter\" src=\"https:\/\/report24.news\/wp-content\/uploads\/2025\/12\/Bildschirmfoto-2025-12-29-um-15.22.33.png\" sizes=\"(max-width: 2208px) 100vw, 2208px\" srcset=\"https:\/\/report24.news\/wp-content\/uploads\/2025\/12\/Bildschirmfoto-2025-12-29-um-15.22.33.png 2208w, https:\/\/report24.news\/wp-content\/uploads\/2025\/12\/Bildschirmfoto-2025-12-29-um-15.22.33-768x303.png 768w, https:\/\/report24.news\/wp-content\/uploads\/2025\/12\/Bildschirmfoto-2025-12-29-um-15.22.33-1536x605.png 1536w, https:\/\/report24.news\/wp-content\/uploads\/2025\/12\/Bildschirmfoto-2025-12-29-um-15.22.33-2048x807.png 2048w, https:\/\/report24.news\/wp-content\/uploads\/2025\/12\/Bildschirmfoto-2025-12-29-um-15.22.33-600x236.png 600w\" alt=\"\" width=\"867\" height=\"342\" \/><figcaption class=\"wp-element-caption\"><em><span dir=\"auto\">Zat\u00edmco pracuj\u00edc\u00ed N\u011bmci plat\u00ed p\u0159emr\u0161t\u011bn\u00e9 odvody na zdravotn\u00ed poji\u0161t\u011bn\u00ed, jejich l\u00e9ka\u0159sk\u00e9 o\u0161et\u0159en\u00ed by t\u00e9m\u011b\u0159 jist\u011b bylo pova\u017eov\u00e1no za \u201evoliteln\u00e9\u201c, a proto by v p\u0159\u00edpad\u011b nouze bylo irelevantn\u00ed. Zdroj:\u00a0<\/span><a href=\"https:\/\/www.bundeswehr.de\/resource\/blob\/6001406\/badda37108b51bf7c8ee191c391ce0b2\/bericht-symposium-gesundheitsversorgung-in-der-landesverteidigung-data.pdf?referrer=grok.com\" target=\"_blank\" rel=\"noreferrer noopener\"><span dir=\"auto\">bundeswehr.de<\/span><\/a><\/em><\/figcaption><\/figure>\n<p><span dir=\"auto\">Vn\u00edm\u00e1te by\u0165 jen n\u00e1znak obav o blaho lid\u00ed tady? Naopak je naprosto z\u0159ejm\u00e9, \u017ee ti, kte\u0159\u00ed jsou na v\u0161ech \u00farovn\u00edch u moci, si pln\u011b uv\u011bdomuj\u00ed d\u016fsledky v\u00e1le\u010dn\u00e9ho \u0161tv\u00e1n\u00ed pro obyvatele t\u00e9to zem\u011b \u2013 a p\u0159esto st\u00e1le pracuj\u00ed na tom, aby sv\u00e9 v\u00e1le\u010dn\u00e9 hry prom\u011bnili ve skute\u010dnost. Je toto \u201ena\u0161e demokracie\u201c?<\/span><\/p>\n<p><img decoding=\"async\" loading=\"lazy\" class=\"alignnone size-full wp-image-1185\" src=\"http:\/\/www.infokuryr.cz\/n\/wp-content\/uploads\/2021\/04\/kuryr-podpis.png\" alt=\"\" width=\"84\" height=\"24\" \/><\/p>\n<p>&nbsp;<\/p>\n","protected":false},"excerpt":{"rendered":"<p>N\u011bmeck\u00e9 nemocnice maj\u00ed i za norm\u00e1ln\u00edch okolnost\u00ed pravideln\u011b nedostatek person\u00e1lu a jsou p\u0159et\u00ed\u017een\u00e9. Navzdory tomu&#8230;<\/p>\n","protected":false},"author":2,"featured_media":95700,"comment_status":"closed","ping_status":"closed","sticky":false,"template":"","format":"standard","meta":[],"categories":[7],"tags":[84,1083,3769,40],"_links":{"self":[{"href":"https:\/\/www.infokuryr.cz\/n\/wp-json\/wp\/v2\/posts\/95699"}],"collection":[{"href":"https:\/\/www.infokuryr.cz\/n\/wp-json\/wp\/v2\/posts"}],"about":[{"href":"https:\/\/www.infokuryr.cz\/n\/wp-json\/wp\/v2\/types\/post"}],"author":[{"embeddable":true,"href":"https:\/\/www.infokuryr.cz\/n\/wp-json\/wp\/v2\/users\/2"}],"replies":[{"embeddable":true,"href":"https:\/\/www.infokuryr.cz\/n\/wp-json\/wp\/v2\/comments?post=95699"}],"version-history":[{"count":0,"href":"https:\/\/www.infokuryr.cz\/n\/wp-json\/wp\/v2\/posts\/95699\/revisions"}],"wp:featuredmedia":[{"embeddable":true,"href":"https:\/\/www.infokuryr.cz\/n\/wp-json\/wp\/v2\/media\/95700"}],"wp:attachment":[{"href":"https:\/\/www.infokuryr.cz\/n\/wp-json\/wp\/v2\/media?parent=95699"}],"wp:term":[{"taxonomy":"category","embeddable":true,"href":"https:\/\/www.infokuryr.cz\/n\/wp-json\/wp\/v2\/categories?post=95699"},{"taxonomy":"post_tag","embeddable":true,"href":"https:\/\/www.infokuryr.cz\/n\/wp-json\/wp\/v2\/tags?post=95699"}],"curies":[{"name":"wp","href":"https:\/\/api.w.org\/{rel}","templated":true}]}}