{"id":95695,"date":"2025-12-31T00:21:21","date_gmt":"2025-12-30T23:21:21","guid":{"rendered":"https:\/\/www.infokuryr.cz\/n\/?p=95695"},"modified":"2025-12-30T13:31:09","modified_gmt":"2025-12-30T12:31:09","slug":"zadna-charita-nelegalni-masova-migrace-je-obchodnim-modelem-zavedenych-cirkvi","status":"publish","type":"post","link":"https:\/\/www.infokuryr.cz\/n\/2025\/12\/31\/zadna-charita-nelegalni-masova-migrace-je-obchodnim-modelem-zavedenych-cirkvi\/","title":{"rendered":"\u017d\u00e1dn\u00e1 charita: Neleg\u00e1ln\u00ed masov\u00e1 migrace je obchodn\u00edm modelem zaveden\u00fdch c\u00edrkv\u00ed"},"content":{"rendered":"<div id=\"fb-root\"><\/div>\n<p><strong><span dir=\"auto\">K\u0159es\u0165ansk\u00e1 charita jako hlavn\u00ed motiv\u00e1tor: Takto prezentuj\u00ed levicov\u011b sm\u00fd\u0161lej\u00edc\u00ed, etablovan\u00e9 c\u00edrkve sv\u016fj \u201ez\u00e1vazek\u201c k neleg\u00e1ln\u00ed masov\u00e9 migraci. Ve skute\u010dnosti jde pravd\u011bpodobn\u011b sp\u00ed\u0161e o zaji\u0161t\u011bn\u00ed vlastn\u00edch finan\u010dn\u00edch tok\u016f (samoz\u0159ejm\u011b na \u00fakor da\u0148ov\u00fdch poplatn\u00edk\u016f). Deutschlandkurier spou\u0161t\u00ed n\u011bkolikad\u00edlnou s\u00e9rii, kter\u00e1 se bude zab\u00fdvat t\u00edmto miliardov\u00fdm byznysem. Prvn\u00ed \u010d\u00e1st se zam\u011b\u0159uje na \u201eCaritas\u201c a \u201eDiakonie\u201c.<\/span><\/strong><\/p>\n<p><span dir=\"auto\">Tradi\u010dn\u011b na konci roku zahajuj\u00ed Charita a Diakonie sv\u00e9 velk\u00e9 fundraisingov\u00e9 kampan\u011b. Pokladny nikdy nezvon\u00ed tak sladce: tyto soci\u00e1ln\u00ed organizace levicov\u011b orientovan\u00fdch etablovan\u00fdch c\u00edrkv\u00ed pat\u0159\u00ed ji\u017e dlouho k hlavn\u00edm hr\u00e1\u010d\u016fm v azylov\u00e9m pr\u016fmyslu. V n\u011bkolikad\u00edln\u00e9 s\u00e9rii se Deutschland-Kurier pod\u00edv\u00e1 do z\u00e1kulis\u00ed tohoto miliardov\u00e9ho byznysu maskovan\u00e9ho jako humanit\u00e1rn\u00ed pomoc. V prvn\u00ed \u010d\u00e1sti si p\u0159e\u010dt\u011bte, jak Charita a Diakonie vyko\u0159is\u0165uj\u00ed st\u00e1t \u2013 tedy n\u00e1s da\u0148ov\u00e9 poplatn\u00edky.<\/span><\/p>\n<p><span dir=\"auto\">Kdy\u017e se lidem \u0159eknou \u201eCaritas\u201c a \u201eDiakonie\u201c, p\u0159edstav\u00ed si p\u0159edev\u0161\u00edm p\u00e9\u010di o seniory a setk\u00e1n\u00ed s nimi u k\u00e1vy. Skute\u010dn\u00fdm obchodn\u00edm modelem t\u011bchto soci\u00e1ln\u00edch organizac\u00ed v\u0161ak po l\u00e9ta byla neleg\u00e1ln\u00ed masov\u00e1 imigrace.<\/span><\/p>\n<p><span dir=\"auto\">P\u0159edev\u0161\u00edm si katolick\u00e1 charitativn\u00ed organizace Caritas upevnila sv\u00e9 postaven\u00ed v polomafi\u00e1nsk\u00fdch struktur\u00e1ch azylov\u00e9ho pr\u016fmyslu. S 740 000 zam\u011bstnanci (k roku 2024) je tato katolick\u00e1 organizace nejv\u011bt\u0161\u00edm zam\u011bstnavatelem v soukrom\u00e9m sektoru v N\u011bmecku a nyn\u00ed je jedn\u00edm z hlavn\u00edch p\u0159\u00edjemc\u016f miliardov\u00e9ho byznysu zalo\u017een\u00e9ho na \u00fadajn\u00e9m humanit\u00e1rn\u00edm \u00fasil\u00ed.<\/span><\/p>\n<p><span dir=\"auto\">Jen v roce 2024 vyk\u00e1zala N\u011bmeck\u00e1 charita (DCV) obrat p\u0159es 237 milion\u016f eur. V\u00fdznamn\u00e1 \u010d\u00e1st t\u00e9to \u010d\u00e1stky poch\u00e1z\u00ed z vl\u00e1dn\u00edch dotac\u00ed \u2013 jin\u00fdmi slovy, z pen\u011bz da\u0148ov\u00fdch poplatn\u00edk\u016f! Naposledy se jednalo o zhruba 109 milion\u016f eur ro\u010dn\u011b.<\/span><\/p>\n<p><span dir=\"auto\">Na st\u00e1tem financovan\u00e9 poradenstv\u00ed v oblasti azylov\u00e9ho \u0159\u00edzen\u00ed obdr\u017eela \u201eCaritas\u201c v letech 2023 a 2024 od Feder\u00e1ln\u00edho ministerstva vnitra dal\u0161\u00edch 8,5 milionu eur.<\/span><\/p>\n<p><span dir=\"auto\">V\u00fdznamn\u00e9 \u010d\u00e1stky pravideln\u011b plynou i ze samotn\u00e9 c\u00edrkve: katolick\u00e1 pomoc uprchl\u00edk\u016fm v N\u011bmecku, podporovan\u00e1 p\u0159edev\u0161\u00edm Charitou, obdr\u017eela v roce 2023 celkem 32,2 milionu eur \u2013 v n\u00e1sleduj\u00edc\u00edm roce se tato \u010d\u00e1stka zv\u00fd\u0161ila na 34,1 milionu eur. Tyto prost\u0159edky se pou\u017e\u00edvaj\u00ed mimo jin\u00e9 na soci\u00e1ln\u00ed podporu, poradenstv\u00ed, ubytov\u00e1n\u00ed migrant\u016f a tzv. integra\u010dn\u00ed opat\u0159en\u00ed \u2013 \u00fakoly, kter\u00e9 jsou \u010dasto p\u0159\u00edmo \u010di nep\u0159\u00edmo spojeny se slou\u010den\u00edm rodin.<\/span><\/p>\n<h3 id=\"h-von-wegen-nur-nachstenliebe\" class=\"wp-block-heading\"><span dir=\"auto\">Tolik k t\u00e9 charit\u011b.<\/span><\/h3>\n<p><span dir=\"auto\">Nen\u00ed divu, \u017ee Charita byla nejhlasit\u011bj\u0161\u00edm hlasem protestuj\u00edc\u00edm proti \u2013 by\u0165 jen \u010d\u00e1ste\u010dn\u00e9mu a do\u010dasn\u00e9mu \u2013 pozastaven\u00ed slu\u010dov\u00e1n\u00ed rodin. To je pochopiteln\u00e9, proto\u017ee pokud je slu\u010dov\u00e1n\u00ed rodin pozastaveno, miz\u00ed kl\u00ed\u010dov\u00fd z\u00e1klad pro mnoho v\u00fd\u0161e zm\u00edn\u011bn\u00fdch podp\u016frn\u00fdch slu\u017eeb. Pokud se rodiny nespoj\u00ed se sv\u00fdmi rodinami, kles\u00e1 pot\u0159eba slu\u017eeb, jako je poradenstv\u00ed, jazykov\u00e9 kurzy a pomoc s bydlen\u00edm. Z dlouhodob\u00e9ho hlediska to ohro\u017euje lukrativn\u00ed byznys v poskytov\u00e1n\u00ed podpory p\u0159ev\u00e1\u017en\u011b muslimsk\u00fdm soci\u00e1ln\u00edm migrant\u016fm, kter\u00fd je z velk\u00e9 \u010d\u00e1sti financov\u00e1n da\u0148ov\u00fdmi poplatn\u00edky.<\/span><\/p>\n<p><span dir=\"auto\">Jako provozovatel nespo\u010dtu instituc\u00ed a projekt\u016f nen\u00ed Charita jen poskytovatelem slu\u017eeb, ale tak\u00e9 ekonomick\u00fdm hr\u00e1\u010dem. To siln\u011b nazna\u010duje, \u017ee jej\u00ed \u00fadajn\u00e1 k\u0159es\u0165ansk\u00e1 charita je prim\u00e1rn\u011b poh\u00e1n\u011bna z\u00e1jmem o zachov\u00e1n\u00ed vlastn\u00edho osv\u011bd\u010den\u00e9ho modelu financov\u00e1n\u00ed. Tento model je zakotven v gigantick\u00e9m syst\u00e9mu: v\u00fddaje feder\u00e1ln\u00ed vl\u00e1dy na tzv. uprchl\u00edky a \u017eadatele o azyl dosahuj\u00ed ro\u010dn\u011b p\u0159ibli\u017en\u011b 30 miliard eur. V tomto masivn\u00edm p\u0159erozd\u011blov\u00e1n\u00ed ve\u0159ejn\u00fdch prost\u0159edk\u016f hraje Charita jako provozovatel nespo\u010dtu instituc\u00ed a projekt\u016f kl\u00ed\u010dovou a ziskovou roli.<\/span><\/p>\n<h3 id=\"h-diakonie-als-schlepper-im-mittelmeer\" class=\"wp-block-heading\"><span dir=\"auto\">\u201eDiakonie\u201c jako pa\u0161er\u00e1k lid\u00ed ve St\u0159edomo\u0159\u00ed<\/span><\/h3>\n<p><span dir=\"auto\">Protestantsk\u00e1 \u201eDiakonie\u201c pat\u0159\u00ed tak\u00e9 mezi hlavn\u00ed hr\u00e1\u010de v migra\u010dn\u00edm sektoru. Tato c\u00edrkevn\u011b napojen\u00e1 organizace soci\u00e1ln\u00edch slu\u017eeb v\u0161ak postoupila svou d\u0159\u00edv\u011bj\u0161\u00ed vedouc\u00ed roli, m\u011b\u0159eno st\u00e1tn\u00edm financov\u00e1n\u00edm, \u201eCaritas\u201c.<\/span><\/p>\n<p><span dir=\"auto\">Ale p\u0159esto: Jen \u201eDiakonie\u201c v posledn\u00edch letech obdr\u017eela ze st\u00e1tn\u00edch program\u016f p\u0159es sto milion\u016f eur. Jeden\u00e1ct milion\u016f z toho poch\u00e1zelo p\u0159\u00edmo z de facto proti-AfD fondu \u201eDemokracie \u017eije!\u201c.<\/span><\/p>\n<p><span dir=\"auto\">Kdy\u017e R\u00fcdiger Schuch, \u0161\u00e9f \u201eDiakonie\u201c (organizace soci\u00e1ln\u00ed p\u00e9\u010de), ost\u0159e kritizuje AfD a prov\u00e1d\u00ed \u010distku od p\u0159\u00edznivc\u016f AfD ve sv\u00e9 skupin\u011b soci\u00e1ln\u00edch slu\u017eeb, je v\u011brn\u00fd mottu: \u201eKoho chl\u00e9b j\u00edm, toho chvalozp\u011bv zp\u00edv\u00e1m!\u201c, a pln\u00ed pouze to, co od n\u011bj o\u010dek\u00e1vaj\u00ed jeho finan\u010dn\u00ed podporovatel\u00e9.<\/span><\/p>\n<p><span dir=\"auto\">V z\u00e1jmu efektivn\u00ed d\u011blby pr\u00e1ce protestantsk\u00e1 skupina soci\u00e1ln\u00edch slu\u017eeb v\u00fdznamn\u011b podporuje tzv. z\u00e1chrann\u00e9 organizace na mo\u0159i, kter\u00e9 zase podporuj\u00ed organizovan\u00fd obchod s lidmi ve St\u0159edomo\u0159\u00ed. Zejm\u00e9na nevl\u00e1dn\u00ed organizace \u201eUnited4Rescue\u201c je financov\u00e1na z dar\u016f a kampan\u00ed \u201eDiakonie\u201c (protestantsk\u00e9 organizace soci\u00e1ln\u00ed p\u00e9\u010de).<\/span><\/p>\n<p><span dir=\"auto\">M\u00e1lem jsme zapomn\u011bli: Issa Al H. (27) byl v jeho ubytov\u00e1n\u00ed v p\u00e9\u010di Diakonie (soci\u00e1ln\u00ed organizace). Vrchn\u00ed zemsk\u00fd soud v D\u00fcsseldorfu (OLG) odsoudil Sy\u0159ana k do\u017eivotn\u00edmu v\u011bzen\u00ed a n\u00e1sledn\u00e9 preventivn\u00ed vazb\u011b za islamistick\u00fd teroristick\u00fd \u00fatok v Solingenu (23. srpna 2024) na z\u00e1klad\u011b obvin\u011bn\u00ed ze t\u0159\u00ed vra\u017ed a deseti pokus\u016f o vra\u017edu, jako\u017e i z jeho \u010dlenstv\u00ed v teroristick\u00e9 skupin\u011b Isl\u00e1msk\u00fd st\u00e1t (IS).\u00a0\u00a0<\/span><em><span dir=\"auto\">Pokra\u010dov\u00e1n\u00ed p\u0159\u00ed\u0161t\u011b.<\/span><\/em><\/p>\n<p><em><span dir=\"auto\">\u010c\u00e1nek se poprv\u00e9 objevil v den\u00edku <\/span><a href=\"https:\/\/deutschlandkurier.de\/2025\/12\/milliardengeschaeft-amtskirchen-sind-hauptprofiteure-der-zerstoererischen-asyl-industrie\/\"><span dir=\"auto\">Deutschlandkurier<\/span><\/a><span dir=\"auto\">\u00a0<\/span><\/em><\/p>\n<p>&nbsp;<\/p>\n","protected":false},"excerpt":{"rendered":"<p>K\u0159es\u0165ansk\u00e1 charita jako hlavn\u00ed motiv\u00e1tor: Takto prezentuj\u00ed levicov\u011b sm\u00fd\u0161lej\u00edc\u00ed, etablovan\u00e9 c\u00edrkve sv\u016fj \u201ez\u00e1vazek\u201c k neleg\u00e1ln\u00ed&#8230;<\/p>\n","protected":false},"author":2,"featured_media":95696,"comment_status":"closed","ping_status":"closed","sticky":false,"template":"","format":"standard","meta":[],"categories":[7],"tags":[228,9565,45,119],"_links":{"self":[{"href":"https:\/\/www.infokuryr.cz\/n\/wp-json\/wp\/v2\/posts\/95695"}],"collection":[{"href":"https:\/\/www.infokuryr.cz\/n\/wp-json\/wp\/v2\/posts"}],"about":[{"href":"https:\/\/www.infokuryr.cz\/n\/wp-json\/wp\/v2\/types\/post"}],"author":[{"embeddable":true,"href":"https:\/\/www.infokuryr.cz\/n\/wp-json\/wp\/v2\/users\/2"}],"replies":[{"embeddable":true,"href":"https:\/\/www.infokuryr.cz\/n\/wp-json\/wp\/v2\/comments?post=95695"}],"version-history":[{"count":0,"href":"https:\/\/www.infokuryr.cz\/n\/wp-json\/wp\/v2\/posts\/95695\/revisions"}],"wp:featuredmedia":[{"embeddable":true,"href":"https:\/\/www.infokuryr.cz\/n\/wp-json\/wp\/v2\/media\/95696"}],"wp:attachment":[{"href":"https:\/\/www.infokuryr.cz\/n\/wp-json\/wp\/v2\/media?parent=95695"}],"wp:term":[{"taxonomy":"category","embeddable":true,"href":"https:\/\/www.infokuryr.cz\/n\/wp-json\/wp\/v2\/categories?post=95695"},{"taxonomy":"post_tag","embeddable":true,"href":"https:\/\/www.infokuryr.cz\/n\/wp-json\/wp\/v2\/tags?post=95695"}],"curies":[{"name":"wp","href":"https:\/\/api.w.org\/{rel}","templated":true}]}}