{"id":95685,"date":"2025-12-31T00:15:18","date_gmt":"2025-12-30T23:15:18","guid":{"rendered":"https:\/\/www.infokuryr.cz\/n\/?p=95685"},"modified":"2025-12-30T13:00:24","modified_gmt":"2025-12-30T12:00:24","slug":"michael-snyder-9-znamek-ze-lidri-po-celem-svete-trpi-tezkou-formou-valecne-horecky","status":"publish","type":"post","link":"https:\/\/www.infokuryr.cz\/n\/2025\/12\/31\/michael-snyder-9-znamek-ze-lidri-po-celem-svete-trpi-tezkou-formou-valecne-horecky\/","title":{"rendered":"Michael Snyder: 9 zn\u00e1mek, \u017ee l\u00edd\u0159i po cel\u00e9m sv\u011bt\u011b trp\u00ed t\u011b\u017ekou formou \u201ev\u00e1le\u010dn\u00e9 hore\u010dky\u201c"},"content":{"rendered":"<div id=\"fb-root\"><\/div>\n<div class=\"elementor-element elementor-element-1fb4c2c elementor-widget elementor-widget-theme-post-content\" data-id=\"1fb4c2c\" data-element_type=\"widget\" data-widget_type=\"theme-post-content.default\">\n<div class=\"elementor-widget-container\">\n<p><span dir=\"auto\">Jak bl\u00edzko se m\u016f\u017eeme dostat k propasti, ani\u017e bychom do n\u00ed spadli? Nejv\u011bt\u0161\u00ed vojensk\u00fd konflikt v Evrop\u011b od druh\u00e9 sv\u011btov\u00e9 v\u00e1lky se v roce 2026 chyst\u00e1 d\u00e1le eskalat, v\u00e1lka by mohla na Bl\u00edzk\u00e9m v\u00fdchod\u011b znovu vypuknout ka\u017edou chv\u00edli, USA jsou na pokraji zah\u00e1jen\u00ed nov\u00e9 v\u00e1lky proti Venezuele a \u010c\u00edna zu\u0159\u00ed kv\u016fli zbrusu nov\u00e9mu bal\u00ed\u010dku zbran\u00ed, kter\u00fd byl pr\u00e1v\u011b schv\u00e1len pro Tchaj-wan. V\u00e1le\u010dn\u00ed psi u\u017e \u0161kr\u00e1bou na br\u00e1ny \u2013 a p\u0159esto se v\u011bt\u0161ina lid\u00ed zd\u00e1 b\u00fdt sotva znepokojena. To plat\u00ed zejm\u00e9na v z\u00e1padn\u00edm sv\u011bt\u011b a je to hluboce politov\u00e1n\u00edhodn\u00e9. Jsme nebezpe\u010dn\u011b bl\u00edzko hrozb\u011b no\u010dn\u00ed m\u016fry a \u010das se kr\u00e1t\u00ed.<\/span><\/p>\n<p><span dir=\"auto\">Zde je\u00a0<\/span><strong><span dir=\"auto\">9 zn\u00e1mek toho, \u017ee l\u00edd\u0159i po cel\u00e9m sv\u011bt\u011b trp\u00ed t\u011b\u017ekou formou \u201ev\u00e1le\u010dn\u00e9 hore\u010dky\u201c<\/span><\/strong><span dir=\"auto\">\u00a0&#8230;<\/span><\/p>\n<h3 class=\"wp-block-heading\"><span dir=\"auto\">#1<\/span><\/h3>\n<p><span dir=\"auto\">Evropan\u00e9 se hore\u010dn\u011b p\u0159ipravuj\u00ed na v\u00e1lku s Ruskem a o tom jsem ji\u017e obs\u00e1hle informoval v p\u0159edchoz\u00edm \u010dl\u00e1nku. Pot\u00e9, co m\u011bs\u00edce diskutovali o mo\u017enosti p\u0159\u00edm\u00e9ho konfliktu s Ruskem, se zd\u00e1, \u017ee s nimi rusk\u00fd prezident Vladimir Putin ztratil trp\u011blivost. Putin dokonce ned\u00e1vno ozna\u010dil evropsk\u00e9 politiky za \u201eprasata\u201c a \u201esvin\u011b\u201c&#8230;<\/span><\/p>\n<p><em><span dir=\"auto\">Rusk\u00fd prezident Vladimir Putin pohrdav\u011b ozna\u010dil britsk\u00e9ho premi\u00e9ra Sira Keira Starmera za \u201emal\u00e9 pras\u00e1tko\u201c a otev\u0159en\u011b hovo\u0159il o rozm\u00edst\u011bn\u00ed rusk\u00fdch raket v dosahu Spojen\u00e9ho kr\u00e1lovstv\u00ed.<\/span><\/em><\/p>\n<p><em><span dir=\"auto\">B\u011bhem v\u00fdro\u010dn\u00edho zased\u00e1n\u00ed rusk\u00e9ho ministerstva obrany Putin obvinil b\u00fdval\u00e9ho americk\u00e9ho prezidenta Joea Bidena z \u00famysln\u00e9ho podn\u011bcov\u00e1n\u00ed konfliktu na Ukrajin\u011b a dodal, \u017ee \u201emal\u00e1 evropsk\u00e1 pras\u00e1tka\u201c Ameri\u010dany okam\u017eit\u011b podpo\u0159ila. \u201eV\u0161ichni p\u0159edpokl\u00e1dali, \u017ee Rusko v kr\u00e1tk\u00e9 dob\u011b zni\u010d\u00ed, \u017ee ho zni\u010d\u00ed,\u201c prohl\u00e1sil Putin.<\/span><\/em><\/p>\n<p><em><span dir=\"auto\">\u201eA evropsk\u00e1 pras\u00e1tka se okam\u017eit\u011b p\u0159idala, aby pomohla p\u0159edchoz\u00ed americk\u00e9 administrativ\u011b v tomto \u00fakolu. Doufala, \u017ee z kolapsu na\u0161\u00ed zem\u011b vyt\u011b\u017e\u00ed, \u017ee znovu z\u00edskaj\u00ed n\u011bco ztracen\u00e9ho v d\u0159\u00edv\u011bj\u0161\u00edch historick\u00fdch obdob\u00edch a \u017ee se pomst\u00ed. Jak je nyn\u00ed v\u0161em z\u0159ejm\u00e9, v\u0161echny tyto pokusy a v\u0161echny tyto destruktivn\u00ed pl\u00e1ny proti Rusku zcela selhaly.\u201c<\/span><\/em><\/p>\n<h3 class=\"wp-block-heading\"><span dir=\"auto\">#2<\/span><\/h3>\n<p><span dir=\"auto\">Na t\u00e9\u017ee sch\u016fzce Putin jednozna\u010dn\u011b prohl\u00e1sil, \u017ee v\u0161ech rusk\u00fdch c\u00edl\u016f na Ukrajin\u011b bude dosa\u017eeno bu\u010f diplomaticky, nebo silou\u2026<\/span><\/p>\n<p><em><span dir=\"auto\">Rusk\u00fd prezident Vladimir Putin ve st\u0159edu b\u011bhem zased\u00e1n\u00ed ministerstva obrany prohl\u00e1sil, \u017ee Rusko dos\u00e1hne sv\u00fdch c\u00edl\u016f bu\u010f diplomatickou cestou, nebo vojensk\u00fdmi prost\u0159edky.<\/span><\/em><\/p>\n<p><em><span dir=\"auto\">\u201eC\u00edle speci\u00e1ln\u00ed vojensk\u00e9 operace budou nepochybn\u011b dosa\u017eeny. Preferovali bychom dos\u00e1hnout tohoto c\u00edle a odstranit p\u0159\u00ed\u010diny konfliktu diplomatick\u00fdmi prost\u0159edky. Pokud by v\u0161ak druh\u00e1 strana a jej\u00ed zahrani\u010dn\u00ed podporovatel\u00e9 odm\u00edtli v\u00e9st v\u011bcn\u00fd dialog, Rusko dos\u00e1hne osvobozen\u00ed sv\u00fdch historick\u00fdch \u00fazem\u00ed vojensk\u00fdmi prost\u0159edky. \u00dakol vytvo\u0159en\u00ed a roz\u0161\u00ed\u0159en\u00ed bezpe\u010dnostn\u00ed n\u00e1razn\u00edkov\u00e9 z\u00f3ny bude tak\u00e9 d\u016fsledn\u011b realizov\u00e1n,\u201c uvedl Putin podle kremelsk\u00e9ho p\u0159episu.<\/span><\/em><\/p>\n<h3 class=\"wp-block-heading\"><span dir=\"auto\">#3<\/span><\/h3>\n<p><span dir=\"auto\">Ukrajinci se nikdy dobrovoln\u011b nevzdaj\u00ed \u00fazem\u00ed, na kter\u00e1 si n\u00e1rokuje Rusko, a proto se zd\u00e1, \u017ee boje budou v dohledn\u00e9 budoucnosti pokra\u010dovat. A \u010d\u00edm d\u00e9le boje potrvaj\u00ed, t\u00edm je pravd\u011bpodobn\u011bj\u0161\u00ed, \u017ee se Ukrajinc\u016fm poda\u0159\u00ed zat\u00e1hnout NATO do v\u00e1lky. Ve velmi dlouh\u00e9m p\u0159\u00edsp\u011bvku na X ukrajinsk\u00fd prezident Volodymyr Zelenskyj varoval, \u017ee nadch\u00e1zej\u00edc\u00ed rok bude \u201erokem v\u00e1lky\u201c&#8230;<\/span><\/p>\n<p><em><span dir=\"auto\">Dnes jsme z Moskvy sly\u0161eli dal\u0161\u00ed sign\u00e1ly nazna\u010duj\u00edc\u00ed p\u0159\u00edpravy na to, \u017ee p\u0159\u00ed\u0161t\u00ed rok bude rokem v\u00e1lky. Tyto sign\u00e1ly nejsou nam\u00ed\u0159eny pouze proti n\u00e1m. Je kl\u00ed\u010dov\u00e9, aby si je na\u0161i partne\u0159i uv\u011bdomili \u2013 a nejen aby si je uv\u011bdomili, ale aby na n\u011b tak\u00e9 reagovali, zejm\u00e9na na\u0161i partne\u0159i ve Spojen\u00fdch st\u00e1tech, kte\u0159\u00ed \u010dasto \u0159\u00edkaj\u00ed, \u017ee Rusko chce v\u00e1lku ukon\u010dit.<\/span><\/em><\/p>\n<p><em><span dir=\"auto\">Sign\u00e1ly z Ruska jsou v\u0161ak p\u0159esn\u011b opa\u010dn\u00e9, v podob\u011b ofici\u00e1ln\u00edch rozkaz\u016f arm\u00e1d\u011b. Toto rusk\u00e9 sm\u00fd\u0161len\u00ed je t\u0159eba rozpoznat a odpov\u00eddaj\u00edc\u00edm zp\u016fsobem s n\u00edm zach\u00e1zet. Pokud Rusko v tomto zp\u016fsobu my\u0161len\u00ed bude pokra\u010dovat, bude tak\u00e9 podkop\u00e1vat diplomacii \u2013 bude pou\u017e\u00edvat diplomatick\u00fd jazyk a tlak na jednotliv\u00e9 body v dokumentech, aby pouze zamaskovalo svou touhu zni\u010dit Ukrajinu a Ukrajince a legitimizovat rusk\u00e9 z\u00e1bory \u00fazem\u00ed. A pak existuj\u00ed i \u200b\u200bdal\u0161\u00ed zem\u011b v Evrop\u011b, kter\u00e9 by n\u011bkdo v Rusku jednoho dne mohl ozna\u010dit za takzvan\u00e1 \u201ehistorick\u00e1 \u00fazem\u00ed\u201c.<\/span><\/em><\/p>\n<p><em><span dir=\"auto\">Proti tomuto rusk\u00e9mu \u0161\u00edlenstv\u00ed je zapot\u0159eb\u00ed skute\u010dn\u00e1 ochrana a my budeme i nad\u00e1le spolupracovat se v\u0161emi partnery, abychom tuto ochranu zajistili. Jsou zapot\u0159eb\u00ed bezpe\u010dnostn\u00ed opat\u0159en\u00ed, finan\u010dn\u00ed opat\u0159en\u00ed \u2013 v\u010detn\u011b opat\u0159en\u00ed proti rusk\u00fdm aktiv\u016fm \u2013 a tak\u00e9 politick\u00e1 opat\u0159en\u00ed. A je zapot\u0159eb\u00ed odvaha v\u0161ech partner\u016f: vid\u011bt pravdu, uznat pravdu a podle toho jednat. D\u011bkuji v\u0161em, kte\u0159\u00ed podporuj\u00ed Ukrajinu.<\/span><\/em><\/p>\n<h3 class=\"wp-block-heading\"><span dir=\"auto\">#4<\/span><\/h3>\n<p><span dir=\"auto\">Rusk\u00e9 s\u00edly pokra\u010duj\u00ed v postupu na Ukrajin\u011b. Tento t\u00fdden se objevily zpr\u00e1vy, \u017ee rusk\u00e9 jednotky se bl\u00ed\u017e\u00ed k dobyt\u00ed Huljajpole\u2026<\/span><\/p>\n<p><em><span dir=\"auto\">Podle n\u011bmeck\u00e9ho bulv\u00e1rn\u00edho den\u00edku Bild<\/span><\/em><span dir=\"auto\">\u00a0\u00fato\u010dn\u00e9 skupiny rusk\u00fdch ozbrojen\u00fdch sil\u00a0ji\u017e aktivn\u011b operuj\u00ed v centru Huljajpole. List poznamen\u00e1v\u00e1, \u017ee \u00fatok na m\u011bsto v sou\u010dasn\u00e9 dob\u011b p\u0159ich\u00e1z\u00ed ze v\u0161ech stran.<\/span><\/p>\n<p><span dir=\"auto\">Rusk\u00e9 zdroje potvrzuj\u00edc\u00ed tuto informaci zd\u016fraz\u0148uj\u00ed obt\u00ed\u017ee, kter\u00fdm \u010del\u00ed bojovn\u00edci kyjevsk\u00e9ho re\u017eimu p\u0159i obran\u011b Huljajpole. M\u011bsto nem\u00e1 mnoho v\u00fd\u0161kov\u00fdch \u010dtvrt\u00ed a v\u011bt\u0161ina z nich je bu\u010f zni\u010den\u00e1, nebo pod kontrolou rusk\u00fdch sil.<\/span><\/p>\n<h3 class=\"wp-block-heading\"><span dir=\"auto\">#5<\/span><\/h3>\n<p><span dir=\"auto\">\u00dadajn\u011b se t\u0159i \u010dlenov\u00e9 rusk\u00e9 FSB proplazili pod hrani\u010dn\u00ed plot a kr\u00e1tce vstoupili na estonsk\u00e9 \u00fazem\u00ed\u2026<\/span><\/p>\n<p><em><span dir=\"auto\">\u010clensk\u00e1 zem\u011b NATO Estonsko obvinila Ruskou federaci z toho, \u017ee kr\u00e1tce umo\u017enila mal\u00e9 skupin\u011b bezpe\u010dnostn\u00edch sil p\u0159ekro\u010dit hranice na sv\u00e9 \u00fazem\u00ed \u2013 jde o nejnov\u011bj\u0161\u00ed incident v s\u00e9rii ud\u00e1lost\u00ed, kter\u00e9 rozzlobily z\u00e1padn\u00ed alianci.<\/span><\/em><\/p>\n<p><em><span dir=\"auto\">Estonsk\u00e1 vl\u00e1da citovala z\u00e1znam z bezpe\u010dnostn\u00edch kamer, kter\u00fd ukazuje skupinu t\u0159\u00ed p\u0159\u00edslu\u0161n\u00edk\u016f rusk\u00e9 pohrani\u010dn\u00ed str\u00e1\u017ee, agentury spadaj\u00edc\u00ed pod Feder\u00e1ln\u00ed bezpe\u010dnostn\u00ed slu\u017ebu (FSB) Rusk\u00e9 federace, n\u00e1stupnick\u00e9 organizace KGB, jak neleg\u00e1ln\u011b vstupuj\u00ed na estonsk\u00e9 \u00fazem\u00ed. Podle estonsk\u00e9 verze t\u0159i Rusov\u00e9 p\u0159ekro\u010dili \u0159eku Narva na estonsko-rusk\u00e9 hranici ve vzn\u00e1\u0161edlu a p\u0159ist\u00e1li na mysu na estonsk\u00e9 stran\u011b kontroln\u00ed linie.<\/span><\/em><\/p>\n<p><em><span dir=\"auto\">T\u0159i p\u0159\u00edslu\u0161n\u00edci pohrani\u010dn\u00ed str\u00e1\u017ee z Rusk\u00e9 federace se \u00fadajn\u011b toulali, ne\u017e se vr\u00e1tili zp\u011bt do sv\u00fdch vzn\u00e1\u0161edel. Od incidentu Estonsko zv\u00fd\u0161ilo po\u010det policist\u016f a pohrani\u010dn\u00edch hl\u00eddek a uvedlo, \u017ee zah\u00e1jilo diplomatick\u00e9 rozhovory s Moskvou, aby vyj\u00e1d\u0159ilo sv\u016fj protest.<\/span><\/em><\/p>\n<h3 class=\"wp-block-heading\"><span dir=\"auto\">#6<\/span><\/h3>\n<p><span dir=\"auto\">Izrael a Hizball\u00e1h by m\u011bly m\u00edt p\u0159\u00edm\u011b\u0159\u00ed, ale boje pokra\u010duj\u00ed. Jen za posledn\u00edch 24 hodin izrael\u0161t\u00ed politici schv\u00e1lili \u201es\u00e9rii n\u00e1let\u016f v ji\u017en\u00edm a severov\u00fdchodn\u00edm Libanonu\u201c&#8230;<\/span><\/p>\n<p><em><span dir=\"auto\">Izrael \u00fadajn\u011b provedl s\u00e9rii leteck\u00fdch \u00fader\u016f v ji\u017en\u00edm a severov\u00fdchodn\u00edm Libanonu kr\u00e1tce p\u0159ed lh\u016ftou 31. prosince pro odzbrojen\u00ed teroristick\u00e9 organizace Hizball\u00e1h.<\/span><\/em><\/p>\n<p><em><span dir=\"auto\">\u00datoky se zam\u011b\u0159ily na infrastrukturu Hizball\u00e1hu a palebn\u00e9 pozice ve vojensk\u00e9m komplexu, kter\u00fd teroristick\u00e1 organizace vyu\u017e\u00edv\u00e1 k v\u00fdcviku a kurz\u016fm pro sv\u00e9 \u010dleny, informovala agentura\u00a0<\/span><span dir=\"auto\">Associated Press<\/span><span dir=\"auto\">\u00a0s odvol\u00e1n\u00edm na izraelskou arm\u00e1du. Izrael rovn\u011b\u017e uvedl, \u017ee za\u00fato\u010dil na vojensk\u00e1 za\u0159\u00edzen\u00ed Hizball\u00e1hu, kde byly skladov\u00e1ny zbran\u011b.<\/span><\/em><\/p>\n<h3 class=\"wp-block-heading\"><span dir=\"auto\">#7<\/span><\/h3>\n<p><span dir=\"auto\">Sn\u011bmovna reprezentant\u016f USA mohla schv\u00e1lit z\u00e1kon, kter\u00fd by zabr\u00e1nil v\u00e1lce proti Venezuele bez souhlasu Kongresu. N\u00e1vrh z\u00e1kona byl bohu\u017eel zam\u00edtnut\u2026<\/span><\/p>\n<p><em><span dir=\"auto\">Sn\u011bmovna reprezentant\u016f ve st\u0159edu hlasovala proti rezoluci o v\u00e1le\u010dn\u00fdch pravomoc\u00edch, kter\u00e1 by prezidentu Trumpovi zabr\u00e1nila v zah\u00e1jen\u00ed v\u00e1lky proti Venezuele bez souhlasu Kongresu, jak to vy\u017eaduje \u00dastava.<\/span><\/em><\/p>\n<p><em><span dir=\"auto\">N\u00e1vrh z\u00e1kona nepro\u0161el pom\u011brem hlas\u016f 211 ku 213; dev\u011bt z\u00e1stupc\u016f se zdr\u017eelo hlasov\u00e1n\u00ed. Pouze t\u0159i republik\u00e1ni se postavili na stranu demokrat\u016f: z\u00e1stupci Thomas Massie (R-KY), Marjorie Taylor Greene (GA) a Don Bacon (NE). Jeden demokrat, Henry Cuellar (TX), hlasoval proti n\u00e1vrhu z\u00e1kona.<\/span><\/em><\/p>\n<p><em><span dir=\"auto\">Legislativa by prezidentovi na\u0159\u00eddila, aby \u201est\u00e1hl ozbrojen\u00e9 s\u00edly Spojen\u00fdch st\u00e1t\u016f z nep\u0159\u00e1telsk\u00fdch akc\u00ed uvnit\u0159 Venezuely nebo proti n\u00ed, kter\u00e9 nebyly schv\u00e1leny Kongresem\u201c.<\/span><\/em><\/p>\n<h3 class=\"wp-block-heading\"><span dir=\"auto\">#8<\/span><\/h3>\n<p><span dir=\"auto\">Na\u0161i v\u016fdci pokra\u010duj\u00ed v \u010dinech, o kter\u00fdch v\u011bd\u00ed, \u017ee \u010c\u00ed\u0148any masivn\u011b rozzlob\u00ed. Nap\u0159\u00edklad pr\u00e1v\u011b byl schv\u00e1len nejv\u011bt\u0161\u00ed bal\u00ed\u010dek prodeje zbran\u00ed pro Tchaj-wan v historii\u2026<\/span><\/p>\n<p><em><span dir=\"auto\">Jen p\u0159ed dnem americk\u00e1 vl\u00e1da informovala \u010c\u00ednu, \u017ee je p\u0159ipravena h\u00e1jit americk\u00e9 z\u00e1jmy v Tichomo\u0159\u00ed. Nyn\u00ed se objevuj\u00ed zpr\u00e1vy, \u017ee USA schv\u00e1lily prodej zbran\u00ed Tchaj-wanu v hodnot\u011b 11,1 miliardy dolar\u016f \u2013 jde o nejv\u011bt\u0161\u00ed jednor\u00e1zov\u00fd transfer sv\u00e9ho druhu, jak\u00fd kdy byl ozn\u00e1men, a jasn\u00fd sign\u00e1l podpory ze strany Washingtonu.<\/span><\/em><\/p>\n<p><em><span dir=\"auto\">Prodej zbran\u00ed, ozn\u00e1men\u00fd ve st\u0159edu ve\u010der, m\u00e1 podle Agentury pro spolupr\u00e1ci v oblasti obrany a bezpe\u010dnosti Pentagonu podpo\u0159it \u00fasil\u00ed Tchaj-peje o \u201emodernizaci ozbrojen\u00fdch sil a udr\u017een\u00ed d\u016fv\u011bryhodn\u00e9 obrann\u00e9 kapacity\u201c.<\/span><\/em><\/p>\n<h3 class=\"wp-block-heading\"><span dir=\"auto\">#9<\/span><\/h3>\n<p><span dir=\"auto\">\u010c\u00ed\u0148an\u00e9 jsou kv\u016fli tomuto bal\u00ed\u010dku pomoci naprosto zu\u0159iv\u00ed. D\u016frazn\u011b tuto akci odsuzuj\u00ed a po\u017eaduj\u00ed, abychom okam\u017eit\u011b p\u0159estali \u201evyzbrojovat Tchaj-wan\u201c&#8230;<\/span><\/p>\n<p><em><span dir=\"auto\">Chen Binhua, mluv\u010d\u00ed St\u00e1tn\u00edho \u00fa\u0159adu pro z\u00e1le\u017eitosti Tchaj-wanu, uvedl, \u017ee rozhodnut\u00ed Washingtonu podkop\u00e1v\u00e1 suverenitu a bezpe\u010dnostn\u00ed z\u00e1jmy \u010c\u00edny a vys\u00edl\u00e1 \u0161patn\u00fd sign\u00e1l separatistick\u00fdm sil\u00e1m prosazuj\u00edc\u00edm \u201enez\u00e1vislost Tchaj-wanu\u201c.<\/span><\/em><\/p>\n<p><em><span dir=\"auto\">Schv\u00e1len\u00ed masivn\u00edho prodeje zbran\u00ed ozna\u010dil za \u201edo o\u010d\u00ed bij\u00edc\u00ed vm\u011b\u0161ov\u00e1n\u00ed do vnit\u0159n\u00edch z\u00e1le\u017eitost\u00ed \u010c\u00edny\u201c a uvedl, \u017ee v\u00e1\u017en\u011b poru\u0161uje princip jedn\u00e9 \u010c\u00edny a t\u0159i spole\u010dn\u00e1 komunik\u00e9 mezi \u010c\u00ednou a USA, zejm\u00e9na komunik\u00e9 ze 17. srpna 1982.<\/span><\/em><\/p>\n<p><em><span dir=\"auto\">\u201eToto d\u016frazn\u011b odm\u00edt\u00e1me a odsuzujeme,\u201c \u0159ekl Chen a vyzval USA, aby okam\u017eit\u011b p\u0159estaly \u201evyzbrojovat Tchaj-wan\u201c a ukon\u010dily svou podporu separatistick\u00fdm sil\u00e1m za \u201enez\u00e1vislost Tchaj-wanu\u201c.<\/span><\/em><\/p>\n<p><span dir=\"auto\">\u010c\u00ed\u0148an\u00e9 jsou tak\u00e9 velmi na\u0161tvan\u00ed na na\u0161i blok\u00e1du Venezuely, proto\u017ee od Venezuelan\u016f kupuj\u00ed v\u00edce ropy ne\u017e v\u0161ichni ostatn\u00ed dohromady.<\/span><\/p>\n<p><span dir=\"auto\">Zd\u00e1 se, \u017ee ameri\u010dt\u00ed p\u0159edstavitel\u00e9 v\u011b\u0159\u00ed, \u017ee mohou nad\u00e1le tla\u010dit na \u010c\u00ednu, ani\u017e by jim hrozily v\u00e1\u017en\u00e9 n\u00e1sledky.<\/span><\/p>\n<p><span dir=\"auto\">Net\u0159eba dod\u00e1vat, \u017ee jsem p\u0159esv\u011bd\u010den, \u017ee se v tomto ohledu naprosto m\u00fdl\u00ed.<\/span><\/p>\n<p><span dir=\"auto\">Podle m\u00e9ho n\u00e1zoru si lze snadno p\u0159edstavit sc\u00e9n\u00e1\u0159, ve kter\u00e9m bychom sou\u010dasn\u011b za\u017eili v\u00e1lku v Asii, v\u00e1lku v Ji\u017en\u00ed Americe, v\u00e1lku na Bl\u00edzk\u00e9m v\u00fdchod\u011b a v\u00e1lku v Evrop\u011b.<\/span><\/p>\n<p><span dir=\"auto\">Pokud by k takov\u00e9mu sc\u00e9n\u00e1\u0159i skute\u010dn\u011b do\u0161lo, \u0161lo by o skute\u010dn\u011b celosv\u011btovou v\u00e1lku.<\/span><\/p>\n<p><span dir=\"auto\">Pokud si sv\u011btov\u00ed l\u00edd\u0159i cht\u011bj\u00ed zvolit cestu m\u00edru, te\u010f je ta spr\u00e1vn\u00e1 chv\u00edle.<\/span><\/p>\n<p><span dir=\"auto\">Bohu\u017eel v t\u00e9to dob\u011b \u201ev\u00e1le\u010dn\u00e1 hore\u010dka\u201c zachv\u00e1tila v\u011bt\u0161inu p\u0159edn\u00edch sv\u011btov\u00fdch elit \u2013 a to nen\u00ed dobr\u00e1 zpr\u00e1va pro nikoho.<\/span><\/p>\n<\/div>\n<\/div>\n<div class=\"elementor-element elementor-element-8c57238 quelle dc-has-condition dc-condition-empty elementor-widget elementor-widget-heading\" data-id=\"8c57238\" data-element_type=\"widget\" data-widget_type=\"heading.default\">\n<div class=\"elementor-widget-container\">\n<h3 class=\"elementor-heading-title elementor-size-default\"><span style=\"font-size: 10pt;\"><a href=\"http:\/\/xn--9%20signs%20that%20leaders%20all%20over%20the%20globe%20have%20come%20down%20with%20a%20really%20bad%20case%20of%20war%20fever-y925f8d\/\" target=\"_blank\" rel=\"nofollow noopener\"><span dir=\"auto\">Zdroj<\/span><\/a><\/span><\/h3>\n<p>&nbsp;<\/p>\n<\/div>\n<\/div>\n","protected":false},"excerpt":{"rendered":"<p>Jak bl\u00edzko se m\u016f\u017eeme dostat k propasti, ani\u017e bychom do n\u00ed spadli? Nejv\u011bt\u0161\u00ed vojensk\u00fd konflikt&#8230;<\/p>\n","protected":false},"author":2,"featured_media":95686,"comment_status":"closed","ping_status":"closed","sticky":false,"template":"","format":"standard","meta":[],"categories":[7],"tags":[1042,35,276,40],"_links":{"self":[{"href":"https:\/\/www.infokuryr.cz\/n\/wp-json\/wp\/v2\/posts\/95685"}],"collection":[{"href":"https:\/\/www.infokuryr.cz\/n\/wp-json\/wp\/v2\/posts"}],"about":[{"href":"https:\/\/www.infokuryr.cz\/n\/wp-json\/wp\/v2\/types\/post"}],"author":[{"embeddable":true,"href":"https:\/\/www.infokuryr.cz\/n\/wp-json\/wp\/v2\/users\/2"}],"replies":[{"embeddable":true,"href":"https:\/\/www.infokuryr.cz\/n\/wp-json\/wp\/v2\/comments?post=95685"}],"version-history":[{"count":0,"href":"https:\/\/www.infokuryr.cz\/n\/wp-json\/wp\/v2\/posts\/95685\/revisions"}],"wp:featuredmedia":[{"embeddable":true,"href":"https:\/\/www.infokuryr.cz\/n\/wp-json\/wp\/v2\/media\/95686"}],"wp:attachment":[{"href":"https:\/\/www.infokuryr.cz\/n\/wp-json\/wp\/v2\/media?parent=95685"}],"wp:term":[{"taxonomy":"category","embeddable":true,"href":"https:\/\/www.infokuryr.cz\/n\/wp-json\/wp\/v2\/categories?post=95685"},{"taxonomy":"post_tag","embeddable":true,"href":"https:\/\/www.infokuryr.cz\/n\/wp-json\/wp\/v2\/tags?post=95685"}],"curies":[{"name":"wp","href":"https:\/\/api.w.org\/{rel}","templated":true}]}}