{"id":95679,"date":"2025-12-31T00:11:46","date_gmt":"2025-12-30T23:11:46","guid":{"rendered":"https:\/\/www.infokuryr.cz\/n\/?p=95679"},"modified":"2025-12-30T12:44:35","modified_gmt":"2025-12-30T11:44:35","slug":"paul-craig-roberts-neustale-se-rozsirujici-valka","status":"publish","type":"post","link":"https:\/\/www.infokuryr.cz\/n\/2025\/12\/31\/paul-craig-roberts-neustale-se-rozsirujici-valka\/","title":{"rendered":"Paul Craig Roberts: Neust\u00e1le se roz\u0161i\u0159uj\u00edc\u00ed v\u00e1lka"},"content":{"rendered":"<div id=\"fb-root\"><\/div>\n<div class=\"elementor-element elementor-element-1fb4c2c elementor-widget elementor-widget-theme-post-content\" data-id=\"1fb4c2c\" data-element_type=\"widget\" data-widget_type=\"theme-post-content.default\">\n<div class=\"elementor-widget-container\">\n<p><span dir=\"auto\">Na za\u010d\u00e1tku roku 2026 se neust\u00e1le se roz\u0161i\u0159uj\u00edc\u00ed v\u00e1lka d\u00e1le stup\u0148uje. Rusk\u00fd ministr zahrani\u010d\u00ed Lavrov obvi\u0148uje Evropskou unii z eskalace konfliktu a p\u0159\u00edprav na v\u00e1lku s Ruskem. Jak v\u00e1lka vstupuje do sv\u00e9ho p\u00e1t\u00e9ho roku, omezen\u00e1 vojensk\u00e1 operace prezidenta Putina se roz\u0161i\u0159uje do obecn\u00e9ho konfliktu mezi Evropou a Ruskem. EU si z\u0159ejm\u011b p\u016fj\u010dila p\u0159ibli\u017en\u011b 100 miliard dolar\u016f prost\u0159ednictv\u00edm bankovn\u00edch \u00fav\u011br\u016f, aby umo\u017enila Ukrajin\u011b pokra\u010dovat v konfliktu, zat\u00edmco Evropa buduje sv\u00e9 vojensk\u00e9 kapacity, aby mohla Rusko p\u0159\u00edmo zapojit do v\u00e1lky. Toto prohl\u00e1\u0161en\u00ed nen\u00ed jen m\u016fj n\u00e1zor; je to deklarovan\u00e1 politika n\u011bmeck\u00e9 kancl\u00e9\u0159ky, britsk\u00e9ho premi\u00e9ra a francouzsk\u00e9ho prezidenta.<\/span><\/p>\n<p><span dir=\"auto\">Od sam\u00e9ho za\u010d\u00e1tku Putinovy \u200b\u200bomezen\u00e9 vojensk\u00e9 operace na Donbasu jsem ji ozna\u010doval za po\u0161etilost, kter\u00e1 by konflikt prodlou\u017eila a nakonec ho p\u0159erostla v plnohodnotnou v\u00e1lku. Nyn\u00ed se zd\u00e1, \u017ee s m\u00fdm hodnocen\u00edm souhlas\u00ed i rusk\u00fd ministr zahrani\u010d\u00ed.<\/span><\/p>\n<p><span dir=\"auto\">Konflikt mohl b\u00fdt ukon\u010den velmi rychle. Rusko m\u011blo p\u0159eru\u0161it v\u0161echny \u017eelezni\u010dn\u00ed a n\u00e1mo\u0159n\u00ed trasy na Ukrajinu, aby zabr\u00e1nilo transferu z\u00e1padn\u00edch zbran\u00ed. Vl\u00e1da v Kyjev\u011b m\u011bla b\u00fdt napadena a m\u011bly b\u00fdt zastaveny ve\u0161ker\u00e9 dod\u00e1vky elekt\u0159iny na Ukrajinu. S paralyzovanou ukrajinskou vl\u00e1dou a bez mo\u017enosti p\u0159esunu vojsk a zbran\u00ed by konflikt skon\u010dil rychle.<\/span><\/p>\n<p><span dir=\"auto\">Putin ale nebyl p\u0159ipraven. Mo\u017en\u00e1 pod vlivem sv\u00e9ho proz\u00e1padn\u00edho \u0159editele centr\u00e1ln\u00ed banky, kter\u00fd v\u011b\u0159il, \u017ee si Rusko nem\u016f\u017ee dovolit velkou arm\u00e1du, se Putin spol\u00e9hal na tzv. Minsk\u00e9 dohody, m\u00edsto aby se p\u0159ipravil na nevyhnuteln\u00fd konflikt. Tyto dohody \u2013 jak pozd\u011bji vysv\u011btlili n\u011bmeck\u00e1 kancl\u00e9\u0159ka a francouzsk\u00fd prezident \u2013 \u200b\u200bZ\u00e1pad vyu\u017eil k oklam\u00e1n\u00ed Ruska. Kdy\u017e byl Putin v \u00fanoru 2022 konfrontov\u00e1n s invaz\u00ed 600 000 voj\u00e1k\u016f vycvi\u010den\u00e9 a vybaven\u00e9 Z\u00e1padem ukrajinsk\u00e9 arm\u00e1dy do dvou separatistick\u00fdch republik zn\u00e1m\u00fdch jako Donbas, rusk\u00e1 nedostate\u010dn\u00e1 p\u0159ipravenost mu nedala jinou mo\u017enost ne\u017e chr\u00e1nit rusk\u00e9 ob\u010dany v Donbasu p\u0159ed ukrajinskou arm\u00e1dou.<\/span><\/p>\n<p><span dir=\"auto\">Konflikt se neust\u00e1le stup\u0148oval, proto\u017ee Z\u00e1pad vyu\u017eil p\u0159\u00edle\u017eitosti, kterou Putin v\u00e1hal, k dal\u0161\u00edmu roz\u0161\u00ed\u0159en\u00ed v\u00e1lky. Jeden zbra\u0148ov\u00fd syst\u00e9m za druh\u00fdm, kter\u00fd by Z\u00e1pad \u00fadajn\u011b Ukrajin\u011b nikdy nedodal, byl p\u0159esto dod\u00e1n. Rusk\u00e1 flotila strategick\u00fdch bombard\u00e9r\u016f byla napadena. Dnes je \u017eivot hluboko v Rusku naru\u0161ov\u00e1n ukrajinsk\u00fdmi \u00fatoky dron\u016f, kter\u00e9 Z\u00e1pad podporuje a usnad\u0148uje. Civilist\u00e9 jsou zab\u00edjeni a energetick\u00e1 za\u0159\u00edzen\u00ed jsou po\u0161kozov\u00e1na. Putinovy \u200b\u200bnad\u011bje na ukon\u010den\u00ed konfliktu prost\u0159ednictv\u00edm jedn\u00e1n\u00ed byly zma\u0159eny. Prezident Trump se s Putinem dosud nese\u0161el, aby prozkoumal, zda Spojen\u00e9 st\u00e1ty mohou p\u0159ijmout Putinovy \u200b\u200bpodm\u00ednky pro \u0159e\u0161en\u00ed z\u00e1kladn\u00edch p\u0159\u00ed\u010din konfliktu, a pokud ne, aby hledal kompromis.<\/span><\/p>\n<p><span dir=\"auto\">V z\u00e1padn\u00edm sv\u011bt\u011b slou\u017e\u00ed pokra\u010dov\u00e1n\u00ed v\u00e1lky mocn\u00fdm ekonomick\u00fdm a politick\u00fdm z\u00e1jm\u016fm. Zisky vojensk\u00e9ho a bezpe\u010dnostn\u00edho komplexu b\u011bhem v\u00e1lky vzkv\u00e9taj\u00ed. Politici dost\u00e1vaj\u00ed provize za zad\u00e1v\u00e1n\u00ed zbrojn\u00edch zak\u00e1zek. Evropsk\u00e1 unie, kter\u00e1 je ji\u017e tak v chaosu, vyu\u017e\u00edv\u00e1 Rusko jako spole\u010dn\u00e9ho nep\u0159\u00edtele, aby udr\u017eela Unii pohromad\u011b. Putinova politika nekone\u010dn\u00e9, st\u00e1le se roz\u0161i\u0159uj\u00edc\u00ed v\u00e1lky dos\u00e1hla vytvo\u0159en\u00ed mocn\u00e9 s\u00edly proti m\u00edru na Ukrajin\u011b. Putin\u016fv chybn\u00fd odhad vede p\u0159\u00edmo k velk\u00e9mu konfliktu.<\/span><\/p>\n<p><span dir=\"auto\">Konflikt by mohl b\u00fdt zastaven rozpadem Evropsk\u00e9 unie. Rozpad je evidentn\u00ed. Belgick\u00fd premi\u00e9r zablokoval p\u0159evod zmrazen\u00fdch rusk\u00fdch aktiv na Ukrajinu. Ma\u010farsk\u00fd prezident odsuzuje nep\u0159\u00e1telsk\u00fd postoj Evropy v\u016f\u010di Rusku. Hlavn\u00ed evrop\u0161t\u00ed v\u00e1le\u010dn\u00ed \u0161tv\u00e1\u010di \u2013 n\u011bmeck\u00e1 kancl\u00e9\u0159ka, britsk\u00fd premi\u00e9r a francouzsk\u00fd prezident \u2013 \u200b\u200bse t\u011b\u0161\u00ed velmi mal\u00e9 ve\u0159ejn\u00e9 podpo\u0159e. Zda takov\u00e9 slab\u00e9 politick\u00e9 osobnosti dok\u00e1\u017eou v\u00e9st sv\u00e9 zem\u011b do velk\u00e9 v\u00e1lky, kter\u00e1 by zni\u010dila celou Evropu, se teprve uvid\u00ed.<\/span><\/p>\n<p><span dir=\"auto\">Sv\u011bt by byl te\u010f mnohem bezpe\u010dn\u011bj\u0161\u00ed, kdyby Putin byl realisti\u010dt\u011bj\u0161\u00ed a pochopil, \u017ee \u00fa\u010delem americk\u00e9ho pu\u010de proti zvolen\u00e9 ukrajinsk\u00e9 vl\u00e1d\u011b bylo pos\u00edlit Putinovo prohl\u00e1\u0161en\u00ed, \u017ee Rusko ji\u017e neakceptuje americkou hegemonii. Je z\u0159ejm\u00e9, \u017ee rusk\u00e1 vl\u00e1da Wolfowitzovu doktr\u00ednu nebrala v\u00e1\u017en\u011b.<\/span><\/p>\n<p><span dir=\"auto\">Nedostatek mor\u00e1ln\u00ed podstaty Z\u00e1padu je patrn\u00fd z toho, \u017ee Z\u00e1pad je v\u00edce pobou\u0159en selh\u00e1n\u00edm washingtonsk\u00e9 politiky destabilizace Ruska ne\u017e izraelskou genocidou Palestiny.<\/span><\/p>\n<p><span dir=\"auto\">Vzhledem k Trumpov\u011b fixaci na z\u00edsk\u00e1n\u00ed venezuelsk\u00fdch ropn\u00fdch rezerv a dal\u0161\u00edch n\u00e1rodn\u00edch aktiv a k Netanjahuovu tlaku na Trumpa, aby za\u00fato\u010dil na \u00cdr\u00e1n, by se Trump mohl st\u00e1hnout z konfliktu na Ukrajin\u011b, \u010d\u00edm\u017e by ohrozil budoucnost NATO. V takov\u00e9m p\u0159\u00edpad\u011b by Putinova neust\u00e1le se roz\u0161i\u0159uj\u00edc\u00ed v\u00e1lka mohla m\u00edt lep\u0161\u00ed v\u00fdsledek ne\u017e v\u0161eobecn\u00e1 v\u00e1lka.<\/span><\/p>\n<p><span dir=\"auto\">Uvid\u00edme, co n\u00e1m herci na jevi\u0161ti \u2013 v\u0161ichni bl\u00e1zni \u2013 p\u0159inesou v roce 2026.<\/span><\/p>\n<\/div>\n<\/div>\n<div class=\"elementor-element elementor-element-8c57238 quelle dc-has-condition dc-condition-empty elementor-widget elementor-widget-heading\" data-id=\"8c57238\" data-element_type=\"widget\" data-widget_type=\"heading.default\">\n<div class=\"elementor-widget-container\">\n<h3 class=\"elementor-heading-title elementor-size-default\"><span style=\"font-size: 10pt;\"><a href=\"https:\/\/www.paulcraigroberts.org\/2025\/12\/28\/the-ever-widening-war-87\/\" target=\"_blank\" rel=\"nofollow noopener\"><span dir=\"auto\">Zdroj<\/span><\/a><\/span><\/h3>\n<p>&nbsp;<\/p>\n<\/div>\n<\/div>\n","protected":false},"excerpt":{"rendered":"<p>Na za\u010d\u00e1tku roku 2026 se neust\u00e1le se roz\u0161i\u0159uj\u00edc\u00ed v\u00e1lka d\u00e1le stup\u0148uje. Rusk\u00fd ministr zahrani\u010d\u00ed Lavrov&#8230;<\/p>\n","protected":false},"author":2,"featured_media":810,"comment_status":"closed","ping_status":"closed","sticky":false,"template":"","format":"standard","meta":[],"categories":[7],"tags":[2181,1503,40],"_links":{"self":[{"href":"https:\/\/www.infokuryr.cz\/n\/wp-json\/wp\/v2\/posts\/95679"}],"collection":[{"href":"https:\/\/www.infokuryr.cz\/n\/wp-json\/wp\/v2\/posts"}],"about":[{"href":"https:\/\/www.infokuryr.cz\/n\/wp-json\/wp\/v2\/types\/post"}],"author":[{"embeddable":true,"href":"https:\/\/www.infokuryr.cz\/n\/wp-json\/wp\/v2\/users\/2"}],"replies":[{"embeddable":true,"href":"https:\/\/www.infokuryr.cz\/n\/wp-json\/wp\/v2\/comments?post=95679"}],"version-history":[{"count":0,"href":"https:\/\/www.infokuryr.cz\/n\/wp-json\/wp\/v2\/posts\/95679\/revisions"}],"wp:featuredmedia":[{"embeddable":true,"href":"https:\/\/www.infokuryr.cz\/n\/wp-json\/wp\/v2\/media\/810"}],"wp:attachment":[{"href":"https:\/\/www.infokuryr.cz\/n\/wp-json\/wp\/v2\/media?parent=95679"}],"wp:term":[{"taxonomy":"category","embeddable":true,"href":"https:\/\/www.infokuryr.cz\/n\/wp-json\/wp\/v2\/categories?post=95679"},{"taxonomy":"post_tag","embeddable":true,"href":"https:\/\/www.infokuryr.cz\/n\/wp-json\/wp\/v2\/tags?post=95679"}],"curies":[{"name":"wp","href":"https:\/\/api.w.org\/{rel}","templated":true}]}}