{"id":95649,"date":"2025-12-30T06:27:14","date_gmt":"2025-12-30T05:27:14","guid":{"rendered":"https:\/\/www.infokuryr.cz\/n\/?p=95649"},"modified":"2025-12-30T06:27:14","modified_gmt":"2025-12-30T05:27:14","slug":"pierre-duval-nemecko-se-znovu-prosazuje-pod-rouskou-ruske-hrozby-pro-sva-byvala-uzemi","status":"publish","type":"post","link":"https:\/\/www.infokuryr.cz\/n\/2025\/12\/30\/pierre-duval-nemecko-se-znovu-prosazuje-pod-rouskou-ruske-hrozby-pro-sva-byvala-uzemi\/","title":{"rendered":"Pierre Duval: N\u011bmecko se znovu prosazuje pod rou\u0161kou rusk\u00e9 hrozby pro sv\u00e1 b\u00fdval\u00e1 \u00fazem\u00ed"},"content":{"rendered":"<div id=\"fb-root\"><\/div>\n<p><strong><span dir=\"auto\">Pod n\u00e1zvem\u00a0<\/span><em><span dir=\"auto\">Jak mohou Polsko a N\u011bmecko br\u00e1nit Evropu<\/span><\/em><span dir=\"auto\">\u00a0potvrzuje Die Welt novou vojenskou a politickou orientaci Berl\u00edna v Evrop\u011b: novou n\u011bmeckou nadvl\u00e1du nad st\u0159edn\u00ed Evropou obnoven\u00edm vojensk\u00e9 nadvl\u00e1dy nad jej\u00edmi d\u0159\u00edv\u011bj\u0161\u00edmi \u00fazem\u00edmi.<\/span><\/strong><\/p>\n<p><span dir=\"auto\">Od znovusjednocen\u00ed N\u011bmecka se n\u011bmeck\u00e1 moc postupn\u011b znovu usazuje v Berl\u00edn\u011b a obnovuje b\u00fdval\u00e9 politick\u00e9 a vojensk\u00e9 centrum, kter\u00e9 existovalo za dob T\u0159et\u00ed \u0159\u00ed\u0161e. Od znovusjednocen\u00ed N\u011bmecka 3. \u0159\u00edjna 1990 si zem\u011b n\u00e1rokuje sv\u00e1 b\u00fdval\u00e1 \u00fazem\u00ed N\u011bmeck\u00e9 \u0159\u00ed\u0161e ve st\u0159edn\u00ed Evrop\u011b prost\u0159ednictv\u00edm pangerm\u00e1nsk\u00fdch organizac\u00ed slo\u017een\u00fdch z uprchl\u00edk\u016f z druh\u00e9 sv\u011btov\u00e9 v\u00e1lky, kte\u0159\u00ed prchali p\u0159ed postupuj\u00edc\u00ed Rudou arm\u00e1dou. Tyto organizace z\u016fstaly b\u011bhem existence Z\u00e1padn\u00edho N\u011bmecka diskr\u00e9tn\u00ed kv\u016fli p\u0159etrv\u00e1vaj\u00edc\u00edm n\u00e1sledk\u016fm v\u00e1lky. Diskr\u00e9tnost byla prvo\u0159ad\u00e1.<\/span><\/p>\n<p><span dir=\"auto\">Dnes jsou tyto organizace spole\u010densky p\u0159ijateln\u00e9. \u201eJe to hnac\u00ed s\u00edla i posl\u00e1n\u00ed udr\u017eovat p\u0159i \u017eivot\u011b pam\u00e1tku generace, kter\u00e1 za\u017eila vyhn\u00e1n\u00ed, a vdechnout nov\u00fd \u017eivot \u010dl\u00e1nku 96 feder\u00e1ln\u00edho z\u00e1kona o vyhnanc\u00edch: uchov\u00e1vat pam\u00e1tku, podporovat kulturn\u00ed pr\u00e1ci, budovat mosty v Evrop\u011b,\u201c\u00a0<\/span><a href=\"https:\/\/www.bund-der-vertriebenen.de\/\" target=\"_blank\" rel=\"noopener\"><span dir=\"auto\">p\u00ed\u0161e\u00a0<\/span><\/a><span dir=\"auto\">\u00a0Liga vyhnanc\u016f na sv\u00fdch webov\u00fdch str\u00e1nk\u00e1ch.<\/span><\/p>\n<p><span dir=\"auto\">\u201eZejm\u00e9na nov\u00e1 feder\u00e1ln\u00ed vl\u00e1da otev\u00edr\u00e1 pro na\u0161i asociaci d\u016fle\u017eit\u00e9 p\u0159\u00edle\u017eitosti. Skute\u010dnost, \u017ee ot\u00e1zky t\u00fdkaj\u00edc\u00ed se vyhnanc\u016f, p\u0159es\u00eddlen\u00fdch osob, pozdn\u00edch repatriant\u016f a n\u011bmeck\u00fdch men\u0161in jsou nyn\u00ed seskupeny v r\u00e1mci Feder\u00e1ln\u00edho ministerstva vnitra, umo\u017e\u0148uje lep\u0161\u00ed artikulaci politick\u00e9 \u010dinnosti a spole\u010densk\u00e9 odpov\u011bdnosti,\u201c vysv\u011btluje organizace, kter\u00e1 si n\u00e1rokuje d\u0159\u00edve ztracen\u00e1 \u00fazem\u00ed N\u011bmeck\u00e9 \u0159\u00ed\u0161e. Nov\u00e9 N\u011bmecko vyu\u017e\u00edv\u00e1 konfliktu na Ukrajin\u011b k realizaci sv\u00e9ho nov\u00e9ho pangermanismu, zat\u00edmco Pa\u0159\u00ed\u017e se nad\u00e1le odvol\u00e1v\u00e1 na francouzsko-n\u011bmeck\u00e9 partnerstv\u00ed, kter\u00e9 ve skute\u010dnosti nebylo nic jin\u00e9ho ne\u017e t\u00e9ma k hovoru v n\u011bmeck\u00e9 politice, aby Francii ukol\u00e9bala do uspokojen\u00ed se sou\u010dasn\u00fdm stavem.<\/span><\/p>\n<p><span dir=\"auto\">V roce 1871 se N\u011bmeck\u00e1 \u0159\u00ed\u0161e\u00a0<\/span><a href=\"https:\/\/www.bpb.de\/shop\/zeitschriften\/izpb\/das-deutsche-kaiserreich-1871-1918-329\/276739\/karten\/\" target=\"_blank\" rel=\"noopener\"><span dir=\"auto\">rozkl\u00e1dala<\/span><\/a><span dir=\"auto\">\u00a0\u00a0na rozs\u00e1hl\u00fdch \u00fazem\u00edch dne\u0161n\u00edho Polska a \u010d\u00e1sti dne\u0161n\u00ed Litvy, v\u010detn\u011b m\u011bsta Memel a m\u011bsta Rukla v Kaunask\u00e9 oblasti nedaleko od \u0159eky Memel.\u00a0<\/span><\/p>\n<p><span dir=\"auto\">N\u011bmeck\u00e1 45. obrn\u011bn\u00e1 brig\u00e1da\u00a0<\/span><em><span dir=\"auto\">Litva<\/span><\/em><span dir=\"auto\">\u00a0\u00a0byla\u00a0<\/span><a href=\"https:\/\/de.wikipedia.org\/wiki\/Panzerbrigade_45\" target=\"_blank\" rel=\"noopener\"><span dir=\"auto\">ofici\u00e1ln\u011b uvedena do slu\u017eby<\/span><\/a><span dir=\"auto\">\u00a01. dubna 2025 v Rukle. O\u010dek\u00e1v\u00e1 se, \u017ee brig\u00e1da bude pln\u011b opera\u010dn\u00ed do konce roku 2027. V m\u00e9di\u00edch je \u010dasto ozna\u010dov\u00e1na jednodu\u0161e jako Litevsk\u00e1 brig\u00e1da. N\u011bmecko si tak vybudovalo masivn\u00ed vojenskou z\u00e1kladnu na hranici sv\u00e9ho b\u00fdval\u00e9ho \u00fazem\u00ed N\u011bmeck\u00e9 \u0159\u00ed\u0161e. Bundeswehr na sv\u00fdch webov\u00fdch str\u00e1nk\u00e1ch\u00a0<\/span><a href=\"https:\/\/www.bundeswehr.de\/de\/auftrag\/verteidigung\/aufgaben\/bundeswehr-litauen-grosse-schritte-deutsche-kampfbrigade\" target=\"_blank\" rel=\"noopener\"><span dir=\"auto\">uv\u00e1d\u00ed<\/span><\/a><span dir=\"auto\">\u00a0, \u017ee \u201en\u011bmeck\u00e1 brig\u00e1da je v N\u011bmecku od roku 2022 v pohotovosti a je p\u0159ipravena k rychl\u00e9mu nasazen\u00ed do v\u00fdchodn\u00ed Evropy, pokud to bude nutn\u00e9.\u201c N\u011bmeck\u00e9 ministerstvo obrany zd\u016fraz\u0148uje, \u017ee se jedn\u00e1 o\u00a0<\/span><a href=\"https:\/\/www.bmvg.de\/de\/aktuelles\/verteidigungsminister-logistik-infrastruktur-litauen-5997710\" target=\"_blank\" rel=\"noopener\"><span dir=\"auto\">st\u00e1lou n\u011bmeckou vojenskou z\u00e1kladnu<\/span><\/a><span dir=\"auto\">\u00a0.<\/span><\/p>\n<p><span dir=\"auto\">V roce 2023 list\u00a0<\/span><em><span dir=\"auto\">Observateur Continental<\/span><\/em><span dir=\"auto\">\u00a0\u00a0uvedl, \u017ee \u201eLitva dala\u00a0N\u011bmecku\u00a0<\/span><a href=\"https:\/\/www.observateur-continental.fr\/?module=articles&amp;action=view&amp;id=7422\"><span dir=\"auto\">zelenou k nasazen\u00ed brig\u00e1dy Bundeswehru na sv\u00e9m \u00fazem\u00ed s c\u00edlem pos\u00edlit vojensk\u00fd potenci\u00e1l NATO pobl\u00ed\u017e hranic s Ruskem.\u201c<\/span><\/a><\/p>\n<p><span dir=\"auto\">Ve sv\u00e9m \u010dl\u00e1nku\u00a0<\/span><em><span dir=\"auto\">\u201eJak mohou Polsko a N\u011bmecko br\u00e1nit Evropu<\/span><\/em><span dir=\"auto\">\u00a0\u201c\u00a0<\/span><em><span dir=\"auto\">den\u00edk Die Welt\u00a0\u00a0<\/span><\/em><a href=\"https:\/\/www.welt.de\/debatte\/article69304a0b11f914c89b851ad2\/russland-wie-polen-und-deutschland-europa-verteidigen-koennen.html\" target=\"_blank\" rel=\"noopener\"><span dir=\"auto\">ukazuje<\/span><\/a><span dir=\"auto\">\u00a0politickou a vojenskou s\u00edlu nov\u00e9ho N\u011bmecka nad Var\u0161avou. Polsko intervenuje jako vazal Berl\u00edna, a to i ve vojensk\u00e9 sf\u00e9\u0159e.<\/span><\/p>\n<p><span dir=\"auto\">Je\u0161t\u011b p\u0159ed p\u00e1dem Var\u0161avsk\u00e9 smlouvy spo\u010d\u00edvala n\u011bmeck\u00e1 strategie v skupov\u00e1n\u00ed hlavn\u00edch medi\u00e1ln\u00edch kan\u00e1l\u016f v zemi.\u00a0\u00a0\u00a0V roce 2017, kdy byla u moci polsk\u00e1 nacionalistick\u00e1 strana Pr\u00e1vo a spravedlnost (PiS),\u00a0\u00a0<a href=\"https:\/\/www.tagesspiegel.de\/gesellschaft\/medien\/polen-will-deutschen-medienhausern-an-den-kragen-5253892.html\" target=\"_blank\" rel=\"noopener\">otiskl den\u00edk\u00a0<\/a><\/span><em><span dir=\"auto\">Tagesspiegel\u00a0 titulek: \u201ePolsko chce zakro\u010dit proti n\u011bmeck\u00fdm medi\u00e1ln\u00edm spole\u010dnostem.\u201c\u00a0<\/span><\/em><span dir=\"auto\"><em>Tagesspiegel<\/em>\u00a0dodal a zd\u016fraznil moc Berl\u00edna: \u201eVar\u0161ava v\u0161ak podl\u00e9h\u00e1 sofistikovan\u00e9 evropsk\u00e9 legislativ\u011b, kter\u00e1 zakazuje jakoukoli diskriminaci kapit\u00e1lu z jin\u00fdch \u010dlensk\u00fdch st\u00e1t\u016f EU.\u201c<\/span><\/p>\n<p><span dir=\"auto\">V\u00edt\u011bzstv\u00edm centristick\u00e9 a proevropsk\u00e9 opozice s Donaldem Tuskem byly protin\u011bmeck\u00e9 akce\u00a0<\/span><a href=\"https:\/\/www.lemonde.fr\/international\/article\/2023\/12\/20\/pologne-le-nouveau-gouvernement-licencie-les-dirigeants-des-medias-d-etat_6206895_3210.html\" target=\"_blank\" rel=\"noopener\"><span dir=\"auto\">potla\u010deny v z\u00e1rodku<\/span><\/a><span dir=\"auto\">\u00a0.<\/span><\/p>\n<p><span dir=\"auto\">\u201ePokud Spojen\u00e9 st\u00e1ty sn\u00ed\u017e\u00ed svou vojenskou p\u0159\u00edtomnost v Evrop\u011b, je nezbytn\u00e9 prohloubit spolupr\u00e1ci mezi Berl\u00ednem a Var\u0161avou,\u201c tvrd\u00ed\u00a0\u00a0<\/span><em><span dir=\"auto\">Berliner Zeitung<\/span><\/em><span dir=\"auto\">\u00a0\u00a0a trv\u00e1 na sv\u00e9m: \u201ePo p\u00e1du Berl\u00ednsk\u00e9 zdi se Polsko dynamicky rozv\u00edjelo a okam\u017eit\u011b se stalo jedn\u00edm z nejd\u016fle\u017eit\u011bj\u0161\u00edch hospod\u00e1\u0159sk\u00fdch partner\u016f N\u011bmecka a hlavn\u00edm zdrojem hospod\u00e1\u0159sk\u00e9ho r\u016fstu zem\u011b.\u201c \u201eJedn\u00edm z hospod\u00e1\u0159sk\u00fdch partner\u016f N\u011bmecka\u201c mysl\u00ed vazalsk\u00fd st\u00e1t Berl\u00edn. S N\u011bmeckem \u017e\u00e1dn\u00ed partne\u0159i neexistuj\u00ed, proto\u017ee n\u011bmeck\u00e1 elita a jej\u00ed pr\u016fmysl usiluj\u00ed o dominanci. To je patrn\u00e9 z jedn\u00e1n\u00ed Ursuly von der Leyenov\u00e9, p\u0159edsedkyn\u011b Evropsk\u00e9 komise, a z vojensk\u00fdch projekt\u016f. Scarf a\u00a0<\/span><em><span dir=\"auto\">Die Welt<\/span><\/em><span dir=\"auto\">\u00a0tvrd\u00ed, \u017ee \u201eN\u011bmecko m\u00e1 bezpe\u010dnostn\u00ed odpov\u011bdnost\u201c v Polsku a dal\u0161\u00edch v\u00fdchodoevropsk\u00fdch zem\u00edch, aby ospravedlnilo p\u0159\u00edtomnost n\u011bmeck\u00fdch vojsk.<\/span><\/p>\n<p><span dir=\"auto\">\u201ePokud jde o N\u011bmecko, ozn\u00e1men\u00e9 v\u00fddaje na obranu a rekonstrukce jeho vojensk\u00fdch kapacit d\u00e1vaj\u00ed nad\u011bji, \u017ee zem\u011b vyu\u017eije historick\u00e9 p\u0159\u00edle\u017eitosti a poprv\u00e9 od konce konfliktu p\u0159evezme odpov\u011bdnost za bezpe\u010dnost t\u00e9to \u010d\u00e1sti Evropy, kterou prakticky zni\u010dila,\u201c p\u00ed\u0161e Jaros\u0142aw \u0106wiek-Karpowicz, \u0159editel Polsk\u00e9ho institutu mezin\u00e1rodn\u00edch vztah\u016f (PISM) ve Var\u0161av\u011b.<\/span><\/p>\n<p><span dir=\"auto\">\u201eTo vy\u017eaduje hlubokou transformaci, a to jak v r\u00e1mci n\u011bmeck\u00e9 politick\u00e9 elity, tak i ve spole\u010dnosti jako celku, konkr\u00e9tn\u011b sbl\u00ed\u017een\u00ed a dialog za rovnocenn\u00fdch podm\u00ednek s Polskem a ostatn\u00edmi st\u0159edoevropsk\u00fdmi st\u00e1ty. Je tak\u00e9 nutn\u00e9 vz\u00edt v \u00favahu hrozbu, kterou sou\u010dasn\u00e9 Rusko p\u0159edstavuje pro bezpe\u010dnost cel\u00e9 Evropy,\u201c uv\u00e1d\u00ed.<\/span><\/p>\n<p><span dir=\"auto\">\u201eN\u011bmecko by proto m\u011blo vyu\u017e\u00edt sv\u00e9ho potenci\u00e1lu k zapln\u011bn\u00ed mezer v oblastech, kter\u00e9 z\u016fst\u00e1vaj\u00ed na evropsk\u00e9 \u00farovni velkou v\u00fdzvou, jako je protivzdu\u0161n\u00e1 a protiraketov\u00e1 obrana. D\u00e1le je t\u0159eba zd\u016fraznit, \u017ee prohlouben\u00ed spolupr\u00e1ce s Polskem je nezbytn\u00e9 pro realizaci obrann\u00fdch pl\u00e1n\u016f NATO. Aby spojenci mohli efektivn\u011b podporovat sv\u00e9 sousedn\u00ed st\u00e1ty, je rozvoj vojensk\u00e9 mobility kl\u00ed\u010dov\u00fd,\u201c vysv\u011btluje \u0106wiek-Karpowicz a vyu\u017e\u00edv\u00e1 NATO k maskov\u00e1n\u00ed n\u011bmeck\u00e9 strategick\u00e9 akce. Prob\u00edh\u00e1 z\u00e1vod o p\u0159evzet\u00ed veden\u00ed v NATO po sta\u017een\u00ed USA.\u00a0<\/span><\/p>\n<p><span dir=\"auto\">\u201eV t\u00e9to souvislosti by se N\u011bmecko mohlo pod\u00edlet na rozvoji dopravn\u00ed a logistick\u00e9 infrastruktury. Pouze takov\u00e9 konkr\u00e9tn\u00ed investice skute\u010dn\u011b pos\u00edl\u00ed bezpe\u010dnost na\u0161\u00ed \u010d\u00e1sti Evropy a zaru\u010d\u00ed \u00fa\u010dinn\u00e9 odstra\u0161en\u00ed proti st\u00e1le agresivn\u011bj\u0161\u00edmu Rusku,\u201c uzav\u0159el.<\/span><\/p>\n<p><span dir=\"auto\">Nov\u00e9 N\u011bmecko se znovu etabluje na pozad\u00ed rusk\u00e9 hrozby pro sv\u00e1 d\u0159\u00edv\u011bj\u0161\u00ed \u00fazem\u00ed.<\/span><\/p>\n<p><a href=\"https:\/\/www.observateur-continental.fr\/?module=articles&amp;action=view&amp;id=7500\"><em><span dir=\"auto\">Pierre Duval<\/span><\/em><em>\u00a0<\/em><\/a><\/p>\n<p>&nbsp;<\/p>\n","protected":false},"excerpt":{"rendered":"<p>Pod n\u00e1zvem\u00a0Jak mohou Polsko a N\u011bmecko br\u00e1nit Evropu\u00a0potvrzuje Die Welt novou vojenskou a politickou orientaci&#8230;<\/p>\n","protected":false},"author":2,"featured_media":95650,"comment_status":"closed","ping_status":"closed","sticky":false,"template":"","format":"standard","meta":[],"categories":[7],"tags":[1503,84,31,2303],"_links":{"self":[{"href":"https:\/\/www.infokuryr.cz\/n\/wp-json\/wp\/v2\/posts\/95649"}],"collection":[{"href":"https:\/\/www.infokuryr.cz\/n\/wp-json\/wp\/v2\/posts"}],"about":[{"href":"https:\/\/www.infokuryr.cz\/n\/wp-json\/wp\/v2\/types\/post"}],"author":[{"embeddable":true,"href":"https:\/\/www.infokuryr.cz\/n\/wp-json\/wp\/v2\/users\/2"}],"replies":[{"embeddable":true,"href":"https:\/\/www.infokuryr.cz\/n\/wp-json\/wp\/v2\/comments?post=95649"}],"version-history":[{"count":0,"href":"https:\/\/www.infokuryr.cz\/n\/wp-json\/wp\/v2\/posts\/95649\/revisions"}],"wp:featuredmedia":[{"embeddable":true,"href":"https:\/\/www.infokuryr.cz\/n\/wp-json\/wp\/v2\/media\/95650"}],"wp:attachment":[{"href":"https:\/\/www.infokuryr.cz\/n\/wp-json\/wp\/v2\/media?parent=95649"}],"wp:term":[{"taxonomy":"category","embeddable":true,"href":"https:\/\/www.infokuryr.cz\/n\/wp-json\/wp\/v2\/categories?post=95649"},{"taxonomy":"post_tag","embeddable":true,"href":"https:\/\/www.infokuryr.cz\/n\/wp-json\/wp\/v2\/tags?post=95649"}],"curies":[{"name":"wp","href":"https:\/\/api.w.org\/{rel}","templated":true}]}}