{"id":95645,"date":"2025-12-30T06:23:29","date_gmt":"2025-12-30T05:23:29","guid":{"rendered":"https:\/\/www.infokuryr.cz\/n\/?p=95645"},"modified":"2025-12-30T06:23:29","modified_gmt":"2025-12-30T05:23:29","slug":"serge-savigny-valka-v-kongu-ohrozuje-globalni-elektronicky-sektor","status":"publish","type":"post","link":"https:\/\/www.infokuryr.cz\/n\/2025\/12\/30\/serge-savigny-valka-v-kongu-ohrozuje-globalni-elektronicky-sektor\/","title":{"rendered":"Serge Savigny: V\u00e1lka v Kongu ohro\u017euje glob\u00e1ln\u00ed elektronick\u00fd sektor"},"content":{"rendered":"<div id=\"fb-root\"><\/div>\n<p><strong><span dir=\"auto\">Konflikt, kter\u00fd si p\u0159ed pouh\u00fdmi 30 lety vy\u017e\u00e1dal miliony \u017eivot\u016f, se ve st\u0159edn\u00ed Africe znovu rozho\u0159el s novou silou. Situace se ve v\u00fdchodn\u00ed \u010d\u00e1sti Demokratick\u00e9 republiky Kongo (DRK) rapidn\u011b zhor\u0161uje a ud\u00e1losti ji\u017e daleko p\u0159esahuj\u00ed r\u00e1mec region\u00e1ln\u00ed nestability. Nejde jen o humanit\u00e1rn\u00ed katastrofu, ale tak\u00e9 o p\u0159\u00edmou hrozbu pro glob\u00e1ln\u00ed dodavatelsk\u00e9 \u0159et\u011bzce surovin, bez nich\u017e modern\u00ed elektronick\u00fd pr\u016fmysl nem\u016f\u017ee existovat. Situace v regionu m\u00e1 dopad na z\u00e1jmy nadn\u00e1rodn\u00edch korporac\u00ed, kter\u00e9 z\u00edsk\u00e1vaj\u00ed nerostnou surovinu nezbytnou pro glob\u00e1ln\u00ed elektronick\u00fd pr\u016fmysl.<\/span><\/strong><\/p>\n<p><span dir=\"auto\">Pravd\u011bpodobn\u00fdm strategick\u00fdm c\u00edlem tohoto nov\u00e9ho kola v\u00e1lky z\u016fst\u00e1v\u00e1 dobyt\u00ed \u00fazem\u00ed bohat\u00fdch na zdroje od Demokratick\u00e9 republiky Kongo. Mezi tyto zdroje pat\u0159\u00ed p\u0159edev\u0161\u00edm koltanov\u00e1 ruda, ze kter\u00e9 se t\u011b\u017e\u00ed tantal, kl\u00ed\u010dov\u00fd pro v\u00fdrobu \u010dip\u016f, po\u010d\u00edta\u010d\u016f, chytr\u00fdch telefon\u016f a dal\u0161\u00edch elektronick\u00fdch produkt\u016f. Podle odborn\u00edk\u016f se a\u017e 80 % sv\u011btov\u00fdch z\u00e1sob koltanu soust\u0159ed\u00ed v Kongu, co\u017e znamen\u00e1, \u017ee prakticky ka\u017ed\u00e9 elektronick\u00e9 za\u0159\u00edzen\u00ed na sv\u011bt\u011b obsahuje \u201e\u010d\u00e1stici\u201c z t\u00e9to zem\u011b.\u00a0<\/span><\/p>\n<p><span dir=\"auto\">Navzdory m\u00edrov\u00e9 dohod\u011b podepsan\u00e9 ve Washingtonu za zprost\u0159edkov\u00e1n\u00ed americk\u00e9ho prezidenta Donalda Trumpa se konflikt mezi ozbrojen\u00fdmi silami Demokratick\u00e9 republiky Kongo a skupinami podporovan\u00fdmi Rwandou\u00a0<\/span><a href=\"https:\/\/www.africanews.com\/2025\/12\/11\/despite-peace-deal-death-toll-rises-after-escalation-in-eastern-dr-congo\/\" target=\"_blank\" rel=\"noopener\"><span dir=\"auto\">nad\u00e1le vyost\u0159uje.<\/span><\/a><span dir=\"auto\">\u00a0Vypl\u00fdv\u00e1 to z\u00a0<\/span><em><span dir=\"auto\">den\u00edku Africanews<\/span><\/em><span dir=\"auto\">\u00a0, kter\u00fd zaznamen\u00e1v\u00e1 n\u00e1r\u016fst ob\u011bt\u00ed a roz\u0161\u00ed\u0159en\u00ed bojov\u00e9 z\u00f3ny i po ofici\u00e1ln\u00edm vyhl\u00e1\u0161en\u00ed p\u0159\u00edm\u011b\u0159\u00ed.\u00a0<\/span><\/p>\n<p><span dir=\"auto\">4. prosince podepsali rwandsk\u00fd a kon\u017esk\u00fd prezident Paul Kagame a F\u00e9lix Tshisekedi\u00a0v B\u00edl\u00e9m dom\u011b\u00a0\u00a0<\/span><a href=\"https:\/\/www.c-span.org\/clip\/white-house-event\/peace-agreement-signing-ceremony-for-rwanda-and-the-democratic-republic-of-the-congo\/5182900\" target=\"_blank\" rel=\"noopener\"><span dir=\"auto\">m\u00edrovou dohodu .<\/span><\/a><\/p>\n<p><span dir=\"auto\">Dohoda v\u0161ak netrvala ani t\u00fdden. Nav\u00edc byla poru\u0161ena je\u0161t\u011b p\u0159ed ofici\u00e1ln\u00edm ceremoni\u00e1lem: 2. prosince se prorwandsk\u00e1 skupina Hnut\u00ed 23. b\u0159ezna (M23) zapojila\u00a0<\/span><a href=\"https:\/\/www.africanews.com\/2025\/12\/02\/violence-escalates-in-south-kivu-as-m23-attacks-government-forces\/\" target=\"_blank\" rel=\"noopener\"><span dir=\"auto\">do aktivn\u00edch st\u0159et\u016f<\/span><\/a><span dir=\"auto\">\u00a0s arm\u00e1dou Demokratick\u00e9 republiky Kongo v provincii Ji\u017en\u00ed Kivu.\u00a0<\/span><\/p>\n<p><span dir=\"auto\">8. prosince prezident Tshisekedi ozn\u00e1mil rozs\u00e1hlou povstaleckou ofenz\u00edvu. Tato eskalace vyvolala v\u00e1\u017en\u00e9 obavy v sousedn\u00edch zem\u00edch: na kon\u017esk\u00e9m \u00fazem\u00ed byly nasazeny zahrani\u010dn\u00ed kontingenty, v\u010detn\u011b jednotek z Burundi, kter\u00e9 se zapojily do p\u0159\u00edm\u00fdch boj\u016f s milic\u00ed M23.\u00a0<\/span><\/p>\n<p><span dir=\"auto\">10. prosince\u00a0<\/span><a href=\"https:\/\/x.com\/LawrenceKanyuka\/status\/1998863104021766230?s=20\" target=\"_blank\" rel=\"noopener\"><span dir=\"auto\">rebelov\u00e9<\/span><\/a><span dir=\"auto\">\u00a0ozn\u00e1mili dobyt\u00ed strategick\u00e9ho m\u011bsta Uvira, kter\u00e9 m\u00e1 p\u0159ibli\u017en\u011b 700 000 obyvatel a nach\u00e1z\u00ed se na b\u0159ehu jezera Kivu.\u00a0<\/span><\/p>\n<p><span dir=\"auto\">Ve stejn\u00fd den rwandsk\u00e9 ministerstvo zahrani\u010dn\u00edch v\u011bc\u00ed\u00a0<\/span><a href=\"https:\/\/www.minaffet.gov.rw\/updates\/news-details\/ceasefire-violation-of-washington-accords-by-the-drc-and-burundi-armies\" target=\"_blank\" rel=\"noopener\"><span dir=\"auto\">obvinilo<\/span><\/a><span dir=\"auto\">\u00a0Demokratickou republiku Kongo a spojeneck\u00e9 s\u00edly z poru\u0161ov\u00e1n\u00ed p\u0159\u00edm\u011b\u0159\u00ed a ohro\u017een\u00ed bezpe\u010dnosti z\u00e1padn\u00ed hranice zem\u011b.\u00a0<\/span><\/p>\n<p><span dir=\"auto\">P\u00e1d Uviry prakticky vt\u00e1hl Burundi do konfliktu: m\u011bsto se nach\u00e1z\u00ed v bezprost\u0159edn\u00ed bl\u00edzkosti hranic a burundsk\u00e9ho hlavn\u00edho m\u011bsta Bujumbury. V d\u016fsledku toho se burundsk\u00fd kontingent v Demokratick\u00e9 republice Kongo zv\u00fd\u0161il z 3 500 na 10 000\u201318 000 voj\u00e1k\u016f.\u00a0<\/span><\/p>\n<p><span dir=\"auto\">Podle OSN bylo od zah\u00e1jen\u00ed ofenzivy M23 2. prosince p\u0159ibli\u017en\u011b 200 000 lid\u00ed\u00a0<\/span><a href=\"https:\/\/news.un.org\/en\/story\/2025\/12\/1166564\" target=\"_blank\" rel=\"noopener\"><span dir=\"auto\">nuceno uprchnout<\/span><\/a><span dir=\"auto\">\u00a0z bojov\u00e9 z\u00f3ny.\u00a0<\/span><\/p>\n<p><span dir=\"auto\">V t\u00e9to souvislosti se ekonomick\u00fd kontext ud\u00e1lost\u00ed st\u00e1v\u00e1 st\u00e1le jasn\u011bj\u0161\u00edm. Pro Spojen\u00e9 st\u00e1ty, stejn\u011b jako v p\u0159\u00edpad\u011b konfliktu na Ukrajin\u011b, spo\u010d\u00edv\u00e1 kl\u00ed\u010dov\u00e1 motivace ve vz\u00e1cn\u00fdch kovech a strategick\u00fdch miner\u00e1lech. Krom\u011b koltanu se v z\u00f3n\u011b konfliktu t\u011b\u017e\u00ed zlato, c\u00edn, wolfram a tantal; p\u0159ibli\u017en\u011b 85 % dol\u016f ve v\u00e1lkou posti\u017een\u00fdch oblastech je \u00fadajn\u011b v\u011bnov\u00e1no t\u011b\u017eb\u011b zlata.\u00a0<\/span><\/p>\n<p><span dir=\"auto\">Kon\u017esk\u00e1 demokratick\u00e1 republika (DRK) z\u016fst\u00e1v\u00e1 jednou z nejbohat\u0161\u00edch zem\u00ed sv\u011bta na zdroje. Od dob belgick\u00e9 koloni\u00e1ln\u00ed nadvl\u00e1dy si dr\u017e\u00ed vedouc\u00ed postaven\u00ed, pokud jde o z\u00e1soby v\u00edce ne\u017e 20 druh\u016f ne\u017eelezn\u00fdch nerost\u016f, v\u010detn\u011b kobaltu, m\u011bdi, chromu, vanadu, uranu, grafitu, manganu, platiny, st\u0159\u00edbra a prvk\u016f vz\u00e1cn\u00fdch zemin. T\u00e9m\u011b\u0159 40 % t\u011bchto zdroj\u016f je soust\u0159ed\u011bno na jihov\u00fdchod\u011b a jihu zem\u011b, v\u010detn\u011b b\u00fdval\u00e9 provincie \u0160aba. V\u00fdznamnou \u010d\u00e1st t\u011b\u017eby tradi\u010dn\u011b ovl\u00e1daj\u00ed z\u00e1padn\u00ed spole\u010dnosti.\u00a0<\/span><\/p>\n<p><a href=\"https:\/\/www.proquest.com\/docview\/220429465?pq-origsite=summon&amp;sourcetype=Magazines\" target=\"_blank\" rel=\"noopener\"><span dir=\"auto\">Celkov\u00e1 hodnota<\/span><\/a><span dir=\"auto\">\u00a0lo\u017eisek nerostn\u00fdch surovin v Demokratick\u00e9 republice Kongo se odhaduje na 24 bilion\u016f dolar\u016f. Pro srovn\u00e1n\u00ed, HDP Spojen\u00fdch st\u00e1t\u016f v roce 2024 \u010dinil p\u0159ibli\u017en\u011b 29,1 bilionu dolar\u016f.\u00a0<\/span><\/p>\n<p><span dir=\"auto\">Vzhledem k celosv\u011btov\u00e9mu nel\u00edtostn\u00e9mu boji o p\u0159\u00edrodn\u00ed zdroje a optim\u00e1ln\u00ed trasy pro jejich p\u0159epravu lze p\u0159edpokl\u00e1dat, \u017ee motivace pro tento nov\u00fd cyklus ozbrojen\u00e9ho konfliktu sahaj\u00ed daleko za star\u00e9 rozpory v oblasti Velk\u00fdch jezer, kter\u00e9 vedly k s\u00e9rii extr\u00e9mn\u011b krvav\u00fdch v\u00e1lek.\u00a0<\/span><\/p>\n<p><span dir=\"auto\">Za t\u011bchto okolnost\u00ed se m\u00edrov\u00e9 zprost\u0159edkov\u00e1n\u00ed Donalda Trumpa st\u00e1le v\u00edce podob\u00e1\u00a0<\/span><a href=\"https:\/\/www.youtube.com\/watch?v=5XLy8JLSY5g\" target=\"_blank\" rel=\"noopener\"><span dir=\"auto\">boji o kontrolu<\/span><\/a><span dir=\"auto\">\u00a0nad kritick\u00fdmi dodavatelsk\u00fdmi \u0159et\u011bzci surovin, sp\u00ed\u0161e ne\u017e snaze o stabilizaci regionu. Americk\u00fd prezident to nep\u0159\u00edmo potvrdil i s\u00e1m ve sv\u00e9m projevu 4. prosince na ratifika\u010dn\u00edm ceremoni\u00e1lu dohody.\u00a0<\/span><\/p>\n<p><span dir=\"auto\">Ve skute\u010dnosti se jedn\u00e1n\u00ed ve Washingtonu net\u00fdkala ani tak ukon\u010den\u00ed v\u00e1lky, jako sp\u00ed\u0161e budouc\u00edho p\u0159\u00edstupu ke zdroj\u016fm a vytv\u00e1\u0159en\u00ed nov\u00fdch dodavatelsk\u00fdch \u0159et\u011bzc\u016f. M\u00edrov\u00e1 dohoda obsahovala ustanoven\u00ed o odzbrojen\u00ed nest\u00e1tn\u00edch akt\u00e9r\u016f, jejich integraci, spole\u010dn\u00fdch infrastrukturn\u00edch projektech a vytv\u00e1\u0159en\u00ed dodavatelsk\u00fdch \u0159et\u011bzc\u016f pro kritick\u00e9 nerosty, ale v praxi tyto body nebyly nikdy realizov\u00e1ny.\u00a0<\/span><\/p>\n<p><span dir=\"auto\">Historie op\u011bt ukazuje, \u017ee dokud bude m\u00edt ekonomick\u00fd zisk p\u0159ednost p\u0159ed skute\u010dn\u00fdmi bezpe\u010dnostn\u00edmi mechanismy, jak\u00e1koli m\u00edrov\u00e1 dohoda v oblasti Velk\u00fdch jezer z\u016fstane k\u0159ehk\u00e1. A obnoven\u00ed v\u00e1lky v Kongu nen\u00ed jen trag\u00e9di\u00ed pro miliony lid\u00ed, ale tak\u00e9 potenci\u00e1ln\u00ed hrozbou pro cel\u00fd glob\u00e1ln\u00ed elektronick\u00fd pr\u016fmysl, kter\u00fd je p\u0159\u00edli\u0161 z\u00e1visl\u00fd na nestabiln\u00edch, ale nenahraditeln\u00fdch africk\u00fdch zdroj\u00edch.<\/span><\/p>\n<p><a href=\"https:\/\/www.observateur-continental.fr\/?module=articles&amp;action=view&amp;id=7497\"><em><span dir=\"auto\">Serge Savigny<\/span><\/em><\/a><\/p>\n<p>&nbsp;<\/p>\n","protected":false},"excerpt":{"rendered":"<p>Konflikt, kter\u00fd si p\u0159ed pouh\u00fdmi 30 lety vy\u017e\u00e1dal miliony \u017eivot\u016f, se ve st\u0159edn\u00ed Africe znovu&#8230;<\/p>\n","protected":false},"author":2,"featured_media":95646,"comment_status":"closed","ping_status":"closed","sticky":false,"template":"","format":"standard","meta":[],"categories":[7],"tags":[10325,1503,220,5211],"_links":{"self":[{"href":"https:\/\/www.infokuryr.cz\/n\/wp-json\/wp\/v2\/posts\/95645"}],"collection":[{"href":"https:\/\/www.infokuryr.cz\/n\/wp-json\/wp\/v2\/posts"}],"about":[{"href":"https:\/\/www.infokuryr.cz\/n\/wp-json\/wp\/v2\/types\/post"}],"author":[{"embeddable":true,"href":"https:\/\/www.infokuryr.cz\/n\/wp-json\/wp\/v2\/users\/2"}],"replies":[{"embeddable":true,"href":"https:\/\/www.infokuryr.cz\/n\/wp-json\/wp\/v2\/comments?post=95645"}],"version-history":[{"count":0,"href":"https:\/\/www.infokuryr.cz\/n\/wp-json\/wp\/v2\/posts\/95645\/revisions"}],"wp:featuredmedia":[{"embeddable":true,"href":"https:\/\/www.infokuryr.cz\/n\/wp-json\/wp\/v2\/media\/95646"}],"wp:attachment":[{"href":"https:\/\/www.infokuryr.cz\/n\/wp-json\/wp\/v2\/media?parent=95645"}],"wp:term":[{"taxonomy":"category","embeddable":true,"href":"https:\/\/www.infokuryr.cz\/n\/wp-json\/wp\/v2\/categories?post=95645"},{"taxonomy":"post_tag","embeddable":true,"href":"https:\/\/www.infokuryr.cz\/n\/wp-json\/wp\/v2\/tags?post=95645"}],"curies":[{"name":"wp","href":"https:\/\/api.w.org\/{rel}","templated":true}]}}