{"id":95611,"date":"2025-12-30T00:13:07","date_gmt":"2025-12-29T23:13:07","guid":{"rendered":"https:\/\/www.infokuryr.cz\/n\/?p=95611"},"modified":"2025-12-29T17:44:18","modified_gmt":"2025-12-29T16:44:18","slug":"thomas-roper-jakkoli-byl-rok-2025-pro-eu-tezky-rok-2026-bude-jeste-horsi","status":"publish","type":"post","link":"https:\/\/www.infokuryr.cz\/n\/2025\/12\/30\/thomas-roper-jakkoli-byl-rok-2025-pro-eu-tezky-rok-2026-bude-jeste-horsi\/","title":{"rendered":"Thomas R\u00f6per: \u201eJakkoli byl rok 2025 pro EU t\u011b\u017ek\u00fd, rok 2026 bude je\u0161t\u011b hor\u0161\u00ed\u201c"},"content":{"rendered":"<div id=\"fb-root\"><\/div>\n<p><strong><span dir=\"auto\">Vyhl\u00eddky EU jsou bez\u00fat\u011b\u0161n\u00e9, jak p\u0159iznala italsk\u00e1 premi\u00e9rka Meloniov\u00e1, kdy\u017e prohl\u00e1sila, \u017ee a\u0165 u\u017e byla EU v roce 2025 jakkoli obt\u00ed\u017en\u00e1, rok 2026 bude je\u0161t\u011b hor\u0161\u00ed.<\/span><\/strong><\/p>\n<p><span dir=\"auto\">I kdy\u017e tohle p\u00ed\u0161u t\u00e9m\u011b\u0159 ka\u017ed\u00fd t\u00fdden, report\u00e1\u017e n\u011bmeck\u00e9ho zpravodaje, kterou rusk\u00e1 televize odvys\u00edlala v ned\u011bli ve sv\u00e9m t\u00fddenn\u00edm zpravodajsk\u00e9m p\u0159ehledu, pro m\u011b op\u011bt pat\u0159ila k vrchol\u016fm po\u0159adu, proto\u017ee odhalila spoustu v\u011bc\u00ed, kter\u00e9 n\u011bmeck\u00e1 m\u00e9dia o politick\u00e9m t\u00fddnu v Evrop\u011b a N\u011bmecku zaml\u010duj\u00ed. Nebo jste nap\u0159\u00edklad sly\u0161eli v n\u011bmeck\u00fdch m\u00e9di\u00edch n\u011bco o prohl\u00e1\u0161en\u00ed italsk\u00e9ho premi\u00e9ra Meloniho citovan\u00e9m v titulku tohoto \u010dl\u00e1nku?<\/span><\/p>\n<p><span dir=\"auto\">P\u0159elo\u017eil jsem zpr\u00e1vu rusk\u00e9ho\u00a0<\/span><a href=\"https:\/\/vesti7.ru\/video\/3064399\/episode\/28-12-2025\/\"><u><span dir=\"auto\">korespondenta<\/span><\/u><\/a><span dir=\"auto\">\u00a0, jako to d\u011bl\u00e1m ka\u017ed\u00fd t\u00fdden.<\/span><\/p>\n<p><em><strong><span dir=\"auto\">Za\u010d\u00e1tek p\u0159ekladu:<\/span><\/strong><\/em><\/p>\n<h2 class=\"wp-block-heading\"><span dir=\"auto\">EU se d\u011bs\u00ed roku 2026<\/span><\/h2>\n<p><span dir=\"auto\">Pro Star\u00fd sv\u011bt byl rok prost\u011b katastrof\u00e1ln\u00ed. Odm\u00edtnut\u00ed n\u00e1kupu rusk\u00e9ho plynu a dvacet sank\u010dn\u00edch bal\u00ed\u010dk\u016f po\u0161kodily Evropu v\u00edce ne\u017e n\u00e1s.<\/span><\/p>\n<p><span dir=\"auto\">Ekonomika EU ztratila svou konkurenceschopnost a vstoupila do f\u00e1ze deindustrializace a beznad\u011bjn\u00e9 recese. Politici z p\u0159edn\u00edch zem\u00ed kontinentu se ocitli v kl\u00ed\u010dov\u00fdch glob\u00e1ln\u00edch procesech na vedlej\u0161\u00ed koleji, proto\u017ee se nepod\u00edlej\u00ed na jedn\u00e1n\u00edch, a tud\u00ed\u017e ani na rozhodov\u00e1n\u00ed.<\/span><\/p>\n<p><span dir=\"auto\">Takzvan\u00e1 \u201ekoalice ochotn\u00fdch\u201c, naka\u017een\u00e1 Zelensk\u00fdm, se stala symbolem kolektivn\u00ed bezmocnosti a mor\u00e1ln\u00edho selh\u00e1n\u00ed roku. Tito politici, ve sv\u00fdch vlastn\u00edch zem\u00edch hluboce nepopul\u00e1rn\u00ed, se rozhodli pro v\u00e1lku proti Rusku a zesm\u011b\u0161nili se, a proto je Putin opovr\u017eliv\u011b ozna\u010doval za \u201eevropsk\u00e9 podsviniki\u201c. (\u00a0<\/span><em><span dir=\"auto\">Pozn\u00e1mka p\u0159ekladatele: Rusk\u00e9 slovo \u201epodsviniki\u201c nelze doslovn\u011b p\u0159elo\u017eit do jin\u00fdch jazyk\u016f; p\u0159ibli\u017en\u00fd v\u00fdznam slova si m\u016f\u017eete p\u0159e\u010d\u00edst\u00a0<\/span><\/em><a href=\"https:\/\/anti-spiegel.ru\/2025\/putins-wichtigste-aussagen-zur-ukraine-und-zu-den-europaeern\/\"><u><em><span dir=\"auto\">zde<\/span><\/em><\/u><\/a><em><span dir=\"auto\">\u00a0. Zhruba se p\u0159ekl\u00e1d\u00e1 jako \u201esel\u00e1tka\u201c nebo \u201emal\u00e1 pras\u00e1tka\u201c, co\u017e v\u00fdznam zcela nevystihuje<\/span><\/em><span dir=\"auto\">\u00a0.)<\/span><\/p>\n<p><span dir=\"auto\">A vskutku, je t\u011b\u017ek\u00e9 nesouhlasit s Putinem, kdy\u017e \u0159\u00edk\u00e1, \u017ee ta nestejn\u00e1 banda evropsk\u00fdch l\u00eddr\u016f d\u011bl\u00e1 rozhodnut\u00ed, kde \u201ejedna chyba n\u00e1sleduje druhou\u201c. A co \u201ezelen\u00e1 agenda\u201c? Kde jsou v\u0161echny ty \u0159e\u010di o lidsk\u00fdch pr\u00e1vech a multikulturalismu? A pro\u010d u\u017e nesly\u0161\u00edme nic o \u201eevropsk\u00fdch hodnot\u00e1ch\u201c? Kam se pod\u011bly?<\/span><\/p>\n<p><span dir=\"auto\">Pokus o kr\u00e1de\u017e rusk\u00fdch aktiv v hodnot\u011b 200 miliard eur z bruselsk\u00fdch trezor\u016f byl sebeobvi\u0148uj\u00edc\u00edm \u010dinem. Na posledn\u00ed chv\u00edli se ob\u00e1vali vn\u011bj\u0161\u00edch n\u00e1sledk\u016f, ale v\u0161em bylo jasn\u00e9, \u017ee Ursula von der Leyen, Friedrich Merz a jejich kump\u00e1ni postr\u00e1daj\u00ed jak\u00fdkoli mor\u00e1ln\u00ed kompas. A te\u010f okr\u00e1daj\u00ed uvnit\u0159.<\/span><\/p>\n<p><span dir=\"auto\">EU se s obavami d\u00edv\u00e1 do nadch\u00e1zej\u00edc\u00edho roku. Italsk\u00e1 premi\u00e9rka Giorgia Meloniov\u00e1 se o hroz\u00edc\u00ed katastrof\u011b otev\u0159en\u011b vyj\u00e1d\u0159ila: \u201eTento rok nebyl pro nikoho z n\u00e1s snadn\u00fd. Ale nebojte se, p\u0159\u00ed\u0161t\u00ed rok bude mnohem hor\u0161\u00ed.\u201c<\/span><\/p>\n<p><span dir=\"auto\">Z Evropy informuje n\u00e1\u0161 zpravodaj.<\/span><\/p>\n<p><span dir=\"auto\">V\u00e1no\u010dn\u00ed sv\u00e1tky d\u00e1vaj\u00ed politik\u016fm \u010das na \u00fastup a ti se objevuj\u00ed pouze ve v\u00e1no\u010dn\u00edch vide\u00edch. Spolkov\u00fd prezident Steinmeier, kmotr kyjevsk\u00e9ho re\u017eimu, byl ve sv\u00e9m v\u00e1no\u010dn\u00edm projevu tak bezv\u00fdrazn\u00fd a neemotivn\u00ed, \u017ee Berliner Zeitung dosp\u011bl k jednoduch\u00e9mu a logick\u00e9mu z\u00e1v\u011bru: \u201eN\u011bmecko nepot\u0159ebuje ani tohoto mu\u017ee, ani tento \u00fa\u0159ad.\u201c Zem\u011b ale st\u00e1le nem\u016f\u017ee fungovat bez kancl\u00e9\u0159e.<\/span><\/p>\n<p><span dir=\"auto\">Merz se st\u00e1le v\u00edce st\u00e1v\u00e1 kancl\u00e9\u0159em sv\u00e9 strany, CDU, a rozhodn\u011b ne kancl\u00e9\u0159em cel\u00e9ho N\u011bmecka. Na jeho osobn\u00edm seznamu priorit m\u00e1 podpora Ukrajiny jasn\u011b p\u0159ednost p\u0159ed zachov\u00e1n\u00edm n\u011bmeck\u00e9ho zp\u016fsobu \u017eivota, jak uvedl ve sv\u00e9m v\u00e1no\u010dn\u00edm projevu: \u201eJde o svobodu, m\u00edr, bezpe\u010dnost a blahobyt cel\u00e9ho na\u0161eho kontinentu. V tomto duchu c\u00edt\u00edme svou odpov\u011bdnost v\u016f\u010di N\u011bmecku a Evrop\u011b.\u201c<\/span><\/p>\n<p><span dir=\"auto\">V roce 2026 nate\u010de na Ukrajinu ne 8, ne 11,5, ale 15 miliard eur, des\u00edtky miliard do vojensko-pr\u016fmyslov\u00e9ho komplexu, 109 miliard do n\u011bmeck\u00fdch ozbrojen\u00fdch sil a co se stane se zbytkem, se teprve uvid\u00ed. N\u011bmeck\u00e1 ministryn\u011b hospod\u00e1\u0159stv\u00ed Katherina Reicheov\u00e1 z Merzovy strany k tomu poblahop\u0159\u00e1la sv\u00fdm spoluob\u010dan\u016fm slovy: \u201ePoprv\u00e9 od zalo\u017een\u00ed Spolkov\u00e9 republiky N\u011bmecko u\u017e nem\u016f\u017eeme dodr\u017eet slib prosperity a vzestupn\u00e9 mobility, \u017ee p\u0159\u00ed\u0161t\u00ed generace bude na tom l\u00e9pe ne\u017e tato.\u201c<\/span><\/p>\n<p><span dir=\"auto\">Americk\u00e1 cla by zni\u010dila n\u011bmeck\u00fd ekonomick\u00fd model; export by se zhroutil, na\u0159\u00edk\u00e1 Reiche a p\u0159\u00edhodn\u011b zapom\u00edn\u00e1 dodat, \u017ee zni\u010den\u00ed pr\u00e1v\u011b tohoto modelu za\u010dalo odm\u00edtnut\u00edm levn\u00e9 rusk\u00e9 energie. Tedy t\u00edm, co jejich p\u0159edch\u016fdci ud\u011blali vlastn\u00edma rukama, p\u0159esto sami nehnou ani prstem, aby na tom n\u011bco zm\u011bnili.<\/span><\/p>\n<p><span dir=\"auto\">Na konci roku se Merzova m\u00edra popularity pohybovala na 22 procentech, co\u017e je \u010d\u00edslo, kter\u00e9 jeho p\u0159edch\u016fdce Scholz dos\u00e1hl podstatn\u011b d\u00e9le.<\/span><\/p>\n<p><span dir=\"auto\">V\u00e1no\u010dn\u00ed sv\u00e1tky p\u0159i\u0161ly pro Merze v prav\u00fd \u010das, proto\u017ee legitimn\u00ed p\u0159est\u00e1vka od ve\u0159ejn\u00fdch aktivit mu usnadnila sn\u00e1\u0161et vlnu ho\u0159kosti, kter\u00e1 doprov\u00e1zela rozd\u011blen\u00ed n\u011bmeck\u00e9 ve\u0159ejnosti v\u016f\u010di kancl\u00e9\u0159i.<\/span><\/p>\n<p><span dir=\"auto\">Nav\u00edc nemus\u00ed odpov\u00eddat na v\u0161echny ty nep\u0159\u00edjemn\u00e9 ot\u00e1zky, kter\u00e9 se nahromadily, zejm\u00e9na na fiasko z minul\u00e9ho t\u00fddne ohledn\u011b \u201erepara\u010dn\u00ed p\u016fj\u010dky\u201c: Pokus o okr\u00e1d\u00e1n\u00ed Ruska selhal, tak\u017ee museli znovu okr\u00e1st Evropany. Francouzsk\u00fd prezident nav\u00edc sehr\u00e1l kl\u00ed\u010dovou roli v ne\u00fasp\u011bchu pl\u00e1nu Merze a von der Leyenov\u00e9.<\/span><\/p>\n<p><span dir=\"auto\">B\u011bhem v\u00e1no\u010dn\u00edho t\u00fddne nav\u0161t\u00edvil Macron 5. kyrysnick\u00fd pluk ve Spojen\u00fdch arabsk\u00fdch emir\u00e1tech. Voj\u00e1k\u016fm dal ve\u010de\u0159i, kterou p\u0159ipravili jeho osobn\u00ed kucha\u0159i. Tr\u00e9noval s nimi, b\u011bhal, sk\u00e1kal a d\u011blal kliky \u2013 a pro francouzsk\u00fd lid m\u011bl d\u00e1rek: Nov\u00fd dluh ve v\u00fd\u0161i 6 procent HDP v\u00e1m nesta\u010d\u00ed, tak\u017ee se ho pust\u00edme do je\u0161t\u011b v\u011bt\u0161\u00edho, jak to vyj\u00e1d\u0159il Macron: \u201ePo d\u016fkladn\u00e9 a komplexn\u00ed anal\u00fdze jsem se rozhodl vybavit Francii novou letadlovou lod\u00ed.\u201c<\/span><\/p>\n<p><span dir=\"auto\">Francouzsk\u00fd gener\u00e1ln\u00ed \u0161t\u00e1b p\u0159irozen\u011b ozna\u010duje n\u00e1kup letadlov\u00e9 lodi za \u201epochybn\u00fd\u201c, ale jak p\u00ed\u0161e Politico, EU o\u010dek\u00e1v\u00e1 veden\u00ed od Pa\u0159\u00ed\u017ee, jeliko\u017e Francie je jedinou jadernou mocnost\u00ed v Unii.<\/span><\/p>\n<p><span dir=\"auto\">Stejn\u00e1 \u00farove\u0148 v\u016fdcovstv\u00ed se ale o\u010dek\u00e1v\u00e1 i od n\u011bmeck\u00e9 kancl\u00e9\u0159ky. Zd\u00e1 se, \u017ee na ned\u00e1vn\u00e9m summitu EU nejen Meloniho nal\u00e9h\u00e1n\u00ed, ale i st\u0159et ambic\u00ed p\u0159isp\u011bl k tomu, \u017ee Macron, v jeho\u017e hlas Merz doufal, na posledn\u00ed chv\u00edli p\u0159eb\u011bhl do t\u00e1bora odp\u016frc\u016f p\u0159esunu rusk\u00fdch aktiv na Ukrajinu.<\/span><\/p>\n<p><span dir=\"auto\">Macron zradil Merze a v\u00ed, \u017ee za to bude muset zaplatit. Tou cenou je dal\u0161\u00ed rozkol ve francouzsko-n\u011bmeck\u00e9m j\u00e1dru EU a rozpad \u201ekoalice ochotn\u00fdch\u201c, kter\u00e1 zjevn\u011b chce jin\u00e9 v\u011bci.<\/span><\/p>\n<p><span dir=\"auto\">Macronovo uv\u011bdom\u011bn\u00ed si, \u017ee jedn\u00e1n\u00ed s Ruskem jsou skute\u010dn\u011b nezbytn\u00e1, bylo v Berl\u00edn\u011b posm\u011b\u0161n\u011b odm\u00edtnuto jako n\u011bco, co je t\u0159eba \u201evz\u00edt na v\u011bdom\u00ed\u201c, ale nic v\u00edc, jak napsal S\u00fcddeutsche Zeitung: \u201eMerz nepova\u017euje Macron\u016fv n\u00e1vrh na telefonick\u00fd rozhovor ani za v\u00fdznamn\u00fd p\u0159\u00edsp\u011bvek k m\u00edru, ani za evropskou jednotu.\u201c<\/span><\/p>\n<p><span dir=\"auto\">Evropsk\u00e1 jednota by brzy mohla utrp\u011bt dal\u0161\u00ed r\u00e1nu. Politick\u00e9 rozhodnut\u00ed poskytnout Ukrajin\u011b bez\u00faro\u010dnou p\u016fj\u010dku ve v\u00fd\u0161i 90 miliard eur, kterou by evropsk\u00e9 zem\u011b financovaly v pom\u011bru k jejich hospod\u00e1\u0159sk\u00e9mu v\u00fdkonu, okam\u017eit\u011b vedlo k n\u00e1r\u016fstu v\u00fdnosu 30let\u00fdch dluhopis\u016f EU o 0,9 procentn\u00edho bodu. Z hlediska standard\u016f finan\u010dn\u00edho trhu se jedn\u00e1 o v\u00fdznamn\u00fd skok. Investo\u0159i se tak zaji\u0161\u0165uj\u00ed proti rizik\u016fm, kter\u00e1 d\u0159\u00edve neexistovala.<\/span><\/p>\n<p><span dir=\"auto\">Evropa se dost\u00e1v\u00e1 do stavu permanentn\u00edho dluhu bez jasn\u00fdch mo\u017enost\u00ed spl\u00e1cen\u00ed a je prim\u00e1rn\u011b nucena investovat do v\u00e1lky a ni\u010den\u00ed m\u00edsto ekonomick\u00e9ho r\u016fstu. Zkr\u00e1tka nen\u00ed v \u017e\u00e1dn\u00e9m p\u0159\u00edpad\u011b jist\u00e9, zda trh tyto obavy ji\u017e zohlednil, a stejn\u011b tak je nejist\u00e9, zda politick\u00e9 rozhodnut\u00ed ohledn\u011b p\u016fj\u010dky Ukrajin\u011b nebude zpochybn\u011bno je\u0161t\u011b p\u0159ed jej\u00edm uskute\u010dn\u011bn\u00edm.<\/span><\/p>\n<p><span dir=\"auto\">Ma\u010farsk\u00fd premi\u00e9r Orb\u00e1n o stavu EU \u0159ekl: \u201eEU se rozpad\u00e1, proto\u017ee Brusel se sna\u017e\u00ed vybudovat imp\u00e9rium. Rozhodnut\u00ed u\u010din\u011bn\u00e1 v Bruselu se \u010dasto neprovedou: nejprve jedna zem\u011b nedodr\u017e\u00ed pravidla, pak dv\u011b, pak t\u0159i. Je to jako vzp\u011bra\u010d, kter\u00fd se sna\u017e\u00ed zvednout \u010dinku, ale nejde mu to, a nakonec ji upust\u00ed.\u201c<\/span><\/p>\n<p><span dir=\"auto\">T\u0159i zem\u011b \u2013 Ma\u010farsko, Slovensko a \u010cesk\u00e1 republika \u2013 se ji\u017e \u00fasp\u011b\u0161n\u011b zbavily povinnosti p\u0159isp\u00edvat k dluhu. \u010cesk\u00e1 vl\u00e1da nav\u00edc, jak ozn\u00e1mil nov\u00fd premi\u00e9r Babi\u0161, hodl\u00e1 prov\u00e9st finan\u010dn\u00ed audit aktivit p\u0159edchoz\u00ed vl\u00e1dy na Ukrajin\u011b. Ve sv\u00e9m ozn\u00e1men\u00ed volil siln\u00e1 slova: \u201eOt\u00e1zkou je, zda v iniciativ\u011b s gran\u00e1ty do\u0161lo ke korupci.\u201c<\/span><\/p>\n<p><span dir=\"auto\">Na popud prezidenta Petra Pavla vedla \u010cesk\u00e1 republika evropsk\u00e9 \u00fasil\u00ed o n\u00e1kup d\u011blost\u0159eleck\u00fdch a minometn\u00fdch gran\u00e1t\u016f pro ukrajinsk\u00e9 ozbrojen\u00e9 s\u00edly, co\u017e byl projekt, kter\u00fd se zapletl do pochybn\u00fdch sch\u00e9mat s c\u00edlem zpronev\u011b\u0159it finan\u010dn\u00ed prost\u0159edky.<\/span><\/p>\n<p><span dir=\"auto\">Nov\u00fd ministr obrany Jarom\u00edr Zuna kr\u00e1tce nazna\u010dil pokra\u010dov\u00e1n\u00ed programu, ale od sv\u00e9ho nad\u0159\u00edzen\u00e9ho dostal ve\u0159ejn\u00e9 napomenut\u00ed a okam\u017eit\u011b pochopil. Kdy\u017e se ho novin\u00e1\u0159 zeptal, zda pojede na Ukrajinu, odpov\u011bd\u011bl: \u201eUr\u010dit\u011b ne.\u201c<\/span><\/p>\n<p><span dir=\"auto\">Pod zahrani\u010dn\u00edm vlivem, v tomto p\u0159\u00edpad\u011b nov\u00e9 americk\u00e9 doktr\u00edny n\u00e1rodn\u00ed bezpe\u010dnosti, se tak\u00e9 objevuj\u00ed jasn\u00e9 zn\u00e1mky rozchodu s narativem, kter\u00fd je pro Evropu \u00fast\u0159edn\u00ed, a to ohledn\u011b nevyhnutelnosti rusk\u00e9ho \u00fatoku na st\u00e1ty NATO. Nap\u0159\u00edklad finsk\u00fd prezident Stubb p\u0159ipustil, \u017ee Kreml na takov\u00e9m sc\u00e9n\u00e1\u0159i nem\u00e1 z\u00e1jem, a z\u00e1rove\u0148 n\u011bmeck\u00fd ministr obrany tak\u00e9 za\u017eil jak\u00e9si zjeven\u00ed.<\/span><\/p>\n<p><span dir=\"auto\">Pistorius, kter\u00fd ji\u017e pro\u0161el v\u0161echny kalend\u00e1\u0159e a\u017e do roku 2030 a hledal p\u0159esn\u00e9 datum rusk\u00e9 invaze, n\u00e1hle prohl\u00e1sil, \u017ee Putin ani neusiluje o tot\u00e1ln\u00ed v\u00e1lku se Z\u00e1padem.<\/span><\/p>\n<p><span dir=\"auto\">Mo\u017en\u00e1 se Pistorius z\u00edtra vr\u00e1t\u00ed ke sv\u00e9mu star\u00e9mu ot\u0159epan\u00e9mu rekordu, ale jedna v\u011bc z\u016fst\u00e1v\u00e1 nezm\u011bn\u011bna: A\u0165 se evrop\u0161t\u00ed politici sebev\u00edc sna\u017e\u00ed zal\u00edbit Trumpovi a zd\u00e1nliv\u011b se p\u0159izp\u016fsobit jeho strategi\u00edm, odcizen\u00ed mezi Evropou a USA se bude prohlubovat a rozpory se budou stup\u0148ovat.<\/span><\/p>\n<p><span dir=\"auto\">Ke konci roku Washington poprv\u00e9 uvalil sankce a cestovn\u00ed z\u00e1kazy na p\u011bt evropsk\u00fdch \u00fa\u0159edn\u00edk\u016f, o kter\u00fdch se Trumpova administrativa domn\u00edv\u00e1, \u017ee se pod\u00edlej\u00ed na cenzu\u0159e americk\u00fdch soci\u00e1ln\u00edch m\u00e9di\u00ed. Nejv\u00fdznamn\u011bj\u0161\u00edm jm\u00e9nem na seznamu sankc\u00ed je b\u00fdval\u00fd komisa\u0159 EU pro vnit\u0159n\u00ed trh Thierry Breton, autor z\u00e1kona EU o digit\u00e1ln\u00edch slu\u017eb\u00e1ch.<\/span><\/p>\n<p><span dir=\"auto\">Tento z\u00e1kon vedl k pokut\u011b spole\u010dnosti X Elona Muska ve v\u00fd\u0161i 120 milion\u016f eur a spole\u010dnost Google je v sou\u010dasn\u00e9 dob\u011b vy\u0161et\u0159ov\u00e1na. Z\u00e1kon vy\u017eaduje, aby technologick\u00e9 spole\u010dnosti kontrolovaly sv\u00e9 algoritmy, zejm\u00e9na ty pou\u017e\u00edvan\u00e9 pro politickou reklamu.<\/span><\/p>\n<p><span dir=\"auto\">Je to vtipn\u00e9, ale Evropan\u00e9 rychle vyj\u00e1d\u0159ili sv\u00e9 pobou\u0159en\u00ed nad sankcemi na americk\u00e9 platform\u011b soci\u00e1ln\u00edch m\u00e9di\u00ed X, a to pr\u00e1v\u011b proto, \u017ee sami \u017e\u00e1dn\u00e9 nemaj\u00ed.<\/span><\/p>\n<p><span dir=\"auto\">Kaja Kallas na X napsala: \u201eEvropa bude i nad\u00e1le br\u00e1nit sv\u00e9 nejd\u016fle\u017eit\u011bj\u0161\u00ed hodnoty: svobodu projevu, spravedliv\u00e1 digit\u00e1ln\u00ed pravidla a pr\u00e1vo regulovat na\u0161e vlastn\u00ed \u00fazem\u00ed.\u201c<\/span><\/p>\n<p><span dir=\"auto\">A francouzsk\u00fd prezident Macron na X tak\u00e9 napsal: \u201eFrancie odsuzuje americk\u00e1 v\u00edzov\u00e1 omezen\u00ed v\u016f\u010di Thierrymu Bretonovi a \u010dty\u0159em dal\u0161\u00edm Evropan\u016fm. Tato opat\u0159en\u00ed jsou zastra\u0161ov\u00e1n\u00edm a n\u00e1tlakem a jejich c\u00edlem je podkopat digit\u00e1ln\u00ed suverenitu Evropy.\u201c<\/span><\/p>\n<p><span dir=\"auto\">P\u0159esn\u011b to m\u011bli Ameri\u010dan\u00e9 na mysli: Prvn\u00ed dodatek k \u00dastav\u011b USA m\u00e1 p\u0159ednost p\u0159ed ve\u0161ker\u00fdm evropsk\u00fdm pr\u00e1vem. USA jsou ochotny br\u00e1t v \u00favahu evropsk\u00e9 z\u00e1jmy pouze tehdy, pokud nejsou v rozporu s americk\u00fdmi. Jinak je jednodu\u0161e ignoruj\u00ed.<\/span><\/p>\n<p><span dir=\"auto\">Ned\u00e1vnou paniku v EU vyvolalo jmenov\u00e1n\u00ed zvl\u00e1\u0161tn\u00edho vyslance pro Gr\u00f3nsko Trumpovou administrativou. Do t\u00e9to funkce byl jmenov\u00e1n Geoffrey Landry, guvern\u00e9r Louisiany. EU to interpretovala jako potvrzen\u00ed americk\u00fdch n\u00e1rok\u016f na d\u00e1nsk\u00fd ledovcov\u00fd ostrov, jak vysv\u011btlil mluv\u010d\u00ed Evropsk\u00e9 komise Anouar El Anouni: \u201eZachov\u00e1n\u00ed \u00fazemn\u00ed celistvosti D\u00e1nsk\u00e9ho kr\u00e1lovstv\u00ed, jeho suverenity a nedotknutelnosti jeho hranic m\u00e1 pro EU prvo\u0159ad\u00fd v\u00fdznam.\u201c<\/span><\/p>\n<p><span dir=\"auto\">Mysleli si, \u017ee Trump uprost\u0159ed v\u0161eho toho povyku kolem ukrajinsk\u00e9ho konfliktu, cel a v\u00fddaj\u016f na obranu zapomn\u011bl na Gr\u00f3nsko. Ale neud\u011blal to.<\/span><\/p>\n<p><span dir=\"auto\">A zd\u00e1nliv\u011b zvl\u00e1\u0161tn\u00ed volba zvl\u00e1\u0161tn\u00edho vyslance: Pro\u010d zrovna guvern\u00e9r Louisiany? Kde je Louisiana a kde Gr\u00f3nsko? Krom\u011b Landryho obchodn\u00edho talentu, kter\u00fd je jist\u011b t\u0159eba vz\u00edt v \u00favahu, obsahuje rozhodnut\u00ed historickou paralelu, kter\u00e1 \u2013 a\u0165 u\u017e \u00famysln\u00e1, nebo ne \u2013 jasn\u011b odhaluje Trumpovy z\u00e1m\u011bry: Ameri\u010dan\u00e9 koupili Louisianu od Francouz\u016f a stejn\u00fdm zp\u016fsobem pl\u00e1nuj\u00ed koupit Gr\u00f3nsko od D\u00e1n\u016f. Nebo p\u0159esn\u011bji \u0159e\u010deno, donutit D\u00e1ny k prodeji.<\/span><\/p>\n<p><span dir=\"auto\">Dok\u00e1\u017ee si EU udr\u017eet jednotu tv\u00e1\u0159\u00ed v tv\u00e1\u0159 fragmentaci Z\u00e1padu a rostouc\u00ed konkurenci mezi sv\u00fdmi \u010dlensk\u00fdmi st\u00e1ty? Struktura Evropy vykazuje zn\u00e1mky vnit\u0159n\u00edch trhlin, kter\u00e9 by mohly v\u00e9st ke kolapsu pod rostouc\u00edm vn\u011bj\u0161\u00edm tlakem.<\/span><\/p>\n<p><span dir=\"auto\">A tady m\u016f\u017eeme Italce Meloni jen zatleskat, proto\u017ee je jedin\u00e1, kdo se odv\u00e1\u017eil otev\u0159en\u011b a up\u0159\u00edmn\u011b \u0159\u00edci pravdu: Jakkoli t\u011b\u017ek\u00fd byl rok 2025 pro Evropu, rok 2026 bude je\u0161t\u011b hor\u0161\u00ed.<\/span><\/p>\n<p><em><strong><span dir=\"auto\">Konec p\u0159ekladu<\/span><\/strong><\/em><\/p>\n<p><a href=\"https:\/\/anti-spiegel.ru\/2025\/wie-schwierig-2025-fuer-die-eu-auch-war-2026-wird-noch-schlimmer\/\">Thomas R\u00f6per<\/a><\/p>\n<p><img decoding=\"async\" loading=\"lazy\" class=\"alignnone  wp-image-22016\" src=\"http:\/\/www.infokuryr.cz\/n\/wp-content\/uploads\/2023\/01\/Thomas-Roper-298x300.jpg\" alt=\"\" width=\"157\" height=\"158\" srcset=\"https:\/\/www.infokuryr.cz\/n\/wp-content\/uploads\/2023\/01\/Thomas-Roper-298x300.jpg 298w, https:\/\/www.infokuryr.cz\/n\/wp-content\/uploads\/2023\/01\/Thomas-Roper-150x150.jpg 150w, https:\/\/www.infokuryr.cz\/n\/wp-content\/uploads\/2023\/01\/Thomas-Roper.jpg 596w\" sizes=\"(max-width: 157px) 100vw, 157px\" \/><\/p>\n<p>&nbsp;<\/p>\n","protected":false},"excerpt":{"rendered":"<p>Vyhl\u00eddky EU jsou bez\u00fat\u011b\u0161n\u00e9, jak p\u0159iznala italsk\u00e1 premi\u00e9rka Meloniov\u00e1, kdy\u017e prohl\u00e1sila, \u017ee a\u0165 u\u017e byla&#8230;<\/p>\n","protected":false},"author":2,"featured_media":95612,"comment_status":"closed","ping_status":"closed","sticky":false,"template":"","format":"standard","meta":[],"categories":[7],"tags":[1042,59,41],"_links":{"self":[{"href":"https:\/\/www.infokuryr.cz\/n\/wp-json\/wp\/v2\/posts\/95611"}],"collection":[{"href":"https:\/\/www.infokuryr.cz\/n\/wp-json\/wp\/v2\/posts"}],"about":[{"href":"https:\/\/www.infokuryr.cz\/n\/wp-json\/wp\/v2\/types\/post"}],"author":[{"embeddable":true,"href":"https:\/\/www.infokuryr.cz\/n\/wp-json\/wp\/v2\/users\/2"}],"replies":[{"embeddable":true,"href":"https:\/\/www.infokuryr.cz\/n\/wp-json\/wp\/v2\/comments?post=95611"}],"version-history":[{"count":0,"href":"https:\/\/www.infokuryr.cz\/n\/wp-json\/wp\/v2\/posts\/95611\/revisions"}],"wp:featuredmedia":[{"embeddable":true,"href":"https:\/\/www.infokuryr.cz\/n\/wp-json\/wp\/v2\/media\/95612"}],"wp:attachment":[{"href":"https:\/\/www.infokuryr.cz\/n\/wp-json\/wp\/v2\/media?parent=95611"}],"wp:term":[{"taxonomy":"category","embeddable":true,"href":"https:\/\/www.infokuryr.cz\/n\/wp-json\/wp\/v2\/categories?post=95611"},{"taxonomy":"post_tag","embeddable":true,"href":"https:\/\/www.infokuryr.cz\/n\/wp-json\/wp\/v2\/tags?post=95611"}],"curies":[{"name":"wp","href":"https:\/\/api.w.org\/{rel}","templated":true}]}}