{"id":95606,"date":"2025-12-29T00:25:43","date_gmt":"2025-12-28T23:25:43","guid":{"rendered":"https:\/\/www.infokuryr.cz\/n\/?p=95606"},"modified":"2025-12-28T16:58:04","modified_gmt":"2025-12-28T15:58:04","slug":"pronasledovani-krestanu-o-cem-katolicti-knezi-mlci","status":"publish","type":"post","link":"https:\/\/www.infokuryr.cz\/n\/2025\/12\/29\/pronasledovani-krestanu-o-cem-katolicti-knezi-mlci\/","title":{"rendered":"Pron\u00e1sledov\u00e1n\u00ed k\u0159es\u0165an\u016f? O \u010dem katoli\u010dt\u00ed kn\u011b\u017e\u00ed ml\u010d\u00ed"},"content":{"rendered":"<div id=\"fb-root\"><\/div>\n<p><strong>Eroze ch\u00e1p\u00e1n\u00ed lidskosti a liturgick\u00e9 experimenty v N\u011bmecku a Evrop\u011b maj\u00ed pro k\u0159es\u0165anstv\u00ed dalekos\u00e1hlej\u0161\u00ed d\u016fsledky ne\u017e probl\u00e9my v\u011b\u0159\u00edc\u00edch na okraji k\u0159es\u0165ansk\u00e9ho sv\u011bta. Budoucnost c\u00edrkve rozhoduj\u00edc\u00edm zp\u016fsobem z\u00e1vis\u00ed na postoji jej\u00edch past\u00fd\u0159\u016f.<\/strong><\/p>\n<div class=\"Text-root Text-type_5 ArticleView-text ViewText-root \">\n<p><span dir=\"auto\">Toto je jeden z nejkr\u00e1sn\u011bj\u0161\u00edch a nejzaj\u00edmav\u011bj\u0161\u00edch berl\u00ednsk\u00fdch kostel\u016f: katolick\u00e1\u00a0<\/span><a href=\"https:\/\/www.gazette-berlin.de\/artikel\/2888-rosenkranz-basilika.html#:~:text=Gemalte%20Rosenkranz-Geheimnisse,des%20Schmerzhaften%20Rosenkranzes%20zu%20sehen.\" target=\"_blank\" rel=\"noopener noreferrer\"><span dir=\"auto\">bazilika R\u016f\u017eence<\/span><\/a><span dir=\"auto\">\u00a0\u00a0v Berl\u00edn\u011b-Steglitz. Postavena na p\u0159elomu 20. stolet\u00ed, s p\u016fsobiv\u00fdmi n\u00e1st\u011bnn\u00fdmi malbami, k\u0159\u00ed\u017eov\u00fdm p\u016fdorysem a exteri\u00e9rem p\u0159ipom\u00ednaj\u00edc\u00edm hrad, evokuje kousek Byzance a z\u00e1rove\u0148 slou\u017e\u00ed jako p\u0159ipom\u00ednka doby c\u00edsa\u0159e Vil\u00e9ma II., kter\u00fd podporoval katol\u00edky. Tento impozantn\u00ed kostel, nach\u00e1zej\u00edc\u00ed se v nen\u00e1padn\u00e9 bo\u010dn\u00ed ulici, je \u00fast\u0159edn\u00edm bodem v\u0161ech katol\u00edk\u016f v jihoz\u00e1padn\u00edm Berl\u00edn\u011b. O V\u00e1noc\u00edch nab\u00edzel rozmanit\u00fd program bohoslu\u017eeb.<\/span><\/p>\n<p><span dir=\"auto\">Na \u0160t\u011bdr\u00fd den byl prostorn\u00fd kostel t\u00e9m\u011b\u0159 \u00fapln\u011b zapln\u011bn p\u0159i p\u016flno\u010dn\u00ed m\u0161i. Mnoho n\u00e1v\u0161t\u011bvn\u00edk\u016f p\u0159ich\u00e1zelo ve skupin\u00e1ch, n\u011bkte\u0159\u00ed s d\u011btmi. St\u0159\u00eddaly se modlitby, tradi\u010dn\u00ed hymny, proslovy a k\u00e1z\u00e1n\u00ed, doprov\u00e1zen\u00e9 sborem, trubkami a varhann\u00ed hudbou. V prav\u00e9 lodi byl instalov\u00e1n betl\u00e9m, kter\u00fd si mnoz\u00ed po bohoslu\u017eb\u011b znovu prohl\u00e9dli. Lid\u00e9 se v\u0159ele zdravili a p\u0159\u00e1li si navz\u00e1jem pokoj. Bylo jasn\u00e9: sbor \u017eije a da\u0159\u00ed se mu dob\u0159e. Na leto\u0161n\u00ed \u0160t\u011bdr\u00fd den se nestalo nic mimo\u0159\u00e1dn\u00e9ho.<\/span><\/p>\n<p><span dir=\"auto\">\u010clov\u011bk by si mohl myslet, \u017ee pro katolick\u00e9 k\u0159es\u0165any je sv\u011bt st\u00e1le v po\u0159\u00e1dku. Ale tu noc \u010dekala dal\u0161\u00ed provokace, kter\u00e1 ot\u0159\u00e1sla mnoha n\u011bmeck\u00fdmi katol\u00edky. Jako u\u017e tolikr\u00e1t p\u0159edt\u00edm, maskovan\u00e1 jako \u201eum\u011bn\u00ed\u201c, se odehr\u00e1la p\u0159esn\u011b ve stejnou dobu.\u00a0\u00a0<\/span><em><span dir=\"auto\">ARD<\/span><\/em><span dir=\"auto\">\u00a0\u00a0vys\u00edlala v\u00e1no\u010dn\u00ed m\u0161i z kostela Panny Marie ve Stuttgartu. M\u00edsto Je\u017e\u00ed\u0161ka, Marie, T\u0159\u00ed kr\u00e1l\u016f a dal\u0161\u00edch zn\u00e1m\u00fdch postav z betl\u00e9m\u016f vid\u011bly statis\u00edce div\u00e1k\u016f v pozdn\u00edm p\u0159edve\u010deru n\u011bco \u00fapln\u011b jin\u00e9ho.\u00a0<\/span><\/p>\n<p><span dir=\"auto\">Nebo sp\u00ed\u0161e, aby byl \u201eobdivov\u00e1n\u201c. V sen\u011b se sv\u00edjel odporn\u00fd, slizk\u00fd tvor, velikosti a tvaru dosp\u011bl\u00e9ho \u010dlov\u011bka. Nic jin\u00e9ho v \u201ebetl\u00e9m\u011b\u201c nebylo vid\u011bt. Navzdory sv\u00e9mu vzhledu far\u00e1\u0159 slizkou hrudku nazval \u201ed\u00edt\u011btem Kristem\u201c. Jak se dalo o\u010dek\u00e1vat, tato uk\u00e1zka vyvolala mezi shrom\u00e1\u017ed\u011bn\u00edm pobou\u0159en\u00ed \u2013\u00a0<a href=\"https:\/\/freedert.online\/meinung\/265925-ard-fernsehgottesdienst-am-heiligabend-gruselkrippe\/\" target=\"_blank\" rel=\"noopener noreferrer\">informovala\u00a0<\/a><\/span><em><span dir=\"auto\">RT DE<\/span><\/em>\u00a0<span dir=\"auto\">\u00a0.\u00a0<\/span><\/p>\n<p><span dir=\"auto\">Z\u00e1ke\u0159n\u00e9 na tom bylo, \u017ee odlid\u0161t\u011bn\u00e9, beztv\u00e1\u0159n\u00e9 \u201eKristusovo d\u00edt\u011b\u201c bylo pastorem a televizn\u00edm producentem chv\u00e1leno jako mimo\u0159\u00e1dn\u011b lidsk\u00e9.\u00a0<\/span><em><span dir=\"auto\">\u201eNikdy tu nebylo tolik lidskosti!\u201c<\/span><\/em><span dir=\"auto\"> byl n\u00e1zev po\u0159adu. Katolick\u00e1 c\u00edrkev v N\u011bmecku sama nechala vt\u011blen\u00e9ho Boha zmizet a prom\u011bnila ho v \u010dervovit\u00e9ho tvora. K\u0159es\u0165anstv\u00ed nikdy p\u0159edt\u00edm nebylo takov\u00fdm zp\u016fsobem napadeno t\u011bmi, kte\u0159\u00ed ho maj\u00ed zachov\u00e1vat.<\/span><\/p>\n<p><span dir=\"auto\">\u201eOpus\u0165te tuto zavedenou c\u00edrkev a p\u0159esta\u0148te platit c\u00edrkevn\u00ed da\u0148,\u201c\u00a0<\/span><a href=\"https:\/\/www.youtube.com\/watch?v=SRAIC6vhgPo\" target=\"_blank\" rel=\"noopener noreferrer\"><span dir=\"auto\">\u0159\u00edk\u00e1<\/span><\/a><span dir=\"auto\">\u00a0\u00a0politik AfD Hans-Thomas Tillschneider v rozho\u0159\u010den\u00e9 video v\u00fdzv\u011b. Dr\u017eitel doktor\u00e1tu z religionistiky si uv\u011bdomil z\u00e1va\u017enost situace. U\u017e to nen\u00ed jen \u201eduhov\u00fd wokismus\u201c, jde o \u00famysln\u00e9 naru\u0161ov\u00e1n\u00ed obrazu lidstva, kter\u00e9 se odehr\u00e1v\u00e1 p\u0159ed nat\u00e1\u010dej\u00edc\u00edmi kamerami.<\/span><\/p>\n<p><span dir=\"auto\">Ale od koho by m\u011bl odpor vzej\u00edt, kdy\u017e ne od zdrav\u00fdch sil uvnit\u0159 samotn\u00fdch c\u00edrkv\u00ed? Tedy od kn\u011b\u017e\u00ed, kte\u0159\u00ed st\u00e1le slou\u017e\u00ed m\u0161e podle tradi\u010dn\u00edho ritu. P\u0159esto se zd\u00e1, \u017ee si nev\u0161\u00edmaj\u00ed toho, co se v sou\u010dasnosti d\u011bje, a vid\u00ed pron\u00e1sledov\u00e1n\u00ed k\u0159es\u0165an\u016f jinde, ale ne v Evrop\u011b. Dokonce i v R\u016f\u017eencov\u00e9 bazilice, kter\u00e1 by se sv\u00fdm byzantsk\u00fdm stylem m\u011bla obzvl\u00e1\u0161t\u011b dr\u017eet ducha ran\u00e9ho k\u0159es\u0165anstv\u00ed.<\/span><\/p>\n<p><span dir=\"auto\">B\u011bhem rann\u00ed rodinn\u00e9 m\u0161e na druh\u00fd den V\u00e1noc shrom\u00e1\u017edil otec Andrej Nicolai Desczyk d\u011bti p\u0159ed betl\u00e9mem a pov\u00eddal si s nimi o tom, co vid\u011bly ve st\u00e1ji. Mluvil tak\u00e9 o svat\u00e9m \u0160t\u011bp\u00e1novi, jednom z prvn\u00edch k\u0159es\u0165an\u016f, kter\u00fd byl kolem roku 40 ukamenov\u00e1n k smrti za svou v\u00edru a je pova\u017eov\u00e1n za prvn\u00edho mu\u010dedn\u00edka k\u0159es\u0165anstv\u00ed. Kn\u011bz uvedl, \u017ee i dnes jsou k\u0159es\u0165an\u00e9 pron\u00e1sledov\u00e1ni kv\u016fli sv\u00e9 v\u00ed\u0159e, a jako zem\u011b, kde k tomu doch\u00e1z\u00ed, jmenoval Nig\u00e9rii, \u00cdr\u00e1n a Ir\u00e1k.\u00a0<\/span><\/p>\n<div class=\"EmbedBlock-root EmbedBlock-twitter\">\n<div class=\"TwitterEmbed\">\n<div class=\"twitter-tweet twitter-tweet-rendered\"><iframe id=\"twitter-widget-0\" class=\"\" title=\"X Post\" src=\"https:\/\/platform.twitter.com\/embed\/Tweet.html?dnt=false&amp;embedId=twitter-widget-0&amp;features=eyJ0ZndfdGltZWxpbmVfbGlzdCI6eyJidWNrZXQiOltdLCJ2ZXJzaW9uIjpudWxsfSwidGZ3X2ZvbGxvd2VyX2NvdW50X3N1bnNldCI6eyJidWNrZXQiOnRydWUsInZlcnNpb24iOm51bGx9LCJ0ZndfdHdlZXRfZWRpdF9iYWNrZW5kIjp7ImJ1Y2tldCI6Im9uIiwidmVyc2lvbiI6bnVsbH0sInRmd19yZWZzcmNfc2Vzc2lvbiI6eyJidWNrZXQiOiJvbiIsInZlcnNpb24iOm51bGx9LCJ0ZndfZm9zbnJfc29mdF9pbnRlcnZlbnRpb25zX2VuYWJsZWQiOnsiYnVja2V0Ijoib24iLCJ2ZXJzaW9uIjpudWxsfSwidGZ3X21peGVkX21lZGlhXzE1ODk3Ijp7ImJ1Y2tldCI6InRyZWF0bWVudCIsInZlcnNpb24iOm51bGx9LCJ0ZndfZXhwZXJpbWVudHNfY29va2llX2V4cGlyYXRpb24iOnsiYnVja2V0IjoxMjA5NjAwLCJ2ZXJzaW9uIjpudWxsfSwidGZ3X3Nob3dfYmlyZHdhdGNoX3Bpdm90c19lbmFibGVkIjp7ImJ1Y2tldCI6Im9uIiwidmVyc2lvbiI6bnVsbH0sInRmd19kdXBsaWNhdGVfc2NyaWJlc190b19zZXR0aW5ncyI6eyJidWNrZXQiOiJvbiIsInZlcnNpb24iOm51bGx9LCJ0ZndfdXNlX3Byb2ZpbGVfaW1hZ2Vfc2hhcGVfZW5hYmxlZCI6eyJidWNrZXQiOiJvbiIsInZlcnNpb24iOm51bGx9LCJ0ZndfdmlkZW9faGxzX2R5bmFtaWNfbWFuaWZlc3RzXzE1MDgyIjp7ImJ1Y2tldCI6InRydWVfYml0cmF0ZSIsInZlcnNpb24iOm51bGx9LCJ0ZndfbGVnYWN5X3RpbWVsaW5lX3N1bnNldCI6eyJidWNrZXQiOnRydWUsInZlcnNpb24iOm51bGx9LCJ0ZndfdHdlZXRfZWRpdF9mcm9udGVuZCI6eyJidWNrZXQiOiJvbiIsInZlcnNpb24iOm51bGx9fQ%3D%3D&amp;frame=false&amp;hideCard=false&amp;hideThread=false&amp;id=2005030353053123022&amp;lang=cs&amp;origin=https%3A%2F%2Fde.rt.com%2Finland%2F265941-christenverfolgung-worueber-schweigen-katholische-priester%2F&amp;sessionId=a966d949bb92ced8e3b8ff708b82397b479829a4&amp;siteScreenName=ActualidadRT&amp;theme=light&amp;widgetsVersion=2615f7e52b7e0%3A1702314776716&amp;width=550px\" frameborder=\"0\" scrolling=\"no\" allowfullscreen=\"allowfullscreen\" data-tweet-id=\"2005030353053123022\" data-mce-fragment=\"1\"><\/iframe><\/div>\n<\/div>\n<\/div>\n<p><span dir=\"auto\">Nen\u00ed zcela jasn\u00e9, pro\u010d kn\u011bz c\u00edtil pot\u0159ebu jmenovat konkr\u00e9tn\u00ed zem\u011b v negativn\u00edm kontextu b\u011bhem diskuse s d\u011btmi. Jinak se kn\u011b\u017e\u00ed v R\u016f\u017eencov\u00e9 bazilice obvykle zdr\u017euj\u00ed politick\u00fdch koment\u00e1\u0159\u016f, a to i b\u011bhem mnohem del\u0161\u00ed \u0161t\u011bdrove\u010dern\u00ed m\u0161e, kter\u00e1 u\u017e nen\u00ed samoz\u0159ejmost\u00ed. V p\u0159\u00edpad\u011b \u00cdr\u00e1nu byl kn\u011bz je\u0161t\u011b konkr\u00e9tn\u011bj\u0161\u00ed: uvedl, \u017ee sousedn\u00ed luter\u00e1nsk\u00fd sbor p\u0159ij\u00edm\u00e1 k\u0159es\u0165ansk\u00e9 uprchl\u00edky z \u00cdr\u00e1nu.\u00a0<\/span><\/p>\n<p><span dir=\"auto\">Ani\u017e bych cht\u011bl zleh\u010dovat situaci k\u0159es\u0165an\u016f v t\u011bchto konkr\u00e9tn\u00edch zem\u00edch, toto prohl\u00e1\u0161en\u00ed je zvl\u00e1\u0161tn\u00ed. Ve skute\u010dnosti je v\u00fdmluvn\u00e9, \u017ee v t\u00e9to komunit\u011b se vyskytuj\u00ed p\u0159edev\u0161\u00edm mlad\u00ed mu\u017ei jihoevropsk\u00e9ho vzhledu. N\u00e1bo\u017eensk\u00e9 pron\u00e1sledov\u00e1n\u00ed je \u010dasto uv\u00e1d\u011bno jako d\u016fvod pro azyl a je t\u011b\u017ek\u00e9 ov\u011b\u0159it, zda je skute\u010dn\u00e9, nebo jen z\u00e1minka. K\u0159es\u0165anstv\u00ed je v \u00cdr\u00e1nu povoleno a existuj\u00ed tam tradi\u010dn\u00ed k\u0159es\u0165ansk\u00e9 komunity, nap\u0159\u00edklad arm\u00e9nsk\u00e1. Proselytismus a konverze jsou v\u0161ak p\u0159\u00edsn\u011b omezeny.\u00a0<\/span><\/p>\n<p><span dir=\"auto\">V Nig\u00e9rii je t\u011b\u017ek\u00e9 hovo\u0159it o pron\u00e1sledov\u00e1n\u00ed ze strany st\u00e1tu, proto\u017ee populace je t\u00e9m\u011b\u0159 z poloviny k\u0159es\u0165ansk\u00e1 a z poloviny muslimsk\u00e1. Nicm\u00e9n\u011b lze jist\u011b hovo\u0159it o nedostate\u010dn\u00e9 st\u00e1tn\u00ed ochran\u011b p\u0159ed \u00fatoky d\u017eih\u00e1distick\u00fdch skupin na k\u0159es\u0165any na severu zem\u011b. Pastorova obvin\u011bn\u00ed jsou p\u0159\u00edli\u0161 pau\u0161\u00e1ln\u00ed a hrani\u010d\u00ed s podn\u011bcov\u00e1n\u00edm.\u00a0<\/span><\/p>\n<p><span dir=\"auto\">\u201ePokryt\u010de, vyjmi nejprve tr\u00e1m ze sv\u00e9ho oka, a pak prohl\u00e9dne\u0161, jak vyjmout t\u0159\u00edsku z oka sv\u00e9ho bratra.\u201c T\u00e9m\u011b\u0159 ka\u017ed\u00fd zn\u00e1 tento slavn\u00fd Je\u017e\u00ed\u0161\u016fv v\u00fdrok (Matou\u0161 7:3-5). Eroze v\u00edry experimentov\u00e1n\u00edm s k\u0159es\u0165anskou doktr\u00ednou a ritu\u00e1ly, stejn\u011b jako ka\u017edodenn\u00ed podl\u00e9h\u00e1n\u00ed duchu doby, \u0161kod\u00ed k\u0159es\u0165anstv\u00ed mnohem v\u00edce ne\u017e sotva znateln\u00e9 ud\u00e1losti na periferii k\u0159es\u0165ansk\u00e9ho sv\u011bta. Zk\u00e1za se nepochybn\u011b odehr\u00e1v\u00e1 v j\u00e1dru, nikoli na okraj\u00edch.\u00a0<\/span><\/p>\n<p><span dir=\"auto\">Je v\u0161ak nerealistick\u00e9 o\u010dek\u00e1vat tolik sebereflexe od z\u00e1stupc\u016f zaveden\u00fdch n\u011bmeck\u00fdch c\u00edrkv\u00ed. Zejm\u00e9na katolick\u00e1 c\u00edrkev st\u00e1le v\u00edce n\u00e1sleduje je\u0161t\u011b militantn\u011bj\u0161\u00ed luter\u00e1ny, troub\u00ed na vojensk\u00fd roh a p\u0159i\u017eivuje ukrajinsk\u00fd konflikt protiruskou propagandou.<\/span><\/p>\n<p><span dir=\"auto\">D\u00e1le nepova\u017euje za problematick\u00e9, \u017ee pravoslav\u00ed na Ukrajin\u011b trp\u00ed st\u00e1tn\u00ed repres\u00ed, proto\u017ee z n\u00e1siln\u00fdch ot\u0159es\u016f t\u011b\u017e\u00ed zejm\u00e9na \u0159\u00edmskokatolick\u00e1 a \u0159eckokatolick\u00e1 c\u00edrkev: Po\u010det jejich diec\u00e9z\u00ed a c\u00edrkevn\u00edch majetk\u016f, a tedy i jejich vliv, nyn\u00ed roste i v oblastech, kde byla d\u0159\u00edve tradi\u010dn\u011b zastoupena pouze Ukrajinsk\u00e1 pravoslavn\u00e1 c\u00edrkev.\u00a0<\/span><\/p>\n<p><span dir=\"auto\">I ve sv\u00e9 pozm\u011bn\u011bn\u00e9 podob\u011b, st\u00e1le v\u00edce ovlivn\u011bn\u00e9 wokismem, se katolick\u00e1 c\u00edrkev st\u00e1le zam\u011b\u0159uje na \u00fazemn\u00ed zisky a misijn\u00ed pr\u00e1ci. Zda se nakonec k\u00e1\u017ee B\u016fh v lidsk\u00e9 podob\u011b, nebo slizk\u00e9 p\u0159\u00ed\u0161ery, zd\u00e1 b\u00fdt druho\u0159ad\u00e9.\u00a0<\/span><\/p>\n<\/div>\n<p><strong><em><span dir=\"auto\">Od Vladislava Sankina<\/span><\/em><\/strong><\/p>\n<p>&nbsp;<\/p>\n","protected":false},"excerpt":{"rendered":"<p>Eroze ch\u00e1p\u00e1n\u00ed lidskosti a liturgick\u00e9 experimenty v N\u011bmecku a Evrop\u011b maj\u00ed pro k\u0159es\u0165anstv\u00ed dalekos\u00e1hlej\u0161\u00ed d\u016fsledky&#8230;<\/p>\n","protected":false},"author":2,"featured_media":95607,"comment_status":"closed","ping_status":"closed","sticky":false,"template":"","format":"standard","meta":[],"categories":[7],"tags":[1042,43,283,365],"_links":{"self":[{"href":"https:\/\/www.infokuryr.cz\/n\/wp-json\/wp\/v2\/posts\/95606"}],"collection":[{"href":"https:\/\/www.infokuryr.cz\/n\/wp-json\/wp\/v2\/posts"}],"about":[{"href":"https:\/\/www.infokuryr.cz\/n\/wp-json\/wp\/v2\/types\/post"}],"author":[{"embeddable":true,"href":"https:\/\/www.infokuryr.cz\/n\/wp-json\/wp\/v2\/users\/2"}],"replies":[{"embeddable":true,"href":"https:\/\/www.infokuryr.cz\/n\/wp-json\/wp\/v2\/comments?post=95606"}],"version-history":[{"count":0,"href":"https:\/\/www.infokuryr.cz\/n\/wp-json\/wp\/v2\/posts\/95606\/revisions"}],"wp:featuredmedia":[{"embeddable":true,"href":"https:\/\/www.infokuryr.cz\/n\/wp-json\/wp\/v2\/media\/95607"}],"wp:attachment":[{"href":"https:\/\/www.infokuryr.cz\/n\/wp-json\/wp\/v2\/media?parent=95606"}],"wp:term":[{"taxonomy":"category","embeddable":true,"href":"https:\/\/www.infokuryr.cz\/n\/wp-json\/wp\/v2\/categories?post=95606"},{"taxonomy":"post_tag","embeddable":true,"href":"https:\/\/www.infokuryr.cz\/n\/wp-json\/wp\/v2\/tags?post=95606"}],"curies":[{"name":"wp","href":"https:\/\/api.w.org\/{rel}","templated":true}]}}