{"id":95600,"date":"2025-12-29T00:16:14","date_gmt":"2025-12-28T23:16:14","guid":{"rendered":"https:\/\/www.infokuryr.cz\/n\/?p=95600"},"modified":"2025-12-28T16:23:59","modified_gmt":"2025-12-28T15:23:59","slug":"jiri-paroubek-jak-to-bude-s-nakupem-letounu-f-35","status":"publish","type":"post","link":"https:\/\/www.infokuryr.cz\/n\/2025\/12\/29\/jiri-paroubek-jak-to-bude-s-nakupem-letounu-f-35\/","title":{"rendered":"Ji\u0159\u00ed Paroubek: Jak to bude s n\u00e1kupem letoun\u016f F-35?"},"content":{"rendered":"<div id=\"fb-root\"><\/div>\n<p><strong>To je jist\u011b zaj\u00edmav\u00e1 politick\u00e1 ot\u00e1zka, proto\u017ee nikdo tak \u00fapln\u011b p\u0159esn\u011b nev\u00ed, kolik vlastn\u011b budou tyto stroje republiku st\u00e1t. Rozd\u00edly v odhadech, kolik vlastn\u011b bude 24 letoun\u016f F-35 st\u00e1t, se pohybuj\u00ed ve stamiliard\u00e1ch korun. Pravdu m\u00e1 Andrej Babi\u0161, pokud \u0159\u00edk\u00e1, \u017ee smlouva o letounech F-35 je \u0161patn\u00e1. Pak tedy je pot\u0159eba ji upravit. Ale k tangu jsou pot\u0159eba dva.<\/strong><\/p>\n<p style=\"font-weight: 400;\">Ve sv\u00fdch \u010dl\u00e1nc\u00edch v medi\u00edch p\u0159i schvalov\u00e1n\u00ed t\u00e9to smlouvy se Spojen\u00fdmi st\u00e1ty jsem upozor\u0148oval, \u017ee se jedn\u00e1 o smlouvu t\u00e9m\u011b\u0159 koloni\u00e1ln\u00edho charakteru. Fialova vl\u00e1da nedbala z\u00e1jm\u016f republiky. Nevzpomenu si na v\u0161echny detaily z t\u00e9to &#8222;smlouvy&#8220;, ale ob\u00e1v\u00e1m se, \u017ee n\u00e1kup t\u011bchto letadel pom\u016f\u017ee jenom k dal\u0161\u00edmu omezen\u00ed suverenity \u010cesk\u00e9 republiky. V \u010dem? No p\u0159eci v tom, \u017ee tato letadla maj\u00ed tak slo\u017eitou technologii a jsou tak slo\u017eit\u011b ovladateln\u00e1, \u017ee to nebude mo\u017en\u00e9 prov\u00e1d\u011bt prost\u0159ednictv\u00edm \u010desk\u00fdch technik\u016f a s \u010desk\u00fdm obslu\u017en\u00fdm person\u00e1lem. Prost\u011b, na \u010desk\u00fdch leti\u0161t\u00edch budou ameri\u010dt\u00ed specialist\u00e9, vesm\u011bs jist\u011b voj\u00e1ci. Tak\u017ee jsme sice zabr\u00e1nili p\u0159ed 17 lety um\u00edst\u011bn\u00ed americk\u00e9 vojensk\u00e9 z\u00e1kladny na na\u0161em \u00fazem\u00ed, ale americk\u00e9 voj\u00e1ky zde prost\u011b budeme m\u00edt jako nezbytn\u00e9 specialisty. Bez nich 24 st\u00edhac\u00edch bombard\u00e9r\u016f, schopn\u00fdch n\u00e9st rakety s jadern\u00fdmi hlavicemi, prost\u011b nebude l\u00e9tat. P\u0159esn\u011bji, ani nevzl\u00e9tne. Krom\u011b toho Ameri\u010dan\u00e9, kte\u0159\u00ed zde budou\u00a0 um\u00edst\u011bni na leteck\u00fdch z\u00e1kladn\u00e1ch, budou u n\u00e1s v jak\u00e9msi re\u017eimu exteritoriality. Pokud budou nakupovat zbo\u017e\u00ed, \u0159ekn\u011bme nap\u0159. b\u011b\u017en\u00fd proviant, bude prob\u00edhat bez DPH a dal\u0161\u00edch dan\u00ed. Tak\u017ee da\u0148ov\u00fd v\u00fdnos z t\u011bchto americk\u00fdch ob\u010dan\u016f bude vlastn\u011b nula&#8230; Tolik tedy k n\u011bkter\u00fdm velmi o\u017eehav\u00fdm m\u00edst\u016fm dohody, kterou uzav\u0159elo \u010desk\u00e9 ministerstvo obrany s americkou stranou.<\/p>\n<p style=\"font-weight: 400;\"><img decoding=\"async\" loading=\"lazy\" class=\"wp-image-94843 aligncenter\" src=\"http:\/\/www.infokuryr.cz\/n\/wp-content\/uploads\/2025\/12\/popelka-hrad-300x141.jpg\" alt=\"\" width=\"1096\" height=\"515\" srcset=\"https:\/\/www.infokuryr.cz\/n\/wp-content\/uploads\/2025\/12\/popelka-hrad-300x141.jpg 300w, https:\/\/www.infokuryr.cz\/n\/wp-content\/uploads\/2025\/12\/popelka-hrad-768x360.jpg 768w, https:\/\/www.infokuryr.cz\/n\/wp-content\/uploads\/2025\/12\/popelka-hrad.jpg 977w\" sizes=\"(max-width: 1096px) 100vw, 1096px\" \/><\/p>\n<p style=\"font-weight: 400;\">\u00a0Ale nyn\u00ed m\u00e1 hnut\u00ed ANO mo\u017enost tuto chybu napravit. Osobn\u011b si ale nemysl\u00edm, \u017ee hnut\u00ed ANO takovouto odvahu projev\u00ed. Prost\u011b proto, \u017ee by to znamenalo velk\u00e9 nep\u0159\u00edjemnosti ve vztahu ke Spojen\u00fdm st\u00e1t\u016fm.\u00a0\u00a0Rozhovor po telefonu, kter\u00fd m\u011bl Andrej Babi\u0161 s Donaldem Trumpem je jist\u011b pozoruhodn\u00fd. A jist\u011b vypl\u00fdv\u00e1 z ocen\u011bn\u00ed postoje A. Babi\u0161e na zased\u00e1n\u00ed Evropsk\u00e9 rady p\u0159ed V\u00e1nocemi ze strany Donalda Trumpa. Ale zcela nepochybn\u011b tento prezident \u2013 obchodn\u00edk hovo\u0159il s na\u0161\u00edm premi\u00e9rem tak\u00e9 o tom, co Spojen\u00e9 st\u00e1ty v tuto chv\u00edli nejv\u00edce zaj\u00edm\u00e1. Je to samoz\u0159ejm\u011b prioritn\u011b m\u00edr na Ukrajin\u011b. To bylo jist\u011b tak\u00e9 p\u0159edm\u011btem hovoru, ale je to tak\u00e9 n\u00e1kup st\u00edha\u010dek F-35 \u010ceskou republikou, na \u010dem\u017e maj\u00ed eminentn\u00ed z\u00e1jem ameri\u010dt\u00ed zbroja\u0159i. A Donald Trump jist\u011b nen\u00ed ten, kdo by br\u00e1nil americk\u00fdm zbroja\u0159\u016fm v jejich\u00a0\u00a0v\u00fdd\u011blc\u00edch.<\/p>\n<p style=\"font-weight: 400;\">Dosavadn\u00ed \u0159e\u0161en\u00ed obrany teritoria republiky 13 Gripeny je p\u0159itom dostate\u010dn\u00e9. A to\u00a0\u00a0je\u0161t\u011b na\u0161e Gripeny sta\u010d\u00ed chr\u00e1nit vzdu\u0161n\u00fd prostor Slovensk\u00e9 republiky. N\u00e1kup nov\u00fdch Gripen\u016f ze \u0160v\u00e9dska by st\u00e1l v \u0159\u00e1dech des\u00edtky\u00a0\u00a0miliard korun a nikoliv stovky miliard korun, co n\u00e1s bude st\u00e1t p\u0159\u00edpadn\u00fd n\u00e1kup 24 letoun\u016f F-35. Jedinou v\u00fdhodou t\u011bchto letoun\u016f je to, \u017ee by v p\u0159\u00edpadn\u00e9m v\u00e1le\u010dn\u00e9m konfliktu, ke kter\u00e9mu, jak douf\u00e1m nedojde, nemohli b\u00fdt v p\u0159\u00ed\u0161t\u00edch deseti letech ani po\u0161kozeny, nato\u017e zni\u010deny. Jednodu\u0161e proto, \u017ee nebudou v t\u00e9 dob\u011b je\u0161t\u011b dod\u00e1ny. A po 10 letech u\u017e budou pon\u011bkud de mod\u00e9. Asi mnohem prakti\u010dt\u011bj\u0161\u00ed by bylo nakoupit nap\u0159. 10 a\u017e 14\u00a0\u00a0Gripen\u016f, kter\u00e9 budou v \u0159\u00e1dech des\u00edtek miliard korun.<\/p>\n<p style=\"font-weight: 400;\">Republika by p\u0159itom u\u0161et\u0159ila sta miliardy korun. Uvid\u00edme, jak se Babi\u0161ova vl\u00e1da zachov\u00e1 v t\u00e9to velmi d\u016fle\u017eit\u00e9 v\u011bci. Je\u017e je choulostiv\u00e1 z hlediska zahrani\u010dn\u011b -politick\u00e9ho. Ale velmi z\u00e1va\u017en\u00e1 tak\u00e9 pro kapsy \u010desk\u00fdch da\u0148ov\u00fdch poplatn\u00edk\u016f. Vych\u00e1z\u00ed mi z toho, \u017ee a\u017e skon\u010d\u00ed konflikt na Ukrajin\u011b, nebude t\u0159eba v d\u016fsledku rozumn\u00fdch m\u00edrov\u00fdch dohod uzav\u0159en\u00fdch s Ruskem takov\u00e9to drah\u00e9 zbra\u0148ov\u00e9 syst\u00e9my \u00fato\u010dn\u00e9 povahy nakupovat.<\/p>\n<p><a href=\"https:\/\/vasevec.info\/komentare\/jiri-paroubek-jak-bude-s-nakupem-letounu-f-35\">Ji\u0159\u00ed Paroubek<\/a><\/p>\n<p><img decoding=\"async\" loading=\"lazy\" class=\"alignnone size-medium wp-image-2342\" src=\"http:\/\/www.infokuryr.cz\/n\/wp-content\/uploads\/2021\/06\/paroubek-300x208.jpg\" alt=\"\" width=\"300\" height=\"208\" srcset=\"https:\/\/www.infokuryr.cz\/n\/wp-content\/uploads\/2021\/06\/paroubek-300x208.jpg 300w, https:\/\/www.infokuryr.cz\/n\/wp-content\/uploads\/2021\/06\/paroubek.jpg 318w\" sizes=\"(max-width: 300px) 100vw, 300px\" \/><\/p>\n<p>&nbsp;<\/p>\n","protected":false},"excerpt":{"rendered":"<p>To je jist\u011b zaj\u00edmav\u00e1 politick\u00e1 ot\u00e1zka, proto\u017ee nikdo tak \u00fapln\u011b p\u0159esn\u011b nev\u00ed, kolik vlastn\u011b budou&#8230;<\/p>\n","protected":false},"author":2,"featured_media":76260,"comment_status":"closed","ping_status":"closed","sticky":false,"template":"","format":"standard","meta":[],"categories":[6],"tags":[1284,1503,122],"_links":{"self":[{"href":"https:\/\/www.infokuryr.cz\/n\/wp-json\/wp\/v2\/posts\/95600"}],"collection":[{"href":"https:\/\/www.infokuryr.cz\/n\/wp-json\/wp\/v2\/posts"}],"about":[{"href":"https:\/\/www.infokuryr.cz\/n\/wp-json\/wp\/v2\/types\/post"}],"author":[{"embeddable":true,"href":"https:\/\/www.infokuryr.cz\/n\/wp-json\/wp\/v2\/users\/2"}],"replies":[{"embeddable":true,"href":"https:\/\/www.infokuryr.cz\/n\/wp-json\/wp\/v2\/comments?post=95600"}],"version-history":[{"count":0,"href":"https:\/\/www.infokuryr.cz\/n\/wp-json\/wp\/v2\/posts\/95600\/revisions"}],"wp:featuredmedia":[{"embeddable":true,"href":"https:\/\/www.infokuryr.cz\/n\/wp-json\/wp\/v2\/media\/76260"}],"wp:attachment":[{"href":"https:\/\/www.infokuryr.cz\/n\/wp-json\/wp\/v2\/media?parent=95600"}],"wp:term":[{"taxonomy":"category","embeddable":true,"href":"https:\/\/www.infokuryr.cz\/n\/wp-json\/wp\/v2\/categories?post=95600"},{"taxonomy":"post_tag","embeddable":true,"href":"https:\/\/www.infokuryr.cz\/n\/wp-json\/wp\/v2\/tags?post=95600"}],"curies":[{"name":"wp","href":"https:\/\/api.w.org\/{rel}","templated":true}]}}