{"id":95592,"date":"2025-12-29T00:22:16","date_gmt":"2025-12-28T23:22:16","guid":{"rendered":"https:\/\/www.infokuryr.cz\/n\/?p=95592"},"modified":"2025-12-28T16:03:26","modified_gmt":"2025-12-28T15:03:26","slug":"levnejsi-palivo-velky-podvod-rakouskeho-ministra-financi","status":"publish","type":"post","link":"https:\/\/www.infokuryr.cz\/n\/2025\/12\/29\/levnejsi-palivo-velky-podvod-rakouskeho-ministra-financi\/","title":{"rendered":"Levn\u011bj\u0161\u00ed palivo? Velk\u00fd podvod rakousk\u00e9ho ministra financ\u00ed"},"content":{"rendered":"<div id=\"fb-root\"><\/div>\n<p><strong><span dir=\"auto\">Ministr financ\u00ed Markus Marterbauer (SP\u00d6) se ost\u0159e stav\u00ed proti vysok\u00fdm cen\u00e1m pohonn\u00fdch hmot, zat\u00edmco st\u00e1t ji\u017e nyn\u00ed shrabuje v\u00edce ne\u017e polovinu ceny a Brusel se chyst\u00e1 sv\u016fj pod\u00edl od roku 2027 masivn\u011b zv\u00fd\u0161it. To je do o\u010d\u00ed bij\u00edc\u00ed klam\u00e1n\u00ed ve\u0159ejnosti a facka v\u0161em da\u0148ov\u00fdm poplatn\u00edk\u016fm.<\/span><\/strong><\/p>\n<p><span dir=\"auto\">Rakousk\u00fd ministr financ\u00ed Markus Marterbauer se sna\u017e\u00ed p\u016fsobit populisticky. Tvrd\u00ed, \u017ee na vysok\u00fdch cen\u00e1ch pohonn\u00fdch hmot je n\u011bco \u201epodez\u0159el\u00e9ho\u201c a \u017ee vl\u00e1da zas\u00e1hne a sn\u00ed\u017e\u00ed je. Zn\u00ed to jako \u00faleva, ale bli\u017e\u0161\u00ed pohled uk\u00e1\u017ee, \u017ee je to jen facka.<\/span><\/p>\n<p><span dir=\"auto\">\u010cist\u00e1 cena litru pr\u00e9miov\u00e9ho benzinu se v sou\u010dasnosti pohybuje kolem 0,64\u20130,69 eura bez dan\u00ed a cel. Aktu\u00e1ln\u00ed cena u stojanu, p\u0159ibli\u017en\u011b 1,47 eura (k prosinci 2025), se skl\u00e1d\u00e1 z 55 procent z dan\u00ed: dan\u011b z miner\u00e1ln\u00edch olej\u016f, celost\u00e1tn\u00ed ceny CO\u2082 a dan\u011b z p\u0159idan\u00e9 hodnoty. Za natankov\u00e1n\u00ed 50 eur tedy jde dobr\u00fdch 27,50 eura p\u0159\u00edmo vl\u00e1d\u011b. A to i p\u0159esto, \u017ee ob\u010dan\u00e9 plat\u00ed za benz\u00edn pen\u011bzi, kter\u00e9 ji\u017e byly zdan\u011bny \u2013 dvoj\u00ed podvod. Mal\u00fd detail k zamy\u0161len\u00ed: \u010cist\u00fd m\u011bs\u00ed\u010dn\u00ed plat 2 500 eur se rovn\u00e1 platb\u011b od zam\u011bstnavatele p\u0159esahuj\u00edc\u00ed 65 000 eur. To by byla skute\u010dn\u00e1 mzda, kdyby si vl\u00e1da nevzala sv\u016fj pod\u00edl.<\/span><\/p>\n<p><span dir=\"auto\">Marterbauer by ve skute\u010dnosti mohl zlevnit pohonn\u00e9 hmoty sn\u00ed\u017een\u00edm dan\u00ed. M\u00edsto toho pl\u00e1nuje zru\u0161it \u201ed\u00e1vky po\u0161kozuj\u00edc\u00ed klima\u201c, jako je p\u0159\u00edsp\u011bvek na doj\u00ed\u017ed\u011bn\u00ed. Z\u00e1rove\u0148 ml\u010d\u00ed o da\u0148ov\u00e9 bomb\u011b, kter\u00e1 bude aktivov\u00e1na v roce 2027: nov\u00e9m syst\u00e9mu EU pro obchodov\u00e1n\u00ed s emisemi (ETS2) pro dopravu a budovy.<\/span><\/p>\n<p><span dir=\"auto\">Tento syst\u00e9m nahrazuje n\u00e1rodn\u00ed ceny CO\u2082 celoevropsk\u00fdm syst\u00e9mem obchodov\u00e1n\u00ed s emisemi.\u00a0<\/span><a href=\"https:\/\/www.heise.de\/suche?q=CO%E2%82%82-Handelssystem+EU+ETS2+ab+2027%3A+Sprit+wird+absehbar+immer+teurer+\"><span dir=\"auto\">R\u016fzn\u00e9 progn\u00f3zy<\/span><\/a><span dir=\"auto\">\u00a0p\u0159edpov\u00eddaj\u00ed dan\u011b z CO\u2082 ve v\u00fd\u0161i 100 a\u017e 300 eur za tunu CO\u2082, co\u017e by mohlo zv\u00fd\u0161it cenu benzinu o 0,25 eura na v\u00edce ne\u017e 0,90 eura za litr a v extr\u00e9mn\u00edch p\u0159\u00edpadech i v\u00fdrazn\u011b v\u00edce. Podle n\u011bmeck\u00e9 Feder\u00e1ln\u00ed agentury pro \u017eivotn\u00ed prost\u0159ed\u00ed se o\u010dek\u00e1v\u00e1, \u017ee tyto p\u0159\u00edplatky\u00a0<\/span><a href=\"https:\/\/www.umweltbundesamt.de\/daten\/umwelt-wirtschaft\/gesellschaftliche-kosten-von-umweltbelastungen#methodik-zur-schatzung-von-klimakosten-\" target=\"_blank\" rel=\"noreferrer noopener\"><span dir=\"auto\">ve st\u0159edn\u011bdob\u00e9m horizontu vytla\u010d\u00ed cenu za litr sm\u011brem k 3 eur\u016fm<\/span><\/a><span dir=\"auto\">\u00a0. Nejedn\u00e1 se v\u0161ak o horn\u00ed hranici; Feder\u00e1ln\u00ed agentura pro \u017eivotn\u00ed prost\u0159ed\u00ed pl\u00e1nuje i hodnoty p\u0159esahuj\u00edc\u00ed 1 000 eur za tunu CO\u2082. To by fakticky ukon\u010dilo \u0159\u00edzen\u00ed, individu\u00e1ln\u00ed svobodu, prosperitu a ekonomiku ve jm\u00e9nu \u201eochrany klimatu\u201c.<\/span><\/p>\n<p><span dir=\"auto\">Hlavn\u00ed producenti emis\u00ed CO\u2082 mimo Evropu se tomu sm\u011bj\u00ed a\u017e do banky. USA, \u010c\u00edna, Indie a Rusko nemaj\u00ed \u017e\u00e1dnou uhl\u00edkovou da\u0148. Jejich ekonomiky d\u00e1l vesele produkuj\u00ed a vypou\u0161t\u011bj\u00ed emise, zat\u00edmco my Evropan\u00e9 se ni\u010d\u00edme. Nejvy\u0161\u0161\u00ed sov\u011bt Evropsk\u00e9 sov\u011btsk\u00e9 socialistick\u00e9 republiky to oslavuje jako pr\u016fkopnickou pr\u00e1ci, a\u017e na to, \u017ee hloup\u011b nikdo nechce n\u00e1sledovat na\u0161eho p\u0159\u00edkladu. Zbytek sv\u011bta s ned\u016fv\u011brou sleduje, jak p\u00e1ch\u00e1me ekonomickou sebevra\u017edu.<\/span><\/p>\n<p><span dir=\"auto\">Na\u0161e vl\u00e1da n\u00e1m nejen l\u017ee o d\u016fvodech sou\u010dasn\u00fdch vysok\u00fdch cen benzinu, ale tak\u00e9 zatajuje nadch\u00e1zej\u00edc\u00ed eskalaci. M\u00edsto sni\u017eov\u00e1n\u00ed dan\u00ed umo\u017e\u0148uje EU d\u00e1le utahovat da\u0148ov\u00e9 \u0161rouby. Co na\u0161e vl\u00e1da i Nejvy\u0161\u0161\u00ed sov\u011bt pod veden\u00edm Ursuly von der Leyen p\u0159ehl\u00ed\u017eej\u00ed, je toto: jakmile pr\u016fmysl zkrachuje nebo se p\u0159est\u011bhuje a jakmile budou ob\u010dan\u00e9 zni\u010deni, pak dan\u011b z CO\u2082 vyschnou. CO\u2082 bude samoz\u0159ejm\u011b st\u00e1le emitov\u00e1n, jen tentokr\u00e1t do zahrani\u010d\u00ed. Na\u0161e \u201eklimatick\u00e1 politika\u201c nem\u00e1 \u017e\u00e1dn\u00fd vliv na glob\u00e1ln\u00ed emise CO\u2082, ani klima nen\u00ed ovlivn\u011bno emisemi CO\u2082. Slou\u017e\u00ed pouze ke zv\u00fd\u0161en\u00ed da\u0148ov\u00fdch p\u0159\u00edjm\u016f v kr\u00e1tkodob\u00e9m horizontu a k umo\u017en\u011bn\u00ed \u00fapln\u00e9 kontroly nad ob\u010dany prost\u0159ednictv\u00edm zaveden\u00ed osobn\u00edch rozpo\u010dt\u016f na CO\u2082.<\/span><\/p>\n<p><img decoding=\"async\" loading=\"lazy\" class=\"alignnone size-full wp-image-1185\" src=\"http:\/\/www.infokuryr.cz\/n\/wp-content\/uploads\/2021\/04\/kuryr-podpis.png\" alt=\"\" width=\"84\" height=\"24\" \/><\/p>\n<p>&nbsp;<\/p>\n","protected":false},"excerpt":{"rendered":"<p>Ministr financ\u00ed Markus Marterbauer (SP\u00d6) se ost\u0159e stav\u00ed proti vysok\u00fdm cen\u00e1m pohonn\u00fdch hmot, zat\u00edmco st\u00e1t&#8230;<\/p>\n","protected":false},"author":2,"featured_media":95593,"comment_status":"closed","ping_status":"closed","sticky":false,"template":"","format":"standard","meta":[],"categories":[7],"tags":[1503,3520,120],"_links":{"self":[{"href":"https:\/\/www.infokuryr.cz\/n\/wp-json\/wp\/v2\/posts\/95592"}],"collection":[{"href":"https:\/\/www.infokuryr.cz\/n\/wp-json\/wp\/v2\/posts"}],"about":[{"href":"https:\/\/www.infokuryr.cz\/n\/wp-json\/wp\/v2\/types\/post"}],"author":[{"embeddable":true,"href":"https:\/\/www.infokuryr.cz\/n\/wp-json\/wp\/v2\/users\/2"}],"replies":[{"embeddable":true,"href":"https:\/\/www.infokuryr.cz\/n\/wp-json\/wp\/v2\/comments?post=95592"}],"version-history":[{"count":0,"href":"https:\/\/www.infokuryr.cz\/n\/wp-json\/wp\/v2\/posts\/95592\/revisions"}],"wp:featuredmedia":[{"embeddable":true,"href":"https:\/\/www.infokuryr.cz\/n\/wp-json\/wp\/v2\/media\/95593"}],"wp:attachment":[{"href":"https:\/\/www.infokuryr.cz\/n\/wp-json\/wp\/v2\/media?parent=95592"}],"wp:term":[{"taxonomy":"category","embeddable":true,"href":"https:\/\/www.infokuryr.cz\/n\/wp-json\/wp\/v2\/categories?post=95592"},{"taxonomy":"post_tag","embeddable":true,"href":"https:\/\/www.infokuryr.cz\/n\/wp-json\/wp\/v2\/tags?post=95592"}],"curies":[{"name":"wp","href":"https:\/\/api.w.org\/{rel}","templated":true}]}}