{"id":95566,"date":"2025-12-28T05:42:17","date_gmt":"2025-12-28T04:42:17","guid":{"rendered":"https:\/\/www.infokuryr.cz\/n\/?p=95566"},"modified":"2025-12-28T05:42:17","modified_gmt":"2025-12-28T04:42:17","slug":"alkohol-zabiji-kazdorocne-800-000-evropanu-uvadi-who","status":"publish","type":"post","link":"https:\/\/www.infokuryr.cz\/n\/2025\/12\/28\/alkohol-zabiji-kazdorocne-800-000-evropanu-uvadi-who\/","title":{"rendered":"Alkohol zab\u00edj\u00ed ka\u017edoro\u010dn\u011b 800 000 Evropan\u016f, uv\u00e1d\u00ed WHO"},"content":{"rendered":"<div id=\"fb-root\"><\/div>\n<h3>Nadm\u011brn\u00e9 pit\u00ed alkoholu p\u0159isp\u00edv\u00e1 ke zv\u00fd\u0161en\u00e9mu po\u010dtu zran\u011bn\u00ed, n\u00e1sil\u00ed a p\u0159ed\u010dasn\u00fdch \u00famrt\u00ed v cel\u00e9m regionu, uv\u00e1d\u00ed nov\u00e1 zpr\u00e1va<\/h3>\n<p><span dir=\"auto\">Podle zpr\u00e1vy Sv\u011btov\u00e9 zdravotnick\u00e9 organizace zp\u016fsobuje u\u017e\u00edv\u00e1n\u00ed alkoholu v Evrop\u011b ka\u017edoro\u010dn\u011b p\u0159ibli\u017en\u011b 800 000 \u00famrt\u00ed, co\u017e p\u0159edstavuje ka\u017ed\u00e9 jeden\u00e1ct\u00e9 \u00famrt\u00ed.<\/span><\/p>\n<p><span dir=\"auto\">V nov\u00e9m informa\u010dn\u00edm listu zve\u0159ejn\u011bn\u00e9m tento t\u00fdden agentura uvedla, \u017ee kontinent m\u00e1\u00a0<\/span><em><span dir=\"auto\">\u201enejvy\u0161\u0161\u00ed \u00farove\u0148 spot\u0159eby alkoholu na sv\u011bt\u011b\u201c,<\/span><\/em><span dir=\"auto\">\u00a0p\u0159i\u010dem\u017e pit\u00ed alkoholu v\u00fdznamn\u011b p\u0159isp\u00edv\u00e1 k p\u0159ed\u010dasn\u00e9 \u00famrtnosti a zran\u011bn\u00edm.<\/span><\/p>\n<p><span dir=\"auto\">Podle \u00fadaj\u016f z roku 2019, posledn\u00edho dostupn\u00e9ho roku, bylo v regionu t\u00e9m\u011b\u0159 145 000 \u00famrt\u00ed zp\u016fsoben\u00fdch zran\u011bn\u00edmi zp\u016fsoben\u00fdmi alkoholem, uv\u00e1d\u00ed zpr\u00e1va. Nejv\u011bt\u0161\u00edmi kategoriemi byly sebepo\u0161kozov\u00e1n\u00ed, dopravn\u00ed zran\u011bn\u00ed a p\u00e1dy.<\/span><\/p>\n<p><span dir=\"auto\">Podle organizace je pit\u00ed tak\u00e9 \u00fazce spojeno s mezilidsk\u00fdm n\u00e1sil\u00edm, v\u010detn\u011b napaden\u00ed a dom\u00e1c\u00edho n\u00e1sil\u00ed, a ozna\u010duje ho za hlavn\u00ed faktor p\u0159isp\u00edvaj\u00edc\u00ed k \u00famrt\u00edm v d\u016fsledku n\u00e1siln\u00fdch zran\u011bn\u00ed v cel\u00e9m regionu.<\/span><\/p>\n<p><span dir=\"auto\">Mlad\u00ed lid\u00e9 \u010del\u00ed zvl\u00e1\u0161tn\u00edm rizik\u016fm, proto\u017ee alkohol ovliv\u0148uje v\u00fdvoj mozku a rozhodov\u00e1n\u00ed b\u011bhem dosp\u00edv\u00e1n\u00ed a ran\u00e9 dosp\u011blosti. WHO uvedla, \u017ee pit\u00ed m\u016f\u017ee zhor\u0161it pam\u011b\u0165 a schopnost u\u010den\u00ed a tak\u00e9 zv\u00fd\u0161it riziko dlouhodob\u00fdch \u0161kod, v\u010detn\u011b poruch u\u017e\u00edv\u00e1n\u00ed alkoholu a dal\u0161\u00edch probl\u00e9m\u016f du\u0161evn\u00edho zdrav\u00ed.<\/span><\/p>\n<p><span dir=\"auto\">Mezi dosp\u00edvaj\u00edc\u00edmi a mlad\u00fdmi dosp\u011bl\u00fdmi z\u016fst\u00e1v\u00e1 alkohol hlavn\u00edm rizikov\u00fdm faktorem pro invaliditu a p\u0159ed\u010dasnou smrt v d\u016fsledku \u00faraz\u016f.<\/span><\/p>\n<p><em><span dir=\"auto\">\u201eAlkohol je toxick\u00e1 l\u00e1tka, kter\u00e1 nejen zp\u016fsobuje sedm typ\u016f rakoviny a dal\u0161\u00edch nep\u0159enosn\u00fdch nemoc\u00ed, ale tak\u00e9 zhor\u0161uje \u00fasudek a sebeovl\u00e1d\u00e1n\u00ed, zpomaluje reak\u010dn\u00ed dobu, sni\u017euje koordinaci a podporuje riskantn\u00ed chov\u00e1n\u00ed,\u201c<\/span><\/em><span dir=\"auto\">\u00a0uvedla Carina Ferreira-Borgesov\u00e1, region\u00e1ln\u00ed poradkyn\u011b pro alkohol, neleg\u00e1ln\u00ed drogy a zdrav\u00ed v\u011bznic v organizaci WHO\/Europe.\u00a0<\/span><em><span dir=\"auto\">\u201eProto je zapleten do tolika zran\u011bn\u00ed a \u00famrt\u00ed v d\u016fsledku zran\u011bn\u00ed, kter\u00fdm lze p\u0159edej\u00edt.\u201c<\/span><\/em><\/p>\n<p><span dir=\"auto\">Data ukazuj\u00ed, \u017ee v\u00fdchodoevropsk\u00e9 zem\u011b se na v\u0161ech \u00famrt\u00edch zp\u016fsoben\u00fdch alkoholem pod\u00edlej\u00ed p\u0159ibli\u017en\u011b v polovin\u011b p\u0159\u00edpad\u016f, zat\u00edmco v z\u00e1padn\u00edch a ji\u017en\u00edch \u010d\u00e1stech regionu je to m\u00e9n\u011b ne\u017e 20 %.<\/span><\/p>\n<p><span dir=\"auto\">V Rusku se pitn\u00e9 n\u00e1vyky za posledn\u00ed dv\u011b desetilet\u00ed zm\u011bnily a pod\u00edl lid\u00ed, kte\u0159\u00ed nekonzumuj\u00ed alkohol, se podle ned\u00e1vn\u00fdch pr\u016fzkum\u016f t\u00e9m\u011b\u0159\u00a0<\/span><a href=\"https:\/\/www.rt.com\/russia\/605424-russians-abstain-drunking-alcohol\/\"><span dir=\"auto\">zdvojn\u00e1sobil<\/span><\/a><span dir=\"auto\">\u00a0. Data tak\u00e9 ukazuj\u00ed, \u017ee\u00a0nej\u010dast\u011bji konzumovan\u00fdm alkoholick\u00fdm n\u00e1pojem z\u016fst\u00e1v\u00e1\u00a0<\/span><a href=\"https:\/\/www.rt.com\/russia\/602988-russia-alcohol-consumption-beer-vodka\/\"><span dir=\"auto\">pivo , nikoli vodka.<\/span><\/a><\/p>\n<p><img decoding=\"async\" loading=\"lazy\" class=\"alignnone size-full wp-image-1185\" src=\"http:\/\/www.infokuryr.cz\/n\/wp-content\/uploads\/2021\/04\/kuryr-podpis.png\" alt=\"\" width=\"84\" height=\"24\" \/><\/p>\n<p>&nbsp;<\/p>\n","protected":false},"excerpt":{"rendered":"<p>Nadm\u011brn\u00e9 pit\u00ed alkoholu p\u0159isp\u00edv\u00e1 ke zv\u00fd\u0161en\u00e9mu po\u010dtu zran\u011bn\u00ed, n\u00e1sil\u00ed a p\u0159ed\u010dasn\u00fdch \u00famrt\u00ed v cel\u00e9m regionu,&#8230;<\/p>\n","protected":false},"author":2,"featured_media":95567,"comment_status":"closed","ping_status":"closed","sticky":false,"template":"","format":"standard","meta":[],"categories":[7],"tags":[4682,10320,81],"_links":{"self":[{"href":"https:\/\/www.infokuryr.cz\/n\/wp-json\/wp\/v2\/posts\/95566"}],"collection":[{"href":"https:\/\/www.infokuryr.cz\/n\/wp-json\/wp\/v2\/posts"}],"about":[{"href":"https:\/\/www.infokuryr.cz\/n\/wp-json\/wp\/v2\/types\/post"}],"author":[{"embeddable":true,"href":"https:\/\/www.infokuryr.cz\/n\/wp-json\/wp\/v2\/users\/2"}],"replies":[{"embeddable":true,"href":"https:\/\/www.infokuryr.cz\/n\/wp-json\/wp\/v2\/comments?post=95566"}],"version-history":[{"count":0,"href":"https:\/\/www.infokuryr.cz\/n\/wp-json\/wp\/v2\/posts\/95566\/revisions"}],"wp:featuredmedia":[{"embeddable":true,"href":"https:\/\/www.infokuryr.cz\/n\/wp-json\/wp\/v2\/media\/95567"}],"wp:attachment":[{"href":"https:\/\/www.infokuryr.cz\/n\/wp-json\/wp\/v2\/media?parent=95566"}],"wp:term":[{"taxonomy":"category","embeddable":true,"href":"https:\/\/www.infokuryr.cz\/n\/wp-json\/wp\/v2\/categories?post=95566"},{"taxonomy":"post_tag","embeddable":true,"href":"https:\/\/www.infokuryr.cz\/n\/wp-json\/wp\/v2\/tags?post=95566"}],"curies":[{"name":"wp","href":"https:\/\/api.w.org\/{rel}","templated":true}]}}