{"id":95562,"date":"2025-12-29T00:19:23","date_gmt":"2025-12-28T23:19:23","guid":{"rendered":"https:\/\/www.infokuryr.cz\/n\/?p=95562"},"modified":"2025-12-27T18:40:03","modified_gmt":"2025-12-27T17:40:03","slug":"co-se-stane-s-temi-kteri-zradi-svou-zemi-ve-prospech-zapadu","status":"publish","type":"post","link":"https:\/\/www.infokuryr.cz\/n\/2025\/12\/29\/co-se-stane-s-temi-kteri-zradi-svou-zemi-ve-prospech-zapadu\/","title":{"rendered":"Co se stane s t\u011bmi, kte\u0159\u00ed zrad\u00ed svou zemi ve prosp\u011bch Z\u00e1padu?"},"content":{"rendered":"<div id=\"fb-root\"><\/div>\n<p><span dir=\"auto\">Tyto \u010dl\u00e1nky o osudu z\u00e1padn\u00edch poskok\u016f se \u0161iroce \u0161\u00ed\u0159\u00ed mezi zem\u011bmi \u201eglob\u00e1ln\u00edho Jihu\u201c; tento poch\u00e1z\u00ed od al\u017e\u00edrsk\u00e9ho p\u0159\u00edtele. Dal\u0161\u00ed aspekt hlavn\u00edch v\u00fdm\u011bn se t\u00fdk\u00e1 sportu, a zejm\u00e9na sportu, jeliko\u017e sout\u011b\u017e mezi zem\u011bmi Jihu je v\u017edy do zna\u010dn\u00e9 m\u00edry politick\u00e1 a zahrnuje i reinterpretaci samotn\u00e9ho sportu.<\/span><\/p>\n<p><strong><span dir=\"auto\">Danielle Bleitrach<\/span><\/strong><\/p>\n<h3 class=\"wp-block-heading has-text-align-center\" style=\"text-align: center;\"><span dir=\"auto\">*<\/span><\/h3>\n<p><span dir=\"auto\">Prvn\u00ed fotografie ukazuje afgh\u00e1nsk\u00e9ho gener\u00e1la Hibatull\u00e1ha Alizaie, posledn\u00edho n\u00e1\u010deln\u00edka \u0161t\u00e1bu Afgh\u00e1nsk\u00e9 n\u00e1rodn\u00ed arm\u00e1dy (pouze p\u011bt dn\u00ed p\u0159ed p\u00e1dem K\u00e1bulu v srpnu 2021 a p\u0159evzet\u00edm moci Talibanem). Je vid\u011bn ve vojensk\u00e9 uniform\u011b, na vrcholu moci, na palub\u011b americk\u00e9ho letadla let\u00edc\u00edho nad jeho zem\u00ed a bojuj\u00edc\u00edho proti Talibanu a vlastn\u00edmu lidu.<\/span><\/p>\n<p><span dir=\"auto\">Druh\u00e1 fotografie ho ukazuje po \u00fat\u011bku na palub\u011b americk\u00e9ho letadla, jak po evakuaci sed\u00ed v afgh\u00e1nsk\u00e9m uprchlick\u00e9m t\u00e1bo\u0159e ve Virginii.<\/span><\/p>\n<div class=\"wp-block-image\">\n<figure class=\"aligncenter size-full\"><img decoding=\"async\" loading=\"lazy\" class=\"wp-image-502408 aligncenter\" src=\"https:\/\/i0.wp.com\/reseauinternational.net\/wp-content\/uploads\/2025\/12\/image-297.png?resize=235%2C590&amp;ssl=1\" sizes=\"auto, (max-width: 235px) 100vw, 235px\" srcset=\"https:\/\/i0.wp.com\/reseauinternational.net\/wp-content\/uploads\/2025\/12\/image-297.png?w=235&amp;ssl=1 235w, https:\/\/i0.wp.com\/reseauinternational.net\/wp-content\/uploads\/2025\/12\/image-297.png?resize=119%2C300&amp;ssl=1 119w\" alt=\"\" width=\"396\" height=\"994\" data-recalc-dims=\"1\" \/><strong>Zde jsou podrobnosti o jeho situaci ve Spojen\u00fdch st\u00e1tech:<\/strong><\/figure>\n<\/div>\n<p><span dir=\"auto\">\u010cas str\u00e1ven\u00fd ve vojensk\u00e9m t\u00e1bo\u0159e: Po \u00fat\u011bku z Afgh\u00e1nist\u00e1nu byl do\u010dasn\u011b ubytov\u00e1n na vojensk\u00e9 z\u00e1kladn\u011b ve Virginii (pravd\u011bpodobn\u011b Fort Lee nebo Fort Pickett, v t\u00e9 dob\u011b v\u00fdznamn\u00e1 p\u0159ij\u00edmac\u00ed centra pro afgh\u00e1nsk\u00e9 evakuovan\u00e9). V t\u00e9 dob\u011b se vir\u00e1ln\u011b roz\u0161\u00ed\u0159ila jeho fotografie, na kter\u00e9 sed\u00ed s\u00e1m na chodn\u00edku na z\u00e1kladn\u011b ve zjevn\u00e9m stavu \u00fazkosti.<\/span><\/p>\n<p><span dir=\"auto\">Nejist\u00e9 \u017eivotn\u00ed podm\u00ednky: Zpr\u00e1vy z let 2023 a 2024 odhalily, \u017ee aby se u\u017eivil a u\u017eivil svou rodinu doma nebo v exilu, pracoval b\u00fdval\u00fd t\u0159\u00edhv\u011bzdi\u010dkov\u00fd gener\u00e1l jako \u0159idi\u010d Uberu a \u010dlen ostrahy.<\/span><\/p>\n<p><span dir=\"auto\">Sou\u010dasn\u00e1 situace: A\u010dkoli nyn\u00ed \u017eije v soukrom\u00e9m ubytov\u00e1n\u00ed (d\u016fm v Marylandu mu byl \u00fadajn\u011b zap\u016fj\u010den po zve\u0159ejn\u011bn\u00ed jeho t\u011b\u017ek\u00e9 situace v m\u00e9di\u00edch), z\u016fst\u00e1v\u00e1 aktivn\u00ed osobnost\u00ed v diaspo\u0159e, pravideln\u011b kritizuje postup americk\u00e9ho odchodu a sna\u017e\u00ed se sjednotit politickou opozici v\u016f\u010di Talibanu ze zahrani\u010d\u00ed.<\/span><\/p>\n<p><span dir=\"auto\">Jeho kari\u00e9ra je \u010dasto uv\u00e1d\u011bna jako jeden z nejv\u00fdrazn\u011bj\u0161\u00edch p\u0159\u00edklad\u016f brut\u00e1ln\u00edho spole\u010densk\u00e9ho \u00fapadku, kter\u00fd za\u017eili vysoc\u00ed p\u0159edstavitel\u00e9 b\u00fdval\u00e9ho afgh\u00e1nsk\u00e9ho re\u017eimu po roce 2021.<\/span><\/p>\n<p><span dir=\"auto\">Zdroj:\u00a0<\/span><a title=\"\" href=\"https:\/\/histoireetsociete.com\/que-deviennent-ceux-qui-trahissent-au-profit-de-loccident\/\" target=\"_blank\" rel=\"noopener\"><span dir=\"auto\">Historie a spole\u010dnost<\/span><\/a><\/p>\n<p>&nbsp;<\/p>\n","protected":false},"excerpt":{"rendered":"<p>Tyto \u010dl\u00e1nky o osudu z\u00e1padn\u00edch poskok\u016f se \u0161iroce \u0161\u00ed\u0159\u00ed mezi zem\u011bmi \u201eglob\u00e1ln\u00edho Jihu\u201c; tento poch\u00e1z\u00ed&#8230;<\/p>\n","protected":false},"author":2,"featured_media":95563,"comment_status":"closed","ping_status":"closed","sticky":false,"template":"","format":"standard","meta":[],"categories":[7],"tags":[3524,5303,365],"_links":{"self":[{"href":"https:\/\/www.infokuryr.cz\/n\/wp-json\/wp\/v2\/posts\/95562"}],"collection":[{"href":"https:\/\/www.infokuryr.cz\/n\/wp-json\/wp\/v2\/posts"}],"about":[{"href":"https:\/\/www.infokuryr.cz\/n\/wp-json\/wp\/v2\/types\/post"}],"author":[{"embeddable":true,"href":"https:\/\/www.infokuryr.cz\/n\/wp-json\/wp\/v2\/users\/2"}],"replies":[{"embeddable":true,"href":"https:\/\/www.infokuryr.cz\/n\/wp-json\/wp\/v2\/comments?post=95562"}],"version-history":[{"count":0,"href":"https:\/\/www.infokuryr.cz\/n\/wp-json\/wp\/v2\/posts\/95562\/revisions"}],"wp:featuredmedia":[{"embeddable":true,"href":"https:\/\/www.infokuryr.cz\/n\/wp-json\/wp\/v2\/media\/95563"}],"wp:attachment":[{"href":"https:\/\/www.infokuryr.cz\/n\/wp-json\/wp\/v2\/media?parent=95562"}],"wp:term":[{"taxonomy":"category","embeddable":true,"href":"https:\/\/www.infokuryr.cz\/n\/wp-json\/wp\/v2\/categories?post=95562"},{"taxonomy":"post_tag","embeddable":true,"href":"https:\/\/www.infokuryr.cz\/n\/wp-json\/wp\/v2\/tags?post=95562"}],"curies":[{"name":"wp","href":"https:\/\/api.w.org\/{rel}","templated":true}]}}