{"id":95560,"date":"2025-12-29T00:18:22","date_gmt":"2025-12-28T23:18:22","guid":{"rendered":"https:\/\/www.infokuryr.cz\/n\/?p=95560"},"modified":"2025-12-27T18:36:06","modified_gmt":"2025-12-27T17:36:06","slug":"honduras-jak-byl-trumpuv-kandidat-prohlasen-prezidentem-uprostred-obvineni-z-prevratu","status":"publish","type":"post","link":"https:\/\/www.infokuryr.cz\/n\/2025\/12\/29\/honduras-jak-byl-trumpuv-kandidat-prohlasen-prezidentem-uprostred-obvineni-z-prevratu\/","title":{"rendered":"Honduras: Jak byl Trump\u016fv kandid\u00e1t prohl\u00e1\u0161en prezidentem uprost\u0159ed obvin\u011bn\u00ed z p\u0159evratu"},"content":{"rendered":"<div id=\"fb-root\"><\/div>\n<p><span dir=\"auto\">Ned\u00e1vn\u00e9 v\u0161eobecn\u00e9 volby v Hondurasu, poznamenan\u00e9 v\u00e1\u017en\u00fdmi obvin\u011bn\u00edmi z podvod\u016f, tis\u00edci nevy\u0159e\u0161en\u00fdch spor\u016f a do o\u010d\u00ed bij\u00edc\u00edm vm\u011b\u0161ov\u00e1n\u00edm USA, se \u0159ad\u00ed mezi nejpr\u016fhledn\u011bj\u0161\u00ed volebn\u00ed procesy v historii zem\u011b. Dvacet \u010dty\u0159i dn\u00ed po hlasov\u00e1n\u00ed 30. listopadu N\u00e1rodn\u00ed volebn\u00ed rada (CNE) prohl\u00e1sila za nov\u00e9ho prezidenta tohoto st\u0159edoamerick\u00e9ho n\u00e1roda Nasryho Asfuru, kandid\u00e1ta N\u00e1rodn\u00ed strany podporovan\u00e9 Donaldem Trumpem.<\/span><\/p>\n<p><span dir=\"auto\">V bezprecedentn\u00edm kroku bylo prohl\u00e1\u0161en\u00ed u\u010din\u011bno 24. prosince prost\u0159ednictv\u00edm tiskov\u00e9 zpr\u00e1vy CNE, bez vys\u00edl\u00e1n\u00ed v celost\u00e1tn\u00edm rozhlase a televizi, v dob\u011b, kdy se zna\u010dn\u00e1 \u010d\u00e1st populace st\u00e1le \u00fa\u010dastnila oslav \u0160t\u011bdr\u00e9ho dne.<\/span><\/p>\n<p><span dir=\"auto\">V\u00fdsledek schv\u00e1lily radn\u00ed Ana Paola Hallov\u00e1, zastupuj\u00edc\u00ed Liber\u00e1ln\u00ed stranu, a Cossette L\u00f3pezov\u00e1, zastupuj\u00edc\u00ed N\u00e1rodn\u00ed stranu, pot\u00e9, co americk\u00e9 velvyslanectv\u00ed v Hondurasu ve\u0159ejn\u011b po\u017eadovalo zve\u0159ejn\u011bn\u00ed kone\u010dn\u00e9ho v\u00fdsledku a varovalo, \u017ee \u201e\u00a0<\/span><em><span dir=\"auto\">ka\u017ed\u00fd, kdo bude ma\u0159it nebo se pokus\u00ed odd\u00e1lit<\/span><\/em><span dir=\"auto\">\u00a0\u201c vyhl\u00e1\u0161en\u00ed, bude \u010delit \u201e\u00a0<\/span><em><span dir=\"auto\">n\u00e1sledk\u016fm<\/span><\/em><span dir=\"auto\">\u00a0\u201c.<\/span><\/p>\n<p><span dir=\"auto\">A\u010dkoli p\u0159edpisy vy\u017eaduj\u00ed podpisy v\u0161ech t\u0159\u00ed radn\u00edch CNE, prohl\u00e1\u0161en\u00ed nepodepsal Marlon Ochoa, radn\u00ed ze Strany svobody a obnovy (Libre), kter\u00fd rozhodnut\u00ed ozna\u010dil za \u201e\u00a0<\/span><em><span dir=\"auto\">volebn\u00ed p\u0159evrat<\/span><\/em><span dir=\"auto\">\u00a0\u201c. Dokument v\u0161ak byl formalizov\u00e1n podpisem Ochoova n\u00e1hradn\u00edho radn\u00edho Carlose Enriqueho Cardony Hern\u00e1ndeze \u2013 kter\u00fd \u010del\u00ed z\u00e1va\u017en\u00fdm obvin\u011bn\u00edm z korupce \u2013 kter\u00fd usnesen\u00ed schv\u00e1lil bez konsensu strany, kterou m\u011bl zastupovat.<\/span><\/p>\n<p><span dir=\"auto\">Reakce byla rychl\u00e1 a prohl\u00e1\u0161en\u00ed okam\u017eit\u011b odsoudil p\u0159edseda z\u00e1konod\u00e1rn\u00e9ho sboru Luis Redondo, v\u016fdce strany Libre, jako \u201e\u00a0<\/span><em><span dir=\"auto\">volebn\u00ed p\u0159evrat<\/span><\/em><span dir=\"auto\">\u00a0\u201c a \u201e\u00a0<\/span><em><span dir=\"auto\">zradu n\u00e1roda<\/span><\/em><span dir=\"auto\">\u00a0\u201c. Redondo na soci\u00e1ln\u00edch s\u00edt\u00edch zve\u0159ejnil ostrou zpr\u00e1vu, v n\u00ed\u017e tvrdil, \u017ee z\u00e1stupce radn\u00edho Carlos Cardona \u201e\u00a0<\/span><em><span dir=\"auto\">potvrdil, \u017ee nepotvrdil podvod N\u00e1rodn\u00ed strany<\/span><\/em><span dir=\"auto\">\u00a0\u201c, a svou zpr\u00e1vu doprovodil obr\u00e1zkem na \u010dern\u00e9m pozad\u00ed s n\u00e1pisem \u201e\u00a0<\/span><em><span dir=\"auto\">Zrada<\/span><\/em><span dir=\"auto\">\u00a0\u201c.<\/span><\/p>\n<p><span dir=\"auto\">Podle \u00fadaj\u016f CNE bylo vyhl\u00e1\u0161en\u00ed zalo\u017eeno na se\u010dten\u00ed 19 154 volebn\u00edch protokol\u016f z celkov\u00e9ho po\u010dtu 19 167, co\u017e p\u0159edstavuje 99,93 % z celkov\u00e9ho po\u010dtu. Na z\u00e1klad\u011b t\u011bchto \u00fadaj\u016f z\u00edskala Asfura 1 481 517 hlas\u016f, co\u017e odpov\u00edd\u00e1 40,26 %; Salvador Nasralla z Liber\u00e1ln\u00ed strany obdr\u017eel 1 455 169 hlas\u016f, co\u017e odpov\u00edd\u00e1 39,54 %; zat\u00edmco Rixi Moncada, kandid\u00e1t Svobodn\u00e9 strany, z\u00edskal celkem 706 266 hlas\u016f, tj. 19,19 %.<\/span><\/p>\n<p><span dir=\"auto\">V\u00fdsledek ozn\u00e1men\u00fd CNE uk\u00e1zal rozd\u00edl pouze 0,72 % mezi kandid\u00e1ty N\u00e1rodn\u00ed strany a Liber\u00e1ln\u00ed strany. Prohl\u00e1\u0161en\u00ed bylo u\u010din\u011bno bez p\u0159ezkoum\u00e1n\u00ed tis\u00edc\u016f zpr\u00e1v z volebn\u00edch m\u00edstnost\u00ed, o jejich\u017e p\u0159ezkoum\u00e1n\u00ed po\u017e\u00e1dala Svobodn\u00e1 strana, stejn\u011b jako sektory bl\u00edzk\u00e9 Salvadoru Nasrallovi, kandid\u00e1tovi Liber\u00e1ln\u00ed strany, proto\u017ee obsahovaly z\u00e1va\u017en\u00e9 nesrovnalosti a po\u017eadovaly \u201e\u00a0<\/span><em><span dir=\"auto\">\u00fapln\u00e9 a transparentn\u00ed p\u0159epo\u010d\u00edt\u00e1n\u00ed<\/span><\/em><span dir=\"auto\">\u00a0\u201c.<\/span><\/p>\n<p><span dir=\"auto\">Jednalo se o z\u00e1pisy, ve kter\u00fdch se objevilo v\u00edce hlas\u016f, ne\u017e se o\u010dek\u00e1valo, kde byl rozd\u00edl ve prosp\u011bch N\u00e1rodn\u00ed strany naprosto ne\u00fam\u011brn\u00fd ve srovn\u00e1n\u00ed s jin\u00fdmi z\u00e1pisy a\/nebo kde nebyly respektov\u00e1ny biometrick\u00e9 bezpe\u010dnostn\u00ed mechanismy.<\/span><\/p>\n<p><span dir=\"auto\">Poradci CNE systematicky odm\u00edtali bez jak\u00e9hokoli vysv\u011btlen\u00ed p\u0159epo\u010d\u00edt\u00e1vat tis\u00edce s\u010d\u00edtac\u00edch arch\u016f, kter\u00e9 byly ozna\u010deny za nesrovnalosti. Odhaduje se, \u017ee tyto archy obsahuj\u00ed p\u0159ibli\u017en\u011b dva miliony hlas\u016f, kter\u00e9 mohly podstatn\u011b zm\u011bnit kone\u010dn\u00fd v\u00fdsledek. P\u0159ed\u010dasn\u00e9 ozn\u00e1men\u00ed CNE v\u0161ak zabr\u00e1nilo p\u0159ezkoum\u00e1n\u00ed t\u011bchto hlas\u016f.<\/span><\/p>\n<h3 class=\"wp-block-heading\"><span dir=\"auto\">Politick\u00e9 reakce a mezin\u00e1rodn\u00ed postoje<\/span><\/h3>\n<p><span dir=\"auto\">Ihned po prohl\u00e1\u0161en\u00ed nov\u00e9ho prezidenta vydalo velvyslanectv\u00ed Spojen\u00fdch st\u00e1t\u016f prohl\u00e1\u0161en\u00ed, v n\u011bm\u017e blahop\u0159elo Nasrymu Asfurovi. Z\u00e1rove\u0148 vyj\u00e1d\u0159ilo vd\u011b\u010dnost poradc\u016fm An\u011b Paole Hallov\u00e9 a Cossette L\u00f3pezov\u00e9 \u201e\u00a0<\/span><em><span dir=\"auto\">za jejich v\u016fd\u010d\u00ed schopnosti a odhodl\u00e1n\u00ed chr\u00e1nit volebn\u00ed proces a respektovat v\u016fli lidu<\/span><\/em><span dir=\"auto\">\u00a0\u201c.<\/span><\/p>\n<p><span dir=\"auto\">V souladu s prohl\u00e1\u0161en\u00edm Spojen\u00fdch st\u00e1t\u016f vydaly pravicov\u00e9 vl\u00e1dy regionu \u2013 Argentina, Bol\u00edvie, Kostarika, Ekv\u00e1dor, Panama, Paraguay, Peru a Dominik\u00e1nsk\u00e1 republika \u2013 spole\u010dn\u00e9 prohl\u00e1\u0161en\u00ed, v n\u011bm\u017e blahop\u0159ej\u00ed Asfu\u0159e a vyj\u00e1d\u0159ily o\u010dek\u00e1v\u00e1n\u00ed, \u017ee \u201ebudou\u00a0<\/span><em><span dir=\"auto\">spolupracovat na ot\u00e1zk\u00e1ch, kter\u00e9 n\u00e1s spojuj\u00ed jako bratrsk\u00e9 zem\u011b, v\u010detn\u011b obchodu, bezpe\u010dnosti, migrace a posilov\u00e1n\u00ed demokracie v regionu<\/span><\/em><span dir=\"auto\">\u00a0\u201c.<\/span><\/p>\n<p><span dir=\"auto\">Sen\u00e1tor Fl\u00e1vio Bolsonaro prost\u0159ednictv\u00edm soci\u00e1ln\u00edch m\u00e9di\u00ed poblahop\u0159\u00e1l Asfu\u0159e s t\u00edm, \u017ee jej\u00ed v\u00edt\u011bzstv\u00ed pos\u00edl\u00ed \u201e\u00a0<\/span><em><span dir=\"auto\">pravicov\u00e9 hnut\u00ed v Latinsk\u00e9 Americe<\/span><\/em><span dir=\"auto\">\u00a0\u201c. B\u00fdval\u00fd kongresman Eduardo Bolsonaro mezit\u00edm prohl\u00e1sil, \u017ee \u201e\u00a0<\/span><em><span dir=\"auto\">hondurask\u00fd lid porazil levicovou kandidaturu podporovanou<\/span><\/em><span dir=\"auto\">\u00a0[b\u00fdval\u00fdm hondurask\u00fdm prezidentem Manuelem]\u00a0<\/span><em><span dir=\"auto\">Zelayou a \u0159ekl ne socialismu v n\u00e1vaznosti na pravicov\u00fd trend v Latinsk\u00e9 Americe<\/span><\/em><span dir=\"auto\">\u00a0\u201c.<\/span><\/p>\n<p><span dir=\"auto\">Salvador Nasralla naopak prohl\u00e1\u0161en\u00ed CNE form\u00e1ln\u011b odm\u00edtl a na tiskov\u00e9 konferenci prohl\u00e1sil, \u017ee v\u00fdsledek \u201e\u00a0<\/span><em><span dir=\"auto\">neodr\u00e1\u017e\u00ed celou pravdu o hlasov\u00e1n\u00ed ob\u010dan\u016f (&#8230;) ji\u017e po\u010dtvrt\u00e9 po sob\u011b, tato mo\u017enost mi byla odep\u0159ena, nen\u00ed to rozmar; v\u00fdsledek by nem\u011bl b\u00fdt zve\u0159ejn\u011bn bez se\u010dten\u00ed v\u0161ech hlas\u016f<\/span><\/em><span dir=\"auto\">\u00a0.\u201c<\/span><\/p>\n<p><span dir=\"auto\">Nasralla n\u00e1sledn\u011b na soci\u00e1ln\u00edch s\u00edt\u00edch sd\u00edlela nahr\u00e1vku, na kter\u00e9 je sly\u0161et, jak radn\u00ed Cossette L\u00f3pez-Osorio hovo\u0159\u00ed s nezn\u00e1mou osobou a \u017e\u00e1d\u00e1 o zv\u00fd\u0161en\u00ed \u00faplatku ze 3 milion\u016f lempir (p\u0159ibli\u017en\u011b 113 800 USD) na 7 milion\u016f lempir (p\u0159ibli\u017en\u011b 265 500 USD). Ve sv\u00e9m p\u0159\u00edsp\u011bvku Nasralla nahr\u00e1vku doprovodila vzkazem: \u201e\u00a0<\/span><em><span dir=\"auto\">Pen\u00edze N\u00e1rodn\u00ed strany, poru\u0161uj\u00edc\u00ed v\u016fli 8 milion\u016f Hondurasan\u016f. Tato nahr\u00e1vka je po expertn\u00ed anal\u00fdze ve Spojen\u00fdch st\u00e1tech naprosto skute\u010dn\u00e1<\/span><\/em><span dir=\"auto\">\u00a0.\u201c<\/span><\/p>\n<p><span dir=\"auto\">Kandid\u00e1tka Svobodn\u00e9 strany Rixi Moncadaov\u00e1 ve zpr\u00e1v\u011b zve\u0159ejn\u011bn\u00e9 na soci\u00e1ln\u00edch s\u00edt\u00edch ve\u0159ejn\u011b odsoudila to, co pova\u017euje za z\u00e1va\u017en\u00e9 poru\u0161en\u00ed demokratick\u00e9ho \u0159\u00e1du. Ve sv\u00e9m prohl\u00e1\u0161en\u00ed obvinila N\u00e1rodn\u00ed volebn\u00ed radu (CNE) z jedn\u00e1n\u00ed pod zahrani\u010dn\u00edm vlivem a prohl\u00e1sila, \u017ee volebn\u00ed proces byl \u00famysln\u011b zmanipulov\u00e1n. Podle n\u00ed \u201e\u00a0<\/span><em><span dir=\"auto\">v Hondurasu CNE na z\u00e1klad\u011b pokyn\u016f imp\u00e9ria zavra\u017edila na\u0161i rod\u00edc\u00ed se demokracii<\/span><\/em><span dir=\"auto\">\u00a0\u201c a prohl\u00e1\u0161en\u00ed \u201ezvolen\u00e9ho prezidenta\u201c ozna\u010dila za \u201e\u00a0<\/span><em><span dir=\"auto\">podvod a vnucov\u00e1n\u00ed ze zahrani\u010d\u00ed<\/span><\/em><span dir=\"auto\">\u00a0\u201c.<\/span><\/p>\n<h3 class=\"wp-block-heading\"><span dir=\"auto\">Prohl\u00e1\u0161en\u00ed navzdory nevy\u0159e\u0161en\u00fdm spor\u016fm<\/span><\/h3>\n<p><span dir=\"auto\">Prezidentsk\u00e9 vyhl\u00e1\u0161en\u00ed kandid\u00e1ta Nasryho Asfury podporovan\u00e9ho Donaldem Trumpem prob\u011bhlo bez v\u00edce ne\u017e 10 000 n\u00e1mitek vznesen\u00fdch Liber\u00e1ln\u00ed a Svobodnou stranou a bez vy\u0159e\u0161en\u00ed nejm\u00e9n\u011b dvou odvol\u00e1n\u00ed ke zru\u0161en\u00ed t\u00fdkaj\u00edc\u00edch se prezidentsk\u00e9 \u00farovn\u011b, co\u017e vrh\u00e1 v\u00e1\u017en\u00e9 pochybnosti na jeho legitimitu.<\/span><\/p>\n<p><span dir=\"auto\">Den p\u0159ed vyhl\u00e1\u0161en\u00edm schv\u00e1lili radn\u00ed Hall a L\u00f3pez \u2013 virtu\u00e1ln\u011b, a\u010dkoli se p\u0159edpokl\u00e1d\u00e1, \u017ee se nach\u00e1zej\u00ed na zahrani\u010dn\u00edm diplomatick\u00e9m \u00fa\u0159ad\u011b \u2013 zpr\u00e1vu doporu\u010duj\u00edc\u00ed, aby byly n\u00e1mitky a \u017e\u00e1dosti o p\u0159ezkum p\u0159edlo\u017een\u00e9 Liber\u00e1ln\u00ed stranou a Svobodnou stranou odlo\u017eeny. P\u0159ijet\u00edm tohoto dokumentu se N\u00e1rodn\u00ed volebn\u00ed rada (CNE) \u201ezmocnila\u201c k vyd\u00e1n\u00ed ofici\u00e1ln\u00edho prohl\u00e1\u0161en\u00ed o v\u00edt\u011bzi volebn\u00edho procesu.<\/span><\/p>\n<p><span dir=\"auto\">P\u0159edt\u00edm, ve \u010dtvrtek 18. prosince, vstoupil volebn\u00ed proces do f\u00e1ze \u201ezvl\u00e1\u0161tn\u00edho p\u0159epo\u010d\u00edt\u00e1v\u00e1n\u00ed hlas\u016f\u201c, v r\u00e1mci kter\u00e9ho byla pl\u00e1nov\u00e1na revize 2773 volebn\u00edch zpr\u00e1v, co\u017e odpov\u00edd\u00e1 14,5 % z celkov\u00e9ho po\u010dtu hlas\u016f \u2013 co\u017e p\u0159edstavovalo v\u00edce ne\u017e 580 000 hlas\u016f \u2013 proto\u017ee podle samotn\u00e9 CNE tyto zpr\u00e1vy vykazovaly \u201e\u00a0<\/span><em><span dir=\"auto\">nesrovnalosti<\/span><\/em><span dir=\"auto\">\u00a0\u201c.<\/span><\/p>\n<p><span dir=\"auto\">J\u00e1drem debaty bylo, zda by m\u011bly b\u00fdt p\u0159ezkoum\u00e1ny i dal\u0161\u00ed s\u010d\u00edtac\u00ed archy. Zat\u00edmco radn\u00ed Cossette L\u00f3pez-Osorio a Ana Paola Hall argumentovaly pro omezen\u00ed p\u0159ezkoum\u00e1n\u00ed pouze na tyto s\u010d\u00edtac\u00ed archy, Svobodn\u00e1 strana od sam\u00e9ho za\u010d\u00e1tku po\u017eadovala kompletn\u00ed p\u0159epo\u010d\u00edt\u00e1n\u00ed 100 % s\u010d\u00edtac\u00edch arch\u016f s argumentem, \u017ee nesrovnalosti byly rozs\u00e1hlej\u0161\u00ed, ne\u017e se ofici\u00e1ln\u011b uzn\u00e1valo. Liber\u00e1ln\u00ed strana byla mezit\u00edm rozd\u011blena: zat\u00edmco jej\u00ed prezidentsk\u00fd kandid\u00e1t Salvador Nasralla po\u017eadoval p\u0159ezkoum\u00e1n\u00ed v\u0161ech s\u010d\u00edtac\u00edch arch\u016f hlasov\u00e1n\u00ed po hlasov\u00e1n\u00ed, n\u011bkter\u00e9 \u010d\u00e1sti liber\u00e1ln\u00edho veden\u00ed podporovaly omezen\u00ed p\u0159epo\u010d\u00edt\u00e1n\u00ed pouze na s\u010d\u00edtac\u00ed archy p\u0159edlo\u017een\u00e9 radn\u00edmi N\u00e1rodn\u00ed volebn\u00ed rady (CNE).<\/span><\/p>\n<p><span dir=\"auto\">Nasralla tvrd\u00ed, \u017ee podle jeho paraleln\u00edho (neofici\u00e1ln\u00edho) s\u010d\u00edt\u00e1n\u00ed hlas\u016f z\u00edskala jeho kandidatura nejv\u00edce hlas\u016f, co\u017e je anal\u00fdza, kterou sd\u00edl\u00ed Libre. Jen n\u011bkolik dn\u00ed po volb\u00e1ch b\u00fdval\u00fd prezident Manuel \u201eMel\u201c Zelaya, sou\u010dasn\u00fd koordin\u00e1tor Libre, na soci\u00e1ln\u00edch s\u00edt\u00edch uvedl, \u017ee podle paraleln\u00edho s\u010d\u00edt\u00e1n\u00ed hlas\u016f jeho strany minutu po minut\u011b vede v prezidentsk\u00fdch volb\u00e1ch Salvador Nasralla.<\/span><\/p>\n<p><span dir=\"auto\">\u201e\u00a0<\/span><em><span dir=\"auto\">Konzultoval jsem s na\u0161\u00edm kandid\u00e1tem Rixim Moncadou, aby mi poskytl tuto informaci, proto\u017ee podle na\u0161eho vlastn\u00edho celost\u00e1tn\u00edho s\u010d\u00edt\u00e1n\u00ed minut z prezidentsk\u00fdch volebn\u00edch jedn\u00e1n\u00ed, minutu po minut\u011b, je v\u00edt\u011bzem prezidentsk\u00fdch voleb Salvador Alejandro C\u00e9sar Nasralla Salum<\/span><\/em><span dir=\"auto\">\u00a0,\u201c \u0159ekl Zelaya.<\/span><\/p>\n<p><em><span dir=\"auto\">od\u00a0<\/span><strong><span dir=\"auto\">Gabriela Very Lopese<\/span><\/strong><\/em><\/p>\n<p><span dir=\"auto\">Zdroj:\u00a0<\/span><a title=\"\" href=\"https:\/\/www.brasildefato.com.br\/2025\/12\/26\/honduras-entenda-como-candidato-de-trump-se-proclamou-presidente-em-meio-a-acusacoes-de-golpe\/\" target=\"_blank\" rel=\"noopener\"><span dir=\"auto\">Brasil de Fato<\/span><\/a><\/p>\n<p>&nbsp;<\/p>\n","protected":false},"excerpt":{"rendered":"<p>Ned\u00e1vn\u00e9 v\u0161eobecn\u00e9 volby v Hondurasu, poznamenan\u00e9 v\u00e1\u017en\u00fdmi obvin\u011bn\u00edmi z podvod\u016f, tis\u00edci nevy\u0159e\u0161en\u00fdch spor\u016f a do&#8230;<\/p>\n","protected":false},"author":2,"featured_media":95561,"comment_status":"closed","ping_status":"closed","sticky":false,"template":"","format":"standard","meta":[],"categories":[7],"tags":[4656,1503,165,452,37,27],"_links":{"self":[{"href":"https:\/\/www.infokuryr.cz\/n\/wp-json\/wp\/v2\/posts\/95560"}],"collection":[{"href":"https:\/\/www.infokuryr.cz\/n\/wp-json\/wp\/v2\/posts"}],"about":[{"href":"https:\/\/www.infokuryr.cz\/n\/wp-json\/wp\/v2\/types\/post"}],"author":[{"embeddable":true,"href":"https:\/\/www.infokuryr.cz\/n\/wp-json\/wp\/v2\/users\/2"}],"replies":[{"embeddable":true,"href":"https:\/\/www.infokuryr.cz\/n\/wp-json\/wp\/v2\/comments?post=95560"}],"version-history":[{"count":0,"href":"https:\/\/www.infokuryr.cz\/n\/wp-json\/wp\/v2\/posts\/95560\/revisions"}],"wp:featuredmedia":[{"embeddable":true,"href":"https:\/\/www.infokuryr.cz\/n\/wp-json\/wp\/v2\/media\/95561"}],"wp:attachment":[{"href":"https:\/\/www.infokuryr.cz\/n\/wp-json\/wp\/v2\/media?parent=95560"}],"wp:term":[{"taxonomy":"category","embeddable":true,"href":"https:\/\/www.infokuryr.cz\/n\/wp-json\/wp\/v2\/categories?post=95560"},{"taxonomy":"post_tag","embeddable":true,"href":"https:\/\/www.infokuryr.cz\/n\/wp-json\/wp\/v2\/tags?post=95560"}],"curies":[{"name":"wp","href":"https:\/\/api.w.org\/{rel}","templated":true}]}}