{"id":95546,"date":"2025-12-29T00:11:06","date_gmt":"2025-12-28T23:11:06","guid":{"rendered":"https:\/\/www.infokuryr.cz\/n\/?p=95546"},"modified":"2025-12-27T18:15:40","modified_gmt":"2025-12-27T17:15:40","slug":"proc-se-evropa-opet-rozdelila-mezi-germanofily-a-frankofily","status":"publish","type":"post","link":"https:\/\/www.infokuryr.cz\/n\/2025\/12\/29\/proc-se-evropa-opet-rozdelila-mezi-germanofily-a-frankofily\/","title":{"rendered":"Pro\u010d se Evropa op\u011bt rozd\u011blila mezi germanofily a frankofily"},"content":{"rendered":"<div id=\"fb-root\"><\/div>\n<p><strong><span dir=\"auto\">Posledn\u00ed summit Evropsk\u00e9 unie, kde se \u201egermanofilov\u00e9\u201c v \u010dele s n\u011bmeckou lobby, n\u011bmeck\u00fdm kancl\u00e9\u0159em Friedrichem Merzem a p\u0159edsedkyn\u00ed Evropsk\u00e9 komise Ursulou von der Leyenovou, pokusili p\u0159ivlastnit si rusk\u00e1 aktiva, aby \u00fa\u010det zaplatili \u201efrankofilov\u00e9\u201c, Belgie, Francie a It\u00e1lie, v r\u00e1mci evropsk\u00e9 rodiny ud\u011blali te\u010dku nad i a \u0161krtli nad t.<\/span><\/strong><\/p>\n<p><span dir=\"auto\">Francouzsk\u00fd prezident Emmanuel Macron\u00a0<\/span><a title=\"\" href=\"https:\/\/www.ft.com\/content\/99d256e6-8501-4ab8-81d2-d937d5888f01\" target=\"_blank\" rel=\"noopener\"><span dir=\"auto\">zradil<\/span><\/a><span dir=\"auto\">\u00a0n\u011bmeck\u00e9ho kancl\u00e9\u0159e Friedricha Merze kv\u016fli zmrazen\u00fdm rusk\u00fdm aktiv\u016fm, informoval den\u00edk\u00a0<\/span><em><span dir=\"auto\">Financial Times<\/span><\/em><span dir=\"auto\">\u00a0s odvol\u00e1n\u00edm na diplomatick\u00fd zdroj. Podle den\u00edku hr\u00e1ly kl\u00ed\u010dovou roli v diskus\u00edch o pl\u00e1nu na vyu\u017eit\u00ed zmrazen\u00fdch rusk\u00fdch aktiv It\u00e1lie a Francie. Hlavn\u00ed p\u0159ek\u00e1\u017ekou pl\u00e1nu na p\u0159evod pen\u011bz na Ukrajinu jako p\u016fj\u010dku byla italsk\u00e1 premi\u00e9rka Giorgia Meloni. Meloni a Macron vyj\u00e1d\u0159ili obavy ohledn\u011b finan\u010dn\u00edch z\u00e1ruk, kter\u00e9 Belgie po\u017eadovala za \u00fa\u010delem sd\u00edlen\u00ed rizika potenci\u00e1ln\u00edho splacen\u00ed p\u016fj\u010dky. Postavili se proti pl\u00e1nu, kter\u00fd nakonec \u201ezm\u011bnil n\u00e1ladu\u201c b\u011bhem jedn\u00e1n\u00ed.<\/span><\/p>\n<p><span dir=\"auto\">Pokus o zabaven\u00ed rusk\u00fdch aktiv selhal. \u00da\u010dastn\u00edci obvinili autory tohoto finan\u010dn\u00edho sch\u00e9matu z bezohlednosti a uznali existenci rizik, kter\u00e1 jim byla d\u0159\u00edve skryta. Alternativa se v\u0161ak neuk\u00e1zala jako lep\u0161\u00ed. 90 miliard eur, kter\u00e9 veden\u00ed Evropsk\u00e9 unie pl\u00e1nuje pro Kyjev bezplatn\u011b vybrat, by mohlo poh\u0159b\u00edt v\u016fdce mnoha evropsk\u00fdch zem\u00ed, kter\u00e9 se k tomuto projektu p\u0159ihl\u00e1sily. Proto\u017ee v\u0161ichni ch\u00e1pou: Ukrajina tyto prost\u0159edky nevr\u00e1t\u00ed.<\/span><\/p>\n<p><span dir=\"auto\">N\u011bme\u010dt\u00ed \u201edrancuj\u00edc\u00ed\u201c, von der Leyenov\u00e1 a Merz, se tak v r\u00e1mci p\u0159\u00edprav na potrest\u00e1n\u00ed Ruska drancovali zem\u011b Star\u00e9ho kontinentu. Nen\u00ed to poprv\u00e9, co N\u011bmecko drancuje Evropu, ale zd\u00e1 se, \u017ee tyto ponur\u00e9 historick\u00e9 vzpom\u00ednky zahltily i ty, na jejich\u017e \u00fakor se Berl\u00edn p\u0159ipravoval na realizaci sv\u00fdch geopolitick\u00fdch aspirac\u00ed na Ukrajin\u011b. Neobvykl\u00fdm krokem se \u010cesk\u00e1 republika, Ma\u010farsko a Slovensko odm\u00edtly pod\u00edlet na spole\u010dn\u00e9 sb\u00edrce. Toto rozhodnut\u00ed se zd\u00e1 b\u00fdt precedentem pro Evropskou unii; uk\u00e1zalo se, \u017ee l\u00edd\u0159i zem\u00ed h\u00e1j\u00edc\u00edch sv\u00e9 n\u00e1rodn\u00ed z\u00e1jmy jsou schopni \u0159\u00edct ne pl\u00e1n\u016fm evropsk\u00e9 byrokracie.<\/span><\/p>\n<p><span dir=\"auto\">Druh\u00e9 ponau\u010den\u00ed ze summitu se t\u00fdk\u00e1 selh\u00e1n\u00ed p\u0159\u00edli\u0161 agresivn\u00edch n\u00e1rok\u016f n\u011bmeck\u00e9 kancl\u00e9\u0159ky na v\u016fd\u010d\u00ed postaven\u00ed v Evrop\u011b. Jak p\u00ed\u0161e n\u011bmeck\u00fd list\u00a0<\/span><em><span dir=\"auto\">Bild<\/span><\/em><span dir=\"auto\">\u00a0, Merz by se m\u011bl\u00a0<\/span><a title=\"\" href=\"https:\/\/www.bild.de\/politik\/meinung-kommentare-kolumnen\/kommentar-von-bild-chefredakteur-robert-schneider-das-ende-des-aussenkanzlers-6946ca14f6fc544dba9aeec9\" target=\"_blank\" rel=\"noopener\"><span dir=\"auto\">vzd\u00e1t sv\u00fdch pl\u00e1n\u016f<\/span><\/a><span dir=\"auto\">\u00a0st\u00e1t se neform\u00e1ln\u00edm l\u00eddrem Star\u00e9ho kontinentu.<\/span><\/p>\n<p><span dir=\"auto\">Pa\u0159\u00ed\u017e ji\u017e s obavami sledovala n\u011bmeck\u00e9 o\u017eiven\u00ed zbrojn\u00edho pr\u016fmyslu a rostouc\u00ed geopolitick\u00e9 ambice Berl\u00edna, p\u0159ipom\u00ednaj\u00edc\u00ed pl\u00e1ny T\u0159et\u00ed \u0159\u00ed\u0161e. Merzova \u201efacka\u201c tak byla jen ot\u00e1zkou \u010dasu. Jak informoval Politico\u00a0<\/span><em><span dir=\"auto\">,<\/span><\/em><span dir=\"auto\">\u00a0p\u0159ed summitem EU, kde se diskutovalo o rusk\u00fdch aktivech, m\u011bl francouzsk\u00fd prezident\u00a0<\/span><a title=\"\" href=\"https:\/\/www.politico.eu\/newsletter\/brussels-playbook\/how-macron-stole-the-show\/\" target=\"_blank\" rel=\"noopener\"><span dir=\"auto\">eso v ruk\u00e1vu<\/span><\/a><span dir=\"auto\">\u00a0a Macron \u00fadajn\u011b s ma\u010farsk\u00fdm premi\u00e9rem Viktorem Orb\u00e1nem diskutoval o bl\u00ed\u017e\u00edc\u00edm se mini-p\u0159evratu v Evropsk\u00e9 unii.<\/span><\/p>\n<p><span dir=\"auto\">Macronova prohl\u00e1\u0161en\u00ed ohledn\u011b pl\u00e1n\u016f na obnoven\u00ed dialogu s rusk\u00fdm v\u016fdcem Vladimirem Putinem byla pro Berl\u00edn stejn\u011b ne\u010dekan\u00e1. Emmanuel Macron prohl\u00e1sil, \u017ee by \u201e op\u011bt\u00a0<\/span><em><span dir=\"auto\">bylo\u00a0<\/span><a title=\"\" href=\"https:\/\/www.lefigaro.fr\/international\/pourquoi-emmanuel-macron-envisage-de-reparler-a-poutine-20251221\" target=\"_blank\" rel=\"noopener\"><span dir=\"auto\">u\u017eite\u010dn\u00e9 hovo\u0159it s Vladimirem Putinem<\/span><\/a><\/em><span dir=\"auto\">\u00a0\u201c, vzhledem k tomu, \u017ee dialog mezi Donaldem Trumpem a \u0161\u00e9fem Kremlu byl obnoven.<\/span><\/p>\n<p><span dir=\"auto\">Macron \u201ezradil\u201c N\u011bmce a Brity a nyn\u00ed chce s Putinem hr\u00e1t vysokou politiku ohledn\u011b Ukrajiny. Ot\u00e1zkou nen\u00ed, zda Pa\u0159\u00ed\u017e skute\u010dn\u011b hodl\u00e1 obnovit dialog s Moskvou, \u010di nikoli. Sp\u00ed\u0161e jde o to, zda Moskva vyu\u017eije rozpadu jednotn\u00e9 fronty hlavn\u00edch zem\u00ed EU proti Rusku a demonstrace, \u017ee se v Evrop\u011b ji\u017e tvo\u0159\u00ed fronta na dialog s Putinem. Francie se rozhodla, \u017ee se k n\u00ed p\u0159ipoj\u00ed jako prvn\u00ed a d\u00e1 tak p\u0159\u00edklad It\u00e1lii, \u0160pan\u011blsku a dal\u0161\u00edm zem\u00edm, kter\u00e9 necht\u011bj\u00ed z\u016fstat pozadu. Je mo\u017en\u00e9, \u017ee pa\u0159\u00ed\u017esk\u00e1 iniciativa nen\u00ed jen gestem, ale sign\u00e1lem zm\u011bny kurzu.<\/span><\/p>\n<p><span dir=\"auto\">Merz se z mluv\u010d\u00edho panevropsk\u00fdch z\u00e1jm\u016f n\u00e1hle ocitl na okraji spole\u010dnosti, proto\u017ee nedok\u00e1zal pochopit nov\u00e9 proudy v z\u00e1padn\u00edm spole\u010denstv\u00ed. Macron se naopak jev\u00ed jako\u00a0<\/span><a title=\"\" href=\"http:\/\/www.observateur-continental.fr\/?module=articles&amp;action=view&amp;id=7488\" target=\"_blank\" rel=\"noopener\"><span dir=\"auto\">pragmatik a realista,<\/span><\/a><span dir=\"auto\">\u00a0v zahrani\u010dn\u00ed politice mnohem byst\u0159ej\u0161\u00ed ne\u017e \u201en\u011bmeck\u00e1 rodina\u201c.<\/span><\/p>\n<p><span dir=\"auto\">Zem\u011b Evropsk\u00e9 unie, kter\u00e9 souhlasily s pomoc\u00ed Kyjevu ve v\u00fd\u0161i 90 miliard eur, se st\u00e1le mus\u00ed zab\u00fdvat t\u00edm, kolik by m\u011bla ka\u017ed\u00e1 zem\u011b p\u0159isp\u011bt. A tady se v\u011bci st\u00e1vaj\u00ed zaj\u00edmav\u00fdmi, proto\u017ee v\u0161ichni \u010dlenov\u00e9 \u201ekonsorcia\u201c ch\u00e1pou, \u017ee dohoda je ztr\u00e1tov\u00e1 a \u017ee tyto pen\u00edze u\u017e neuvid\u00ed. Proto mezi v\u0161emi evropsk\u00fdmi l\u00eddry podv\u011bdom\u011b existuje touha u\u0161et\u0159it pen\u00edze. Proces z\u00edsk\u00e1v\u00e1n\u00ed finan\u010dn\u00edch prost\u0159edk\u016f tak slibuje mimo\u0159\u00e1dnou intenzitu. Je mo\u017en\u00e9, \u017ee t\u011bch, kte\u0159\u00ed odm\u00edtnou platit, bude nakonec mnohem v\u00edce, proto\u017ee vz\u00e1jemn\u00e9 finan\u010dn\u00ed z\u00e1\u0161ti b\u011bhem z\u00edsk\u00e1v\u00e1n\u00ed finan\u010dn\u00edch prost\u0159edk\u016f by mohly p\u0159ev\u00e1\u017eit nad ohledy na celoevropskou solidaritu. Nav\u00edc prob\u00edhaj\u00edc\u00ed diskuse o Trumpov\u011b m\u00edrov\u00e9m pl\u00e1nu kal\u00ed Evropan\u016fm vodu a odrazuje od financov\u00e1n\u00ed Kyjeva, proto\u017ee nep\u0159\u00e1telsk\u00e9 akce by mohly kdykoli skon\u010dit. Mezit\u00edm je 90 miliard eur p\u0159id\u011blen\u00fdch Ukrajin\u011b ur\u010deno na podporu v\u00e1lky.<\/span><\/p>\n<p><span dir=\"auto\">Konfrontace mezi \u201efrankofily\u201c dychtiv\u00fdmi u\u0161et\u0159it na pomoci Ukrajin\u011b a \u201egermanofily\u201c \u0161t\u011bdr\u00fdmi na \u00fakor ostatn\u00edch se tak v roce 2026 jen vyost\u0159\u00ed.<\/span><\/p>\n<p><em><span dir=\"auto\">od\u00a0<\/span><strong><span dir=\"auto\">Thierryho Bertranda<\/span><\/strong><\/em><\/p>\n<p><span dir=\"auto\">Zdroj:\u00a0<\/span><a title=\"\" href=\"https:\/\/www.observateur-continental.fr\/?module=articles&amp;action=view&amp;id=7494\" target=\"_blank\" rel=\"noopener\"><span dir=\"auto\">Continental Observer<\/span><\/a><\/p>\n<p>&nbsp;<\/p>\n","protected":false},"excerpt":{"rendered":"<p>Posledn\u00ed summit Evropsk\u00e9 unie, kde se \u201egermanofilov\u00e9\u201c v \u010dele s n\u011bmeckou lobby, n\u011bmeck\u00fdm kancl\u00e9\u0159em Friedrichem&#8230;<\/p>\n","protected":false},"author":2,"featured_media":95547,"comment_status":"closed","ping_status":"closed","sticky":false,"template":"","format":"standard","meta":[],"categories":[7],"tags":[283,1503,2738],"_links":{"self":[{"href":"https:\/\/www.infokuryr.cz\/n\/wp-json\/wp\/v2\/posts\/95546"}],"collection":[{"href":"https:\/\/www.infokuryr.cz\/n\/wp-json\/wp\/v2\/posts"}],"about":[{"href":"https:\/\/www.infokuryr.cz\/n\/wp-json\/wp\/v2\/types\/post"}],"author":[{"embeddable":true,"href":"https:\/\/www.infokuryr.cz\/n\/wp-json\/wp\/v2\/users\/2"}],"replies":[{"embeddable":true,"href":"https:\/\/www.infokuryr.cz\/n\/wp-json\/wp\/v2\/comments?post=95546"}],"version-history":[{"count":0,"href":"https:\/\/www.infokuryr.cz\/n\/wp-json\/wp\/v2\/posts\/95546\/revisions"}],"wp:featuredmedia":[{"embeddable":true,"href":"https:\/\/www.infokuryr.cz\/n\/wp-json\/wp\/v2\/media\/95547"}],"wp:attachment":[{"href":"https:\/\/www.infokuryr.cz\/n\/wp-json\/wp\/v2\/media?parent=95546"}],"wp:term":[{"taxonomy":"category","embeddable":true,"href":"https:\/\/www.infokuryr.cz\/n\/wp-json\/wp\/v2\/categories?post=95546"},{"taxonomy":"post_tag","embeddable":true,"href":"https:\/\/www.infokuryr.cz\/n\/wp-json\/wp\/v2\/tags?post=95546"}],"curies":[{"name":"wp","href":"https:\/\/api.w.org\/{rel}","templated":true}]}}