{"id":95544,"date":"2025-12-28T00:22:28","date_gmt":"2025-12-27T23:22:28","guid":{"rendered":"https:\/\/www.infokuryr.cz\/n\/?p=95544"},"modified":"2025-12-27T12:16:50","modified_gmt":"2025-12-27T11:16:50","slug":"miroslav-kelnar-dospeje-cesky-obcan-prostrednictvim-zlatych-zachodu-k-nejakemu-poznani","status":"publish","type":"post","link":"https:\/\/www.infokuryr.cz\/n\/2025\/12\/28\/miroslav-kelnar-dospeje-cesky-obcan-prostrednictvim-zlatych-zachodu-k-nejakemu-poznani\/","title":{"rendered":"Miroslav Kelnar: Dosp\u011bje \u010desk\u00fd ob\u010dan prost\u0159ednictv\u00edm zlat\u00fdch z\u00e1chod\u016f k n\u011bjak\u00e9mu pozn\u00e1n\u00ed?"},"content":{"rendered":"<div id=\"fb-root\"><\/div>\n<p align=\"justify\">T\u00e9matem m\u00e9ho \u010dl\u00e1nku je kritick\u00fd pohled na stav korupce v\u00a0t\u011bchto \u010desk\u00fdch ban\u00e1nov\u00fdch kraj\u00edch ve vztahu k\u00a0\u010dinnosti nevl\u00e1dn\u00edch protikorup\u010dn\u00edch nadac\u00ed, proto\u017ee \u010del\u00edme stavu, kdy nevl\u00e1dn\u00ed protikorup\u010dn\u00ed nadace tu buj\u00ed a korupce v\u00a0tomto st\u00e1t\u011b d\u00e1le vzkv\u00e9t\u00e1.<\/p>\n<p align=\"justify\">Tato nep\u0159\u00edm\u00e1 \u00fam\u011bra vede k\u00a0ot\u00e1zce,\u00a0<strong>zdali n\u00e1m jsou v\u016fbec k n\u011b\u010demu ty \u201eslavn\u00e9\u201c neziskov\u00e9 organizace<\/strong>. Na sektor nevl\u00e1dn\u00edch neziskov\u00fdch organizac\u00ed vynakl\u00e1daj\u00ed r\u016fzn\u00e1 \u010desk\u00e1 ministerstva a dal\u0161\u00ed st\u00e1tn\u00ed org\u00e1ny spousty pen\u011bz a \u0159ekl bych, \u017ee si ur\u010dit\u00e1 skupina lid\u00ed v\u00a0\u010cesk\u00e9 republice d\u00edky t\u011bmto pen\u011bz\u016fm zaji\u0161\u0165uje snadn\u00fd \u017eivot, \u0159ekl bych, \u017ee p\u0159\u00edmo r\u00e1j na zemi.<\/p>\n<p align=\"justify\">Neuspokojiv\u00fd stav korupce v na\u0161\u00edch zem\u00edch je zajist\u00e9 i d\u016fsledkem lidsk\u00e9 neodvahy se tomu ne\u0161varu r\u00e1zn\u011b postavit, a tak je na m\u00edst\u011b si polo\u017eit ot\u00e1zku,\u00a0<strong>zdali je mo\u017eno o\u010dek\u00e1vat posun v n\u00e1hledu \u010desk\u00e9 spole\u010dnosti na korupci po odhalen\u00ed informac\u00ed o zlat\u00e9m z\u00e1chodu \/ zlat\u00fdch z\u00e1chodech na Ukrajin\u011b.<\/strong>\u00a0Nazv\u011bme si ten zlat\u00fd z\u00e1chod pracovn\u011b \u2013 DANA. Zlat\u00fd z\u00e1chod obvykle nechod\u00ed jen tak s\u00e1m bez doprovodu a ze \u017eivota v\u00edme, \u017ee existuje takov\u00e1 ta sousedsk\u00e1 \u0159evnivost, tud\u00ed\u017e, dovedete si p\u0159edstavit, \u017ee by pan\u00ed Zelensk\u00e1 unesla, aby u Mindi\u010d\u016f m\u011bly zlat\u00e9 z\u00e1chody a u Zelensk\u00fdch jen porcel\u00e1nov\u00e9? Tak n\u011bkde ty dal\u0161\u00ed DANY na Ukrajin\u011b mus\u00ed b\u00fdt, jen l\u00e9pe zap\u00e1trat. Mo\u017en\u00e1, \u017ee je to jako u toho ukryt\u00e9ho Rembrandta pod n\u011bjakou mazaninou, zkr\u00e1tka, \u017ee u\u017e se ty zlat\u00e9 z\u00e1chody na Ukrajin\u011b z obavy ze skand\u00e1lu p\u0159emalov\u00e1vaj\u00ed na jin\u00e9 barvy.<\/p>\n<p align=\"justify\">Napadlo m\u011b, jestli ten n\u00e1\u0161 Bly\u0161tiv\u00fd P\u00e9\u0165a nez\u00e1\u0159il tou svatoz\u00e1\u0159\u00ed kolem sv\u00e9ho obli\u010deje d\u00edky n\u011bjak\u00e9mu tomu odlesku od bl\u00fdskav\u00e9ho zlat\u00e9ho z\u00e1chodu. Tedy,\u00a0<strong>jestli si n\u00e1\u0161 Bly\u0161tiv\u00fd P\u00e9\u0165a tak\u00e9 nep\u0159ivezl z Ukrajiny n\u011bjakou tu v\u00fdslu\u017eku v podob\u011b z\u00e1\u0159\u00edc\u00ed z\u00e1chodov\u00e9 m\u00edsy neboli \u201ezlat\u00e9ho hajzlu\u201c.<\/strong>\u00a0V\u017edy\u0165 se t\u011bch na\u0161\u00edch pen\u011bz na Ukrajinu navozil a\u017e hanba, tak snad by nebyli ti Mindi\u010dov\u00e9 takov\u00ed \u0161krti a nenechali by Fialu vym\u011b\u0161ovat jen do oby\u010dejn\u00e9ho porcel\u00e1nu.<\/p>\n<p align=\"justify\">Mo\u017en\u00e1, \u017ee si n\u011bkte\u0159\u00ed vzpomenou na ten star\u00fd \u010desk\u00fd film:\u00a0<em>\u201eJak se krade milion\u201c<\/em>. Ta pointa filmu byla v\u00a0tom, \u017ee ten n\u00e1\u0161 hrdina p\u0159i\u0161el na metodu, jak okr\u00e1dat sv\u016fj podnik, kde pracoval, ale ta metoda m\u011bla jednu nev\u00fdhodu, \u017ee s t\u00edm okr\u00e1d\u00e1n\u00edm sv\u00e9 firmy nemohl nikdy p\u0159estat, jinak by byl odhalen. A \u010desk\u00fd ob\u010dan dostal varov\u00e1n\u00ed v\u00a0dal\u0161\u00edm \u010desk\u00e9m kultovn\u00edm filmu:\u00a0<em>\u201eJ\u00e1chyme, ho\u010f ho do stroje\u201c<\/em>, a ten n\u00e1\u0161 filmov\u00fd hrdina odsouzen\u00fd k\u00a0tomu, aby cel\u00fd \u017eivot kradl, opravdu nakonec se z t\u011bch pen\u011bz zbl\u00e1znil. On ty prachy m\u011bl doma ulit\u00fd po v\u0161ech mo\u017en\u00fdch koutech a nev\u011bd\u011bl, kam je d\u00e1t. A nakonec ten n\u00e1\u0161 zlod\u011bj\u00ed\u010dek ztratil nervy, vylezl na v\u011b\u017e kostela a ty pen\u00edze za\u010dal rozhazovat po okol\u00ed.<\/p>\n<p align=\"justify\">A tak m\u011b napad\u00e1,\u00a0<strong>nen\u00ed tato sb\u00edrka na zbran\u011b pro Ukrajinu, kterou te\u010f pro\u0161et\u0159uje vojensk\u00e1 policie, tak\u00e9 takovou cestou, jak se zbavovat nakraden\u00fdch pen\u011bz, kdy ti skryt\u00ed d\u00e1rci nemohu se zlod\u011bjinou p\u0159estat, jinak by je dostali?<\/strong>\u00a0Tak se ty vycpan\u00e9 stro\u017eochy pen\u011bzi zkr\u00e1tka p\u0159evr\u00e1t\u00ed na n\u011bjak\u00e9 ty zbran\u011b pro Ukrajinu a kryje se to dobrovoln\u00fdm d\u00e1rcovstv\u00edm. Jenom pozor, d\u0159\u00edve nebo pozd\u011bji ty jm\u00e9na d\u00e1rc\u016f pros\u00e1knou na povrch a pak za\u010dne mo\u017en\u00e1 medi\u00e1ln\u00ed t\u00f3\u010do.<\/p>\n<p align=\"justify\">Pro\u010d se j\u00e1 uj\u00edm\u00e1m tohoto t\u00e9matu korupce? Proto\u017ee se c\u00edt\u00edm k\u00a0tomuto nejpovolan\u011bj\u0161\u00ed, abych se fenom\u00e9nem korupce zab\u00fdval pr\u00e1v\u011b j\u00e1. Od roku 2017 vedu boj se \u010desk\u00fdm st\u00e1tem o prokorup\u010den\u00fdch 14 miliard\u00e1ch korun na\u00a0<a href=\"https:\/\/narodnidemokracie.cz\/ing-miroslav-kelnar-co-se-v-zahranici-vi-a-my-nevime\/\">projektu elektr\u00e1rny Adularya<\/a>, kter\u00e9 vynalo\u017eil \u010desk\u00fd da\u0148ov\u00fd poplatn\u00edk, aby pomohl rakousk\u00e9mu dodavateli kotl\u016f se vyhnout bankrotu s t\u00edm, \u017ee to p\u0159ece ten \u010desk\u00fd da\u0148ov\u00fd poplatn\u00edk r\u00e1d za ty Raku\u0161\u00e1ky zaplat\u00ed. Samoz\u0159ejm\u011b \u017ee ta slu\u017ebi\u010dka pro rakouskou firmu nebyla zdarma, jak u\u017e to v \u010desk\u00fdch kraj\u00edch chod\u00edv\u00e1. A j\u00e1 se s t\u00edmto pro \u010desk\u00e9ho ob\u010dana nev\u00fdhodn\u00fdm obchodem obr\u00e1til na \u010desk\u00e9 neziskov\u00e9 organizace, aby mi pomohly v\u011bc posunout do hled\u00e1\u010dku \u010desk\u00e9 policie,\u00a0<strong>oslovil jsem 4 protikorup\u010dn\u00ed nadace operuj\u00edc\u00edm na \u010desk\u00e9m trhu a v\u00fdsledek t\u00e9to \u201espolupr\u00e1ce\u201c byla nula.<\/strong>\u00a0Abych byl \u00fapln\u011b p\u0159esn\u00fd, v\u00fdsledek nebyla \u00fapln\u00e1 nula, ale moje\u00a0<a href=\"https:\/\/narodnidemokracie.cz\/ing-miroslav-kelnar-zlo-triumfovalo-spravedlnost-zaplakala\/\">odsouzen\u00ed na rok podm\u00ednky s odkladem na 15 m\u011bs\u00edc\u016f<\/a>\u00a0za to, \u017ee jsem m\u011bl tu drzost a t\u00e9 vysoce postaven\u00e9 korupci jsem se postavil. A mus\u00edm dodat, \u017ee pod\u00edl na tom m\u00e9m odsouzen\u00ed nesly mor\u00e1ln\u011b i ty neziskov\u00e9 organizace, proto\u017ee\u00a0<strong>tyto neziskovky absolutn\u011b ignorovaly nejen rozkr\u00e1da\u010dku za 14 miliard korun, ale ony ignorovaly i to m\u00e9 odsouzen\u00ed.<\/strong><\/p>\n<p align=\"justify\"><img decoding=\"async\" loading=\"lazy\" class=\"wp-image-95539 aligncenter\" src=\"http:\/\/www.infokuryr.cz\/n\/wp-content\/uploads\/2025\/12\/popelka-300x139.jpg\" alt=\"\" width=\"1114\" height=\"516\" srcset=\"https:\/\/www.infokuryr.cz\/n\/wp-content\/uploads\/2025\/12\/popelka-300x139.jpg 300w, https:\/\/www.infokuryr.cz\/n\/wp-content\/uploads\/2025\/12\/popelka-768x356.jpg 768w, https:\/\/www.infokuryr.cz\/n\/wp-content\/uploads\/2025\/12\/popelka.jpg 921w\" sizes=\"(max-width: 1114px) 100vw, 1114px\" \/><\/p>\n<p align=\"justify\">\u017de jste o t\u00e9to af\u00e9\u0159e dosud nikdy nesly\u0161eli? Ten d\u016fvod je, \u017ee doposud jsem o t\u00e9to skand\u00e1ln\u00ed kauze psal v\u011bt\u0161inou jen j\u00e1. B\u00fdv\u00e1 zde zvykem, \u017ee v\u011bt\u0161ina autor\u016f na alternativn\u00edm webov\u00fdch port\u00e1lech bere sv\u00e1 t\u00e9mata pro \u010dl\u00e1nky z po\u0159adu V\u00e1clava Moravce a pak k\u00a0tomu shl\u00e9dne zpr\u00e1vy na \u010cT, CNN Prima News, Nova atd., a t\u00edm si vymez\u00ed sv\u016fj celkov\u00fd rozhled po \u010desk\u00e9m politick\u00e9m poli.\u00a0<strong>A takto se tu na alternativ\u011b vlastn\u011b jen p\u0159e\u017ev\u00fdk\u00e1vaj\u00ed ta sam\u00e1 t\u00e9mata, kter\u00e1 p\u0159ed nimi p\u0159ed\u017ev\u00fdkali v t\u011bchto mainstreamov\u00fdch televizn\u00edch stanic\u00edch<\/strong>. Tak\u017ee, pokud se dan\u00e9 t\u00e9ma neobjev\u00ed na t\u011bchto mainstreamov\u00fdch televizn\u00edch obrazovk\u00e1ch, tak jako by se dan\u00fd p\u0159\u00edb\u011bh nikdy nestal. A bu\u010fte si jist\u00ed, \u017ee t\u00e9ma elektr\u00e1rny Adularya se v\u00a0mainstreamu nikdy neobjev\u00ed, proto\u017ee a\u017e p\u0159\u00edli\u0161 surov\u011b odhaluje, jak se d\u00e1 zakr\u00fdt korupce, pokud tato sah\u00e1 do vysok\u00fdch politick\u00fdch pater.<\/p>\n<p align=\"justify\">N\u00e1zorn\u00fdm p\u0159\u00edkladem, jak si tematicky vod\u00ed mainstream alternativn\u00ed autory na prov\u00e1zku, je zabaven\u00ed rusk\u00fdch aktiv dr\u017een\u00fdch v\u00a0Belgii. Copak jsme tu nem\u011bli tak\u00e9 takov\u00fd skand\u00e1ln\u00ed p\u0159\u00edpad v\u00a0podob\u011b politick\u00e9ho okraden\u00ed 90 tis\u00edc \u010desk\u00fdch st\u0159adatel\u016f ve Sberbance? J\u00e1 byl jedn\u00edm z\u00a0t\u011bch okraden\u00fdch a p\u0159i\u0161lo m\u011b tato zlod\u011bjina na cca milion korun. A v\u011bnuje se tomuto t\u00e9matu zde n\u011bkdo? Nev\u011bnuje, mainstream toto t\u00e9ma v\u011bdom\u011b zaml\u010duje, a nen\u00ed-li toto t\u00e9ma na mainstreamu, nen\u00ed ani na alternativ\u011b. S\u00a0tou moj\u00ed elektr\u00e1rnou Adularya je to to sam\u00e9.<\/p>\n<p align=\"justify\">Ale zp\u011bt ke zlat\u00fdm z\u00e1chod\u016fm. \u0158ada lid\u00ed se dnes div\u00ed, jak velk\u00fd rozsah korupce je na Ukrajin\u011b, ale nediv\u00ed se, jak velk\u00fd rozsah korupce existuje u n\u00e1s v\u00a0\u010desk\u00fdch zem\u00edch.\u00a0<strong>Dnes i takov\u00fd dikt\u00e1tor jako Zelensk\u00fd je donucen ob\u011btovat svoje korup\u010dn\u00ed kamar\u00e1dy a nechat je vy\u0161et\u0159ovat, ale zde na m\u00e9m p\u0159\u00edpadu je vid\u011bt, \u017ee v\u00a0na\u0161\u00ed ban\u00e1nov\u00e9 kotlin\u011b se po\u0159\u00e1d \u017eije postaru a korup\u010dn\u00ed kauzy se nevy\u0161et\u0159uj\u00ed, a nav\u00edc se zde k\u00a0tomu je\u0161t\u011b i kriminalizuj\u00ed lid\u00e9, kte\u0159\u00ed se proti korupci postavili.<\/strong>\u00a0Tak\u017ee, kdo je vlastn\u011b na tom h\u016f\u0159e? Ukrajina a nebo tato ban\u00e1nov\u00e1 kotlina? \u0158ekl bych, \u017ee tato na\u0161e ban\u00e1nov\u00e1 kotlina.<\/p>\n<p align=\"justify\">Ta soudkyn\u011b, co m\u011b odsoudila na M\u011bstsk\u00e9m soudu Praha, n\u011bkolikr\u00e1t b\u011bhem sv\u00e9 \u0159e\u010di vyj\u00e1d\u0159ila podiv nad t\u00edm, \u017ee je mi 71 let, \u017ee m\u00e1m \u00fapln\u011b \u010dist\u00fd rejst\u0159\u00edk trest\u016f a \u017ee tedy jsem za\u010dal s kriminalitou tak pozd\u011b. V\u017edy jsem p\u0159ece tu krimin\u00e1ln\u00ed n\u00e1turu v sob\u011b musel n\u00e9st od narozen\u00ed? U\u017e m\u011b pak nepustili ke komentov\u00e1n\u00ed v\u00fd\u0161e trestu, ale j\u00e1 bych tomu soudn\u00edmu sen\u00e1tu tam vysv\u011btlil, a v\u00edte v \u010dem je schovan\u00e1 ta moje krimin\u00e1ln\u00ed n\u00e1tura? \u017de se mi dosud nikdo v \u017eivot\u011b nepokusil p\u0159ed m\u00fdma o\u010dima drze rozkr\u00e1st 14 miliard korun. Kdyby se o to n\u011bkdo pokusil p\u0159ed 20 roky, b\u00fdval bych u\u017e mohl sed\u011bt p\u0159ed 20 roky.<\/p>\n<p align=\"justify\">Samoz\u0159ejm\u011b, \u017ee by mohl n\u011bkdo nam\u00edtnout, \u017ee se tato af\u00e9ra se zlat\u00fdmi z\u00e1chody DANA na Ukrajin\u011b rozm\u00e1zla jen kv\u016fli tomu, \u017ee do v\u011bci za\u010dala zasahovat americk\u00e1 NABU, kter\u00e1 se cht\u011bla pod\u00edvat, kde kon\u010d\u00ed pen\u00edze americk\u00fdch da\u0148ov\u00fdch poplatn\u00edk\u016f. Tak se pt\u00e1m, a\u00a0<strong>kdy se u n\u00e1s najde n\u011bkdo, kdo se bude cht\u00edt pod\u00edvat, kde v\u00a0jak\u00e9 korup\u010dn\u00ed d\u00ed\u0159e kon\u010d\u00ed pen\u00edze \u010desk\u00fdch da\u0148ov\u00fdch poplatn\u00edk\u016f?<\/strong>\u00a0A to m\u00e1 jako ta nete\u010dnost \u010desk\u00fdch ob\u010dan\u016f ke korupci zde vesele pokra\u010dovat i po odkryt\u00ed t\u011bch zlat\u00fdch z\u00e1chod\u016f DANA? To si my \u010ce\u0161i neum\u00edme zde sami ud\u011blat po\u0159\u00e1dek s\u00a0korupc\u00ed bez t\u011bch, co n\u00e1s tu za Klause v\u00a090. l\u00e9tech minul\u00e9ho stolet\u00ed tenkr\u00e1t t\u00e9 korupci u\u010dili? M\u00edn\u00edm ty Klausovy poradce ze z\u00e1padu, kter\u00e9 sem Klaus pozval s\u00a0t\u00edm, aby n\u00e1m tu nainstalovali ten sam\u00fd kapitalismus, jako tam maj\u00ed oni. A tak ho tu m\u00e1me i s\u00a0tou korupc\u00ed a t\u011bmi protikorup\u010dn\u00edmi nadacemi, kter\u00e9 korupci pouze z\u00a0velk\u00e9ho povzd\u00e1li monitoruj\u00ed, ale nepom\u00e1haj\u00ed jej\u00edmu omezov\u00e1n\u00ed. M\u00e1me tu kapitalismus, kter\u00fd nezn\u00e1 \u0161pinav\u00e9 pen\u00edz a kde nej\u00fasp\u011b\u0161n\u011bj\u0161\u00edm podnikatelem je Viktor Ko\u017een\u00fd, kter\u00fd tu snad nejv\u00edce nakradl a s\u00a0prachy zmizel na Baham\u00e1ch. To jsem pros\u00edm jen tak voln\u011b citoval Klause z\u00a090. let minul\u00e9ho stolet\u00ed, kdy se Klaus vyj\u00e1d\u0159il:\u00a0<em>\u201eJen v\u00edce takov\u00fdch podnikatel\u016f, jako je Viktor Ko\u017een\u00fd\u201c<\/em>. A jeho p\u0159\u00e1n\u00ed se vyplnilo, p\u0159i\u0161li Krej\u010d\u00ed\u0159ov\u00e9, Bakalov\u00e9, Pitrov\u00e9 a dal\u0161\u00ed.<\/p>\n<p align=\"justify\">Ned\u00e1vno tu Jind\u0159ich Rajchl vyslovil jednu teorii, \u017ee ty prachy, co se pos\u00edlaly na Ukrajinu na zbran\u011b vlivem p\u0159i\u010din\u011bn\u00ed Fialovy vl\u00e1dy, tak se vlastn\u011b vratka z nich prop\u00edrala p\u0159es Fialovu Podnikatelskou kampeli\u010dku. To mi p\u0159ipad\u00e1 velice re\u00e1ln\u00e9. Tak\u017ee mo\u017en\u00e1, \u017ee kus toho zlat\u00e9ho \u201ehajzlu\u201c u Mindi\u010d\u016f by m\u011bl n\u00e9st cedulku:\u00a0<em>\u201eFinancov\u00e1no z fondu \u010desk\u00fdch da\u0148ov\u00fdch poplatn\u00edk\u016f\u201c<\/em>. A pokud si n\u011bkdo mysl\u00ed, \u017ee se dozv\u00ed, jak to skute\u010dn\u011b bylo s \u010desk\u00fdmi pen\u011bzi na zbran\u011b na Ukrajinu, tak ten ut\u0159e nos. Po sv\u00fdch zku\u0161enostech z projektu Adularya bych se sp\u00ed\u0161e divil, kdyby se ten pen\u011bzovod zde opravdu odhalil.<\/p>\n<p align=\"justify\">Je zde nezvratn\u00fdm faktem, \u017ee politici maj\u00ed pln\u011b pod sv\u00fdm \u00fachopem policii i justici, tak\u017ee p\u0159edstava, \u017ee ob\u010dan\u00e9 budou sed\u011bt doma v\u00a0k\u0159esle a budou \u010dekat na odhalen\u00ed, kdo ukradl kde jak\u00e9 pen\u00edze z\u00a0\u010desk\u00e9ho st\u00e1tn\u00edho bal\u00edku pro Ukrajinu, tak ti ob\u010dan\u00e9 jen \u010dekaj\u00ed na Godota. Tak to zde nefunguje.\u00a0<strong>Oni si toti\u017e lid\u00e9 mysl\u00ed, \u017ee si ta svoje pr\u00e1va vysed\u00ed doma v\u00a0k\u0159esle.<\/strong>\u00a0Na Ukrajin\u011b si tak\u00e9 ty lep\u0161\u00ed z\u00edt\u0159ky v roce 2014 nevysed\u011bli doma ve fotel\u00edch, a \u010dekali, a\u017e se prach usad\u00ed, a on se tak n\u011bjak neusadil a dnes tam za tuto svoji ignoranci skl\u00edzej\u00ed plody v\u00a0podob\u011b rozbit\u00e9 zem\u011b.<\/p>\n<p align=\"justify\">Dovolte mi jeden odv\u00e1\u017en\u00fd z\u00e1v\u011br, \u017ee\u00a0<strong>za celou tou korup\u010dn\u00ed bonanzou, kter\u00e1 tu existuje po dobu 36 let, je tot\u00e1ln\u00ed degradace mor\u00e1ln\u00edch z\u00e1sad ob\u010dan\u016f t\u00e9to zem\u011b.<\/strong><\/p>\n<p align=\"justify\">Kdy\u017e si vzpomenu, jak jsme si v dob\u011b socialismu zde mysleli, jac\u00ed jsme to my korup\u010dn\u00edci, kdy\u017e jsme odnesli sest\u0159i\u010dce u doktora bonboni\u00e9ru za to, \u017ee k n\u00e1m byla ochotn\u00e1, a jak jsem t\u0159eba m\u011bl za socialismu pocit, \u017ee jsem zlod\u011bj, kdy\u017e jsem si vzal z pr\u00e1ce 10 kancel\u00e1\u0159sk\u00fdch pap\u00edr\u016f, abych si na n\u011b o v\u00edkendu mohl ps\u00e1t anglick\u00e1 slov\u00ed\u010dka, tak si dnes p\u0159ipad\u00e1m sm\u011b\u0161n\u00fd. Dnes se tady rozkradlo na Adularyi 14 miliard korun a jedin\u00fdm, kdo by z toho m\u011bl v\u00fd\u010ditky, kdyby k tomu z\u016fstal ml\u010det, bych byl j\u00e1. Ale takov\u00e1 to byla tenkr\u00e1t doba. M\u011bli jsme nastavena mor\u00e1ln\u00ed pravidla, kter\u00e1 jsme jen m\u00e1lokdo z n\u00e1s dodr\u017eoval na 100 %, ale m\u011bli jsem p\u0159itom alespo\u0148 ten pocit viny. A z tohoto pocitu viny n\u011bkoho okr\u00e1st zde tuto spole\u010dnost vyl\u00e9\u010dila dvojice Havel a Klaus.<\/p>\n<p align=\"justify\">Probl\u00e9m je jednak v syst\u00e9mu, kter\u00fd umo\u017enuje kr\u00e1st a pak celou v\u011bc politicky zam\u00e1znout, ale druhou podm\u00ednkou pro rozs\u00e1hlou korupci v t\u00e9to zemi je i neodvaha lidu \u010desk\u00e9ho, kter\u00fd si na tu korupci zde tak n\u011bjak zvykl a d\u00edv\u00e1 se na ni a ml\u010d\u00ed.<\/p>\n<p align=\"justify\"><em><a href=\"https:\/\/narodnidemokracie.cz\/ing-miroslav-kelnar-dospeje-cesky-obcan-prostrednictvim-zlatych-zachodu-k-nejakemu-poznani\/\">Ing. Miroslav Kelnar<\/a>, \u010dlen N\u00e1rodn\u00ed demokracie<\/em><\/p>\n<p align=\"justify\"><img decoding=\"async\" loading=\"lazy\" class=\"alignnone size-full wp-image-87632\" src=\"http:\/\/www.infokuryr.cz\/n\/wp-content\/uploads\/2025\/09\/kelnar.jpg\" alt=\"\" width=\"200\" height=\"259\" \/><\/p>\n<p align=\"justify\">\n","protected":false},"excerpt":{"rendered":"<p>T\u00e9matem m\u00e9ho \u010dl\u00e1nku je kritick\u00fd pohled na stav korupce v\u00a0t\u011bchto \u010desk\u00fdch ban\u00e1nov\u00fdch kraj\u00edch ve vztahu&#8230;<\/p>\n","protected":false},"author":2,"featured_media":79117,"comment_status":"closed","ping_status":"closed","sticky":false,"template":"","format":"standard","meta":[],"categories":[6],"tags":[1503,207,1975],"_links":{"self":[{"href":"https:\/\/www.infokuryr.cz\/n\/wp-json\/wp\/v2\/posts\/95544"}],"collection":[{"href":"https:\/\/www.infokuryr.cz\/n\/wp-json\/wp\/v2\/posts"}],"about":[{"href":"https:\/\/www.infokuryr.cz\/n\/wp-json\/wp\/v2\/types\/post"}],"author":[{"embeddable":true,"href":"https:\/\/www.infokuryr.cz\/n\/wp-json\/wp\/v2\/users\/2"}],"replies":[{"embeddable":true,"href":"https:\/\/www.infokuryr.cz\/n\/wp-json\/wp\/v2\/comments?post=95544"}],"version-history":[{"count":0,"href":"https:\/\/www.infokuryr.cz\/n\/wp-json\/wp\/v2\/posts\/95544\/revisions"}],"wp:featuredmedia":[{"embeddable":true,"href":"https:\/\/www.infokuryr.cz\/n\/wp-json\/wp\/v2\/media\/79117"}],"wp:attachment":[{"href":"https:\/\/www.infokuryr.cz\/n\/wp-json\/wp\/v2\/media?parent=95544"}],"wp:term":[{"taxonomy":"category","embeddable":true,"href":"https:\/\/www.infokuryr.cz\/n\/wp-json\/wp\/v2\/categories?post=95544"},{"taxonomy":"post_tag","embeddable":true,"href":"https:\/\/www.infokuryr.cz\/n\/wp-json\/wp\/v2\/tags?post=95544"}],"curies":[{"name":"wp","href":"https:\/\/api.w.org\/{rel}","templated":true}]}}