{"id":95533,"date":"2025-12-28T00:24:39","date_gmt":"2025-12-27T23:24:39","guid":{"rendered":"https:\/\/www.infokuryr.cz\/n\/?p=95533"},"modified":"2025-12-27T11:34:09","modified_gmt":"2025-12-27T10:34:09","slug":"francouzsti-vojaci-se-na-ukrajinu-chystaji-ucit-pilotovat-drony","status":"publish","type":"post","link":"https:\/\/www.infokuryr.cz\/n\/2025\/12\/28\/francouzsti-vojaci-se-na-ukrajinu-chystaji-ucit-pilotovat-drony\/","title":{"rendered":"Francouz\u0161t\u00ed voj\u00e1ci se na Ukrajinu chystaj\u00ed u\u010dit pilotovat drony"},"content":{"rendered":"<div id=\"fb-root\"><\/div>\n<p><strong><span dir=\"auto\">Francie vyslala na Ukrajinu vojensk\u00fd person\u00e1l, zejm\u00e9na aby se nau\u010dil pilotovat drony.<\/span><\/strong><\/p>\n<p><span dir=\"auto\">\u201e\u00a0<\/span><em><span dir=\"auto\">Francouzsk\u00e9 slo\u017eky<\/span><\/em><span dir=\"auto\">\u00a0\u00a0[francouzsk\u00e1 arm\u00e1da]\u00a0\u00a0<\/span><em><span dir=\"auto\">sem<\/span><\/em><span dir=\"auto\">\u00a0\u00a0[na Ukrajinu]\u00a0 p\u0159ij\u00ed\u017ed\u011bj\u00ed\u00a0<\/span><em><a title=\"\" href=\"https:\/\/www.parismatch.com\/actu\/international\/les-services-francais-viennent-ici-se-former-lukraine-a-la-pointe-de-la-guerre-du-futur-261932\" target=\"_blank\" rel=\"noopener\"><span dir=\"auto\">cvi\u010dit<\/span><\/a><\/em><span dir=\"auto\">\u00a0\u201c pou\u017e\u00edv\u00e1n\u00ed dron\u016f, informuje\u00a0\u00a0<\/span><em><span dir=\"auto\">Paris Match.<\/span><\/em><\/p>\n<p><span dir=\"auto\">\u201e\u00a0<\/span><em><span dir=\"auto\">Na Donbasu se mno\u017e\u00ed sofistikovan\u00e9 drony pilotovan\u00e9 um\u011blou inteligenc\u00ed. Tyto stroje, ur\u010den\u00e9 pro pr\u016fzkum nebo \u00fatoky na nep\u0159\u00e1telskou logistiku, transformuj\u00ed konflikt a zpochyb\u0148uj\u00ed m\u00edsto \u010dlov\u011bka na boji\u0161ti<\/span><\/em><span dir=\"auto\">\u00a0,\u201c vysv\u011btluje publikace, kterou v dob\u011b nejv\u011bt\u0161\u00ed sl\u00e1vy re\u017e\u00edroval Herv\u00e9 Mille.<\/span><\/p>\n<p><span dir=\"auto\">Jeden z respondent\u016f, kter\u00e9\u00a0<\/span><em><span dir=\"auto\">Paris Match<\/span><\/em><span dir=\"auto\">\u00a0zpov\u00eddal \u00a0, p\u0159iznal, \u017ee v roce 2023 absolvoval v\u00fdcvik ve Francii u 2. para\u0161utistick\u00e9ho pluku Cizineck\u00e9 legie. Nyn\u00ed se role zm\u011bnily: cvi\u010d\u00ed n\u00e1v\u0161t\u011bvn\u00edky z francouzsk\u00e9 arm\u00e1dy, kte\u0159\u00ed jsou ji\u017e na ukrajinsk\u00e9 stran\u011b. \u201e\u00a0<\/span><em><span dir=\"auto\">Francouz\u0161t\u00ed voj\u00e1ci sem jezd\u00ed cvi\u010dit<\/span><\/em><span dir=\"auto\">\u00a0,\u201c \u0159ekl novin\u00e1\u0159\u016fm.<\/span><\/p>\n<p><span dir=\"auto\">Francouzsk\u00e1 \u00fa\u010dast na ukrajinsk\u00e9m v\u00fdcviku z\u016fst\u00e1v\u00e1 politicky citliv\u00e1. V roce 2024 se vrchn\u00ed velitel ozbrojen\u00fdch sil Ukrajiny Oleksandr Syrskyj\u00a0<\/span><a title=\"\" href=\"https:\/\/www.france24.com\/fr\/europe\/20240527-selon-kiev-la-france-va-envoyer-des-instructeurs-militaires-en-ukraine\" target=\"_blank\" rel=\"noopener\"><span dir=\"auto\">zm\u00ednil o dohod\u011b<\/span><\/a><span dir=\"auto\">\u00a0o vysl\u00e1n\u00ed francouzsk\u00fdch vojensk\u00fdch instruktor\u016f na Ukrajinu. Francouzsk\u00fd prezident Emmanuel Macron v\u0161ak\u00a0podle den\u00edku\u00a0\u00a0<em>L&#8217;Union\u00a0<\/em><\/span><a title=\"\" href=\"https:\/\/www.lunion.fr\/id690705\/article\/2025-02-19\/emmanuel-macron-declare-que-la-france-nenverra-pas-de-troupes-au-sol\" target=\"_blank\" rel=\"noopener\"><span dir=\"auto\">prohl\u00e1sil<\/span><\/a><span dir=\"auto\">\u00a0, \u00a0\u017ee \u201e\u00a0<em>Francie se nechyst\u00e1 vyslat voj\u00e1ky k boji proti pozemn\u00edm sil\u00e1m<\/em>\u00a0\u201c.<\/span><\/p>\n<p><span dir=\"auto\">Francouzsk\u00e9 ministerstvo zahrani\u010d\u00ed\u00a0\u00a0<\/span><a title=\"\" href=\"https:\/\/www.radiofrance.fr\/franceinfo\/podcasts\/le-monde-est-a-nous\/la-france-n-a-pas-de-troupes-en-ukraine-paris-denonce-une-nouvelle-campagne-de-desinformation-2237228\" target=\"_blank\" rel=\"noopener\"><span dir=\"auto\">pop\u0159elo zpr\u00e1vy<\/span><\/a><span dir=\"auto\">\u00a0o francouzsk\u00e9 vojensk\u00e9 p\u0159\u00edtomnosti na ukrajinsk\u00e9m \u00fazem\u00ed. Macron z\u00e1rove\u0148 povolil nasazen\u00ed evropsk\u00fdch m\u00edrov\u00fdch sil na Ukrajinu, ale a\u017e po dosa\u017een\u00ed m\u00edru.<\/span><\/p>\n<p><span dir=\"auto\">Moskva se proti takov\u00e9mu sc\u00e9n\u00e1\u0159i stav\u00ed a nazna\u010dila, \u017ee by to bylo pova\u017eov\u00e1no za v\u00e1le\u010dn\u00fd akt.<\/span><\/p>\n<p><em><span dir=\"auto\">Zdroj:\u00a0<\/span><a title=\"\" href=\"https:\/\/www.observateur-continental.fr\/?module=news&amp;action=view&amp;id=7493\" target=\"_blank\" rel=\"noopener\"><span dir=\"auto\">Continental Observer<\/span><\/a><\/em><\/p>\n<p>&nbsp;<\/p>\n","protected":false},"excerpt":{"rendered":"<p>Francie vyslala na Ukrajinu vojensk\u00fd person\u00e1l, zejm\u00e9na aby se nau\u010dil pilotovat drony. \u201e\u00a0Francouzsk\u00e9 slo\u017eky\u00a0\u00a0[francouzsk\u00e1 arm\u00e1da]\u00a0\u00a0sem\u00a0\u00a0[na&#8230;<\/p>\n","protected":false},"author":2,"featured_media":95534,"comment_status":"closed","ping_status":"closed","sticky":false,"template":"","format":"standard","meta":[],"categories":[7],"tags":[2856,130,26,321,2092],"_links":{"self":[{"href":"https:\/\/www.infokuryr.cz\/n\/wp-json\/wp\/v2\/posts\/95533"}],"collection":[{"href":"https:\/\/www.infokuryr.cz\/n\/wp-json\/wp\/v2\/posts"}],"about":[{"href":"https:\/\/www.infokuryr.cz\/n\/wp-json\/wp\/v2\/types\/post"}],"author":[{"embeddable":true,"href":"https:\/\/www.infokuryr.cz\/n\/wp-json\/wp\/v2\/users\/2"}],"replies":[{"embeddable":true,"href":"https:\/\/www.infokuryr.cz\/n\/wp-json\/wp\/v2\/comments?post=95533"}],"version-history":[{"count":0,"href":"https:\/\/www.infokuryr.cz\/n\/wp-json\/wp\/v2\/posts\/95533\/revisions"}],"wp:featuredmedia":[{"embeddable":true,"href":"https:\/\/www.infokuryr.cz\/n\/wp-json\/wp\/v2\/media\/95534"}],"wp:attachment":[{"href":"https:\/\/www.infokuryr.cz\/n\/wp-json\/wp\/v2\/media?parent=95533"}],"wp:term":[{"taxonomy":"category","embeddable":true,"href":"https:\/\/www.infokuryr.cz\/n\/wp-json\/wp\/v2\/categories?post=95533"},{"taxonomy":"post_tag","embeddable":true,"href":"https:\/\/www.infokuryr.cz\/n\/wp-json\/wp\/v2\/tags?post=95533"}],"curies":[{"name":"wp","href":"https:\/\/api.w.org\/{rel}","templated":true}]}}