{"id":95531,"date":"2025-12-28T00:24:24","date_gmt":"2025-12-27T23:24:24","guid":{"rendered":"https:\/\/www.infokuryr.cz\/n\/?p=95531"},"modified":"2025-12-27T11:31:22","modified_gmt":"2025-12-27T10:31:22","slug":"tucker-carlson-byl-jmenovan-antisemitou-roku-za-to-ze-se-postavil-proti-masovemu-vrazdeni-pachanemu-zidy-a-vrazde-20-000-deti-v-gaze","status":"publish","type":"post","link":"https:\/\/www.infokuryr.cz\/n\/2025\/12\/28\/tucker-carlson-byl-jmenovan-antisemitou-roku-za-to-ze-se-postavil-proti-masovemu-vrazdeni-pachanemu-zidy-a-vrazde-20-000-deti-v-gaze\/","title":{"rendered":"Tucker Carlson byl jmenov\u00e1n \u201eantisemitou roku\u201c za to, \u017ee se postavil proti masov\u00e9mu vra\u017ed\u011bn\u00ed p\u00e1chan\u00e9mu \u017didy a vra\u017ed\u011b 20 000 d\u011bt\u00ed v Gaze"},"content":{"rendered":"<div id=\"fb-root\"><\/div>\n<p><strong><span dir=\"auto\">Americk\u00e1 proizraelsk\u00e1 lobbistick\u00e1 skupina jmenovala politick\u00e9ho koment\u00e1tora a novin\u00e1\u0159e Tuckera Carlsona \u201eantisemitou roku\u201c kv\u016fli jeho\u00a0<\/span><a title=\"\" href=\"https:\/\/www.middleeasteye.net\/topics\/israel-genocide-gaza\" target=\"_blank\" rel=\"noopener\"><span dir=\"auto\">odporu ke genocid\u011b<\/span><\/a><span dir=\"auto\">\u00a0sp\u00e1chan\u00e9 Izraelem v Gaze.<\/span><\/strong><\/p>\n<p><span dir=\"auto\">Organizace StopAntisemitism ozn\u00e1mila nominaci v ned\u011bli a obvinila Carlsona z nep\u0159\u00e1telstv\u00ed v\u016f\u010di Izraeli. Kritizuj\u00ed ho zejm\u00e9na za to, \u017ee ve sv\u00e9m podcastu a medi\u00e1ln\u00edch vystoupen\u00edch kritizuje v\u00e1lku a politick\u00fd vliv proizraelsk\u00fdch lobbistick\u00fdch skupin ve Washingtonu.<\/span><\/p>\n<p><span dir=\"auto\">Carlson, jeho\u017e online platforma oslovuje miliony lid\u00ed, se stal jedn\u00edm z nejvlivn\u011bj\u0161\u00edch pravicov\u00fdch hlas\u016f odsuzuj\u00edc\u00edch izraelsk\u00fd vliv na americkou politiku, zejm\u00e9na od za\u010d\u00e1tku v\u00e1lky proti Gaze 7. \u0159\u00edjna 2023.<\/span><\/p>\n<p><span dir=\"auto\">Konkr\u00e9tn\u011b se zam\u011b\u0159il na Americko-izraelsk\u00fd v\u00fdbor pro ve\u0159ejn\u00e9 z\u00e1le\u017eitosti (AIPAC), jeho\u017e vliv popsal jako \u201e\u00a0<\/span><em><span dir=\"auto\">permanentn\u00ed ritu\u00e1l poni\u017eov\u00e1n\u00ed<\/span><\/em><span dir=\"auto\">\u00a0\u201c pro americk\u00e9 z\u00e1konod\u00e1rce a zemi, a varoval, \u017ee Spojen\u00e9 st\u00e1ty jsou spoluvin\u00edky v\u00e1lky veden\u00e9 Izraelem.<\/span><\/p>\n<p><span dir=\"auto\">Obvinil tak\u00e9 izraelsk\u00e9ho premi\u00e9ra Benjamina Netanjahua, kter\u00e9ho\u00a0<\/span><a title=\"\" href=\"https:\/\/www.middleeasteye.net\/news\/icc-rejects-israels-appeal-sought-invalidate-netanyahu-arrest-warrant\" target=\"_blank\" rel=\"noopener\"><span dir=\"auto\">Mezin\u00e1rodn\u00ed trestn\u00ed soud<\/span><\/a><span dir=\"auto\">\u00a0hled\u00e1 pro v\u00e1le\u010dn\u00e9 zlo\u010diny a zlo\u010diny proti lidskosti v Gaze, \u017ee se otev\u0159en\u011b chlub\u00ed sv\u00fdm vlivem na americk\u00e9 v\u016fdce.<\/span><\/p>\n<h3 class=\"wp-block-heading\"><strong><span dir=\"auto\">Nov\u00fd zpravodaj MEE: Jerusalem Dispatch<\/span><\/strong><\/h3>\n<p><span dir=\"auto\">P\u0159ihlaste se k odb\u011bru nejnov\u011bj\u0161\u00edch anal\u00fdz a informac\u00ed o izraelsko-palestinsk\u00fdch vztaz\u00edch, stejn\u011b jako zpravodaje Turkey Unpacked a dal\u0161\u00edch zpravodaj\u016f MEE.<\/span><\/p>\n<p><span dir=\"auto\">\u201e\u00a0<\/span><em><span dir=\"auto\">[Netanjahu] cestuje po Bl\u00edzk\u00e9m v\u00fdchod\u011b, sv\u00e9m regionu a sv\u00e9 vlastn\u00ed zemi, to je fakt, a on jednozna\u010dn\u011b prohla\u0161uje: \u201aOvl\u00e1d\u00e1m Spojen\u00e9 st\u00e1ty. Ovl\u00e1d\u00e1m Donalda Trumpa,\u2018<\/span><\/em><span dir=\"auto\">\u00a0\u201c \u0159ekl Carlson v z\u00e1\u0159\u00ed b\u011bhem rozhovoru s novin\u00e1\u0159em Glennem Greenwaldem.<\/span><\/p>\n<p><span dir=\"auto\">Carlson tak\u00e9 kritizoval k\u0159es\u0165ansk\u00fd sionismus a popsal ho jako hlavn\u00ed s\u00edlu vysv\u011btluj\u00edc\u00ed bezpodm\u00edne\u010dnou podporu Spojen\u00fdch st\u00e1t\u016f Izraeli.<\/span><\/p>\n<p><span dir=\"auto\">\u201e\u00a0<\/span><em><span dir=\"auto\">Nejv\u011bt\u0161\u00ed hrozbou pro k\u0159es\u0165anstv\u00ed v t\u00e9to zemi [Spojen\u00fdch st\u00e1tech] je k\u0159es\u0165ansk\u00fd sionismus<\/span><\/em><span dir=\"auto\">\u00a0,\u201c prohl\u00e1sil a obvinil jeho stoupence z toho, \u017ee zalo\u017een\u00ed a vojenskou nadvl\u00e1du Izraele vn\u00edmaj\u00ed jako biblick\u00fd p\u0159\u00edkaz.<\/span><\/p>\n<p><span dir=\"auto\">\u201e\u00a0<\/span><em><span dir=\"auto\">Nejsou to k\u0159es\u0165an\u00e9; jsou to kac\u00ed\u0159i<\/span><\/em><span dir=\"auto\">\u00a0,\u201c dodal.<\/span><\/p>\n<h3 class=\"wp-block-heading\"><strong><span dir=\"auto\">Trest\u00e1n\u00ed kritik\u016f Izraele<\/span><\/strong><\/h3>\n<p><span dir=\"auto\">StopAntisemitism tvrd\u00ed, \u017ee Carlson se zam\u011b\u0159il na Bena Shapira, prominentn\u00edho proizraelsk\u00e9ho koment\u00e1tora, a obvinil ho z up\u0159ednost\u0148ov\u00e1n\u00ed Izraele v dob\u011b, kdy Spojen\u00e9 st\u00e1ty \u010del\u00ed st\u00e1le v\u00e1\u017en\u011bj\u0161\u00edm vnit\u0159n\u00edm kriz\u00edm.<\/span><\/p>\n<p><span dir=\"auto\">Steve Bannon, b\u00fdval\u00fd strat\u00e9g B\u00edl\u00e9ho domu za prezidenta Donalda Trumpa a st\u00e1le jeho bl\u00edzk\u00fd spojenec,\u00a0o v\u00edkendu na v\u00fdznamn\u00e9m konzervativn\u00edm sjezdu Shapira\u00a0<\/span><a title=\"\" href=\"https:\/\/www.middleeasteye.net\/news\/tucker-carlson-and-steve-bannon-blast-israel-first-fractious-maga-conference\" target=\"_blank\" rel=\"noopener\"><span dir=\"auto\">ost\u0159e kritizoval .<\/span><\/a><\/p>\n<p><span dir=\"auto\">\u201e\u00a0<\/span><em><span dir=\"auto\">Ben Shapiro je jako rakovina a tato rakovina se \u0161\u00ed\u0159\u00ed<\/span><\/em><span dir=\"auto\">\u00a0,\u201c \u0159ekl Bannon za j\u00e1sotu davu a ozna\u010dil ho za\u00a0politick\u00e9ho koment\u00e1tora, kter\u00fd \u201esi klade d\u016fraz\u00a0<\/span><em><span dir=\"auto\">na Izrael na prvn\u00edm m\u00edst\u011b \u201c.<\/span><\/em><\/p>\n<h3 class=\"wp-block-heading\"><span dir=\"auto\">Tucker Carlson nav\u0161t\u00edvil uprchl\u00edky v Gaze a obvinil Izrael z vra\u017ed\u011bn\u00ed d\u011bt\u00ed<\/span><\/h3>\n<p><span dir=\"auto\">Liora Rezni\u010denkov\u00e1, v\u00fdkonn\u00e1 \u0159editelka organizace StopAntisemitism, jasn\u011b nast\u00ednila svou strategii proti kritice Izraele.<\/span><\/p>\n<p><span dir=\"auto\">V prosinci na konferenci\u00a0<\/span><em><span dir=\"auto\">Jerusalem Post<\/span><\/em><span dir=\"auto\">\u00a0v Kapitolu prohl\u00e1sila, \u017ee trest\u00e1n\u00ed kritik\u016f Izraele je \u00fa\u010dinn\u00fdm zp\u016fsobem boje proti antisemitismu.<\/span><\/p>\n<p><span dir=\"auto\">\u201e\u00a0<\/span><em><span dir=\"auto\">V\u00fdsledky mluv\u00ed samy za sebe<\/span><\/em><span dir=\"auto\">\u00a0,\u201c \u0159ekla. \u201e\u00a0<\/span><em><span dir=\"auto\">D\u00e1me v\u00e1s do centra pozornosti a d\u00edky Googlu a SEO v\u00e1s tato pozornost bude prov\u00e1zet po zbytek va\u0161eho \u017eivota<\/span><\/em><span dir=\"auto\">\u00a0.\u201c<\/span><\/p>\n<p><span dir=\"auto\">\u201e\u00a0<\/span><em><span dir=\"auto\">A\u0165 u\u017e hled\u00e1te pr\u00e1ci, man\u017eela\/man\u017eelku, ch\u016fvu nebo cokoli jin\u00e9ho, \u200b\u200bna\u0161e pr\u00e1ce bude v\u017edy zdokumentov\u00e1na<\/span><\/em><span dir=\"auto\">\u00a0,\u201c dodala.<\/span><\/p>\n<p><span dir=\"auto\">Rezni\u010denko se p\u0159ihl\u00e1sil k odpov\u011bdnosti za nejm\u00e9n\u011b 400 ztr\u00e1t pracovn\u00edch m\u00edst v d\u016fsledku online kampan\u00ed skupiny, kter\u00e9 byly zam\u011b\u0159eny na akademiky, aktivisty a medi\u00e1ln\u00ed osobnosti.<\/span><\/p>\n<p><span dir=\"auto\">Mezi t\u011bmi, na kter\u00e9 se Rezni\u010denko zam\u011b\u0159il, je Rachel Griffin Accurso, pracovnice v p\u00e9\u010di o d\u011bti zn\u00e1m\u00e1 milion\u016fm lid\u00ed jako pan\u00ed Rachel. Skupina ji obvinila z antisemitismu pot\u00e9, co sd\u00edlela obsah zd\u016fraz\u0148uj\u00edc\u00ed utrpen\u00ed palestinsk\u00fdch d\u011bt\u00ed pod izraelsk\u00fdm bombardov\u00e1n\u00edm a blok\u00e1dou Gazy.<\/span><\/p>\n<p><span dir=\"auto\">Izrael v Gaze zabil nejm\u00e9n\u011b 20 000 d\u011bt\u00ed a obl\u00e9han\u00e1 enkl\u00e1va m\u00e1 podle Mezin\u00e1rodn\u00edho z\u00e1chrann\u00e9ho v\u00fdboru nejvy\u0161\u0161\u00ed po\u010det d\u011bt\u00ed s amputovan\u00fdmi kon\u010detinami na obyvatele.<\/span><\/p>\n<p><span dir=\"auto\">Organizace StopAntisemitism opakovan\u011b \u00fato\u010dila na organizaci Accurso za to, \u017ee sv\u00fdm v\u00edce ne\u017e 20 milion\u016fm sleduj\u00edc\u00edch zve\u0159ej\u0148ovala obr\u00e1zky hladov\u011bj\u00edc\u00edch d\u011bt\u00ed a osob s amputovan\u00fdmi kon\u010detinami. Dokonce nal\u00e9hala na americkou gener\u00e1ln\u00ed prokur\u00e1torku Pam Bondiovou, aby vy\u0161et\u0159ila Accurso kv\u016fli obvin\u011bn\u00edm ze zahrani\u010dn\u00edho financov\u00e1n\u00ed, ani\u017e by p\u0159edlo\u017eila jak\u00e9koli d\u016fkazy.<\/span><\/p>\n<p><span dir=\"auto\">Naopak \u010dasopis Glamour jmenoval Accurso mezi \u201e\u017deny roku\u201c 2025 za jej\u00ed pr\u00e1ci v oblasti p\u0159ed\u0161koln\u00edho vzd\u011bl\u00e1v\u00e1n\u00ed a za jej\u00ed obhajobu d\u011bt\u00ed posti\u017een\u00fdch v\u00e1lkou po cel\u00e9m sv\u011bt\u011b.<\/span><\/p>\n<p><em><span dir=\"auto\">od\u00a0\u00a0<\/span><strong><span dir=\"auto\">Elise Gjevoriho<\/span><\/strong><\/em><\/p>\n<p><span dir=\"auto\">Zdroj:\u00a0<\/span><a title=\"\" href=\"https:\/\/vtforeignpolicy.com\/2025\/12\/tucker-carlson-named-antisemite-of-the-year-for-opposing-jewish-mass-murder-and-20000-targeted-murdered-children-in-gaza\/?utm_source=rss&amp;utm_medium=rss&amp;utm_campaign=tucker-carlson-named-antisemite-of-the-year-for-opposing-jewish-mass-murder-and-20000-targeted-murdered-children-in-gaza\" target=\"_blank\" rel=\"noopener\"><span dir=\"auto\">VT Foreign Policy<\/span><\/a><\/p>\n<p>&nbsp;<\/p>\n","protected":false},"excerpt":{"rendered":"<p>Americk\u00e1 proizraelsk\u00e1 lobbistick\u00e1 skupina jmenovala politick\u00e9ho koment\u00e1tora a novin\u00e1\u0159e Tuckera Carlsona \u201eantisemitou roku\u201c kv\u016fli jeho\u00a0odporu&#8230;<\/p>\n","protected":false},"author":2,"featured_media":95532,"comment_status":"closed","ping_status":"closed","sticky":false,"template":"","format":"standard","meta":[],"categories":[7],"tags":[9240,178,5168,92],"_links":{"self":[{"href":"https:\/\/www.infokuryr.cz\/n\/wp-json\/wp\/v2\/posts\/95531"}],"collection":[{"href":"https:\/\/www.infokuryr.cz\/n\/wp-json\/wp\/v2\/posts"}],"about":[{"href":"https:\/\/www.infokuryr.cz\/n\/wp-json\/wp\/v2\/types\/post"}],"author":[{"embeddable":true,"href":"https:\/\/www.infokuryr.cz\/n\/wp-json\/wp\/v2\/users\/2"}],"replies":[{"embeddable":true,"href":"https:\/\/www.infokuryr.cz\/n\/wp-json\/wp\/v2\/comments?post=95531"}],"version-history":[{"count":0,"href":"https:\/\/www.infokuryr.cz\/n\/wp-json\/wp\/v2\/posts\/95531\/revisions"}],"wp:featuredmedia":[{"embeddable":true,"href":"https:\/\/www.infokuryr.cz\/n\/wp-json\/wp\/v2\/media\/95532"}],"wp:attachment":[{"href":"https:\/\/www.infokuryr.cz\/n\/wp-json\/wp\/v2\/media?parent=95531"}],"wp:term":[{"taxonomy":"category","embeddable":true,"href":"https:\/\/www.infokuryr.cz\/n\/wp-json\/wp\/v2\/categories?post=95531"},{"taxonomy":"post_tag","embeddable":true,"href":"https:\/\/www.infokuryr.cz\/n\/wp-json\/wp\/v2\/tags?post=95531"}],"curies":[{"name":"wp","href":"https:\/\/api.w.org\/{rel}","templated":true}]}}