{"id":95527,"date":"2025-12-28T00:21:31","date_gmt":"2025-12-27T23:21:31","guid":{"rendered":"https:\/\/www.infokuryr.cz\/n\/?p=95527"},"modified":"2025-12-27T12:17:07","modified_gmt":"2025-12-27T11:17:07","slug":"odzbrojeni-irackych-frakci-rozhodne-ne","status":"publish","type":"post","link":"https:\/\/www.infokuryr.cz\/n\/2025\/12\/28\/odzbrojeni-irackych-frakci-rozhodne-ne\/","title":{"rendered":"Odzbrojen\u00ed ir\u00e1ck\u00fdch frakc\u00ed: Rozhodn\u00e9 ne"},"content":{"rendered":"<div id=\"fb-root\"><\/div>\n<p><strong><span dir=\"auto\">N\u011bkolik ir\u00e1ck\u00fdch frakc\u00ed prohl\u00e1silo, \u017ee odm\u00edt\u00e1 jak\u00e9koli diskuse o monopolu na zbrojen\u00ed p\u0159ed dosa\u017een\u00edm pln\u00e9 suverenity a sta\u017een\u00edm v\u0161ech zahrani\u010dn\u00edch sil z Ir\u00e1ku. Zd\u016fraznily, \u017ee Isl\u00e1msk\u00fd odpor v Ir\u00e1ku i nad\u00e1le neochv\u011bjn\u011b odm\u00edt\u00e1 vzd\u00e1t se sv\u00fdch zbran\u00ed a je odhodl\u00e1n je neslo\u017eit.<\/span><\/strong><\/p>\n<p><span dir=\"auto\">V t\u00e9to souvislosti \u0161ejk K\u00e1is al-Khazali, gener\u00e1ln\u00ed tajemn\u00edk organizace Asa&#8217;ib Ahl al-Haq, prohl\u00e1sil, \u017ee \u201e\u00a0<\/span><em><span dir=\"auto\">bez podpory st\u00e1tu neexistuje skute\u010dn\u00e9 \u0159e\u0161en\u00ed ani skute\u010dn\u00e1 bezpe\u010dnost<\/span><\/em><span dir=\"auto\">\u00a0\u201c. Zpochybnil, zda \u201e\u00a0<\/span><em><span dir=\"auto\">americk\u00e9 zbran\u011b, kter\u00e9 zabily hrdost Ir\u00e1\u010dan\u016f, Ab\u00fa Mahd\u00edho al-Muhandise a K\u00e1sima Solejm\u00e1n\u00edho, jsou legitimn\u00ed zbran\u011b; zbran\u011b, kter\u00e9 zabily na\u0161e syny, bojovn\u00edky Lidov\u00fdch mobiliza\u010dn\u00edch sil (PMF), kte\u0159\u00ed byli na syrsk\u00fdch hranic\u00edch, jsou legitimn\u00ed zbran\u011b; zbran\u011b, kter\u00e9 c\u00edlily na civiln\u00ed infrastrukturu a civiln\u00ed leti\u0161t\u011b a zab\u00edjely civilisty, jsou legitimn\u00ed zbran\u011b; a tureck\u00e9 zbran\u011b, kter\u00e9 napadly na\u0161e hranice a z\u0159\u00eddily vojensk\u00e9 z\u00e1kladny na ir\u00e1ck\u00e9 p\u016fd\u011b, jsou legitimn\u00ed zbran\u011b\u2026<\/span><\/em><span dir=\"auto\">\u00a0\u201c<\/span><\/p>\n<p><span dir=\"auto\">Q. Al-Khazali dodal, \u017ee \u201e\u00a0<\/span><em><span dir=\"auto\">v\u0161echny bo\u017esk\u00e9 z\u00e1kony a rezoluce OSN oprav\u0148uj\u00ed jakoukoli osobu, kter\u00e1 je podrobena okupaci, chopit se zbran\u00ed a kl\u00e1st odpor okupantovi<\/span><\/em><span dir=\"auto\">\u00a0.\u201c P\u0159ipomn\u011bl, \u017ee Ir\u00e1k v roce 2003 utrp\u011bl do o\u010d\u00ed bij\u00edc\u00ed americkou okupaci a \u017ee se odboj chopil zbran\u00ed a donutil okupa\u010dn\u00ed s\u00edly k \u00fastupu. Zd\u016fraznil, \u017ee \u201e\u00a0<\/span><em><span dir=\"auto\">zbran\u011b pou\u017eit\u00e9 odbojem v roce 2003 nebyly nam\u00ed\u0159eny proti st\u00e1tn\u00edm instituc\u00edm ani agentur\u00e1m, nebyly pou\u017eity \u017e\u00e1dn\u00e9 bomby v autech a nebyly provedeny \u017e\u00e1dn\u00e9 popravy<\/span><\/em><span dir=\"auto\">\u00a0.\u201c Vysv\u011btlil, \u017ee \u201e\u00a0<\/span><em><span dir=\"auto\">v roce 2014 byla jeho zem\u011b podrobena okupaci ISIS a s\u00edly odboje se ISIS postavily a osvobodily zemi<\/span><\/em><span dir=\"auto\">\u00a0.\u201c<\/span><\/p>\n<p><span dir=\"auto\">Al-Khazali prohl\u00e1sil, \u017ee \u201e\u00a0<\/span><em><span dir=\"auto\">dokud bude okupace trvat, zbran\u011b odboje jsou legitimn\u00ed<\/span><\/em><span dir=\"auto\">\u00a0.\u201c Dodal: \u201e\u00a0<\/span><em><span dir=\"auto\">Pokud pova\u017eujete americk\u00e9 s\u00edly za m\u00edrov\u00e9 s\u00edly, pokud p\u0159iv\u00edr\u00e1te o\u010di p\u0159ed skute\u010dn\u00fdmi motivy izraelsk\u00e9 entity, kter\u00e1 se sna\u017e\u00ed zni\u010dit Ir\u00e1k, a pokud americk\u00e1 administrativa tento pl\u00e1n realizuje, pokud neuzn\u00e1v\u00e1te legitimitu parlamentn\u00edho usnesen\u00ed, kter\u00e9 stanov\u00ed sta\u017een\u00ed americk\u00fdch sil z Ir\u00e1ku, pak je probl\u00e9m ve v\u00e1s<\/span><\/em><span dir=\"auto\">\u00a0.\u201c<\/span><\/p>\n<p><span dir=\"auto\">\u201e\u00a0<\/span><em><span dir=\"auto\">Potvrzujeme na\u0161e pln\u00e9 a absolutn\u00ed pr\u00e1vo br\u00e1nit se americk\u00e9 okupaci v\u0161emi deklarovan\u00fdmi prost\u0159edky a odm\u00edt\u00e1me harmonogram, kter\u00fd Trump vnutil ir\u00e1ck\u00e9mu premi\u00e9rovi. Podporujeme parlamentn\u00ed rezoluci po\u017eaduj\u00edc\u00ed sta\u017een\u00ed americk\u00fdch sil\u2026<\/span><\/em><span dir=\"auto\">\u00a0\u201c Americk\u00e1 administrativa chce, aby ir\u00e1ck\u00fd st\u00e1t a jeho arm\u00e1da z\u016fstaly \u201e\u00a0<\/span><em><span dir=\"auto\">rukojm\u00edmi a vyd\u00e1ny na milost a nemilost<\/span><\/em><span dir=\"auto\">\u00a0,\u201c d\u00e1le argumentoval a dodal, \u017ee podle n\u00e1zoru n\u011bkter\u00fdch st\u00e1t\u016f Persk\u00e9ho z\u00e1livu a Izraele \u201e\u00a0<\/span><em><span dir=\"auto\">dokud tato zbra\u0148 existuje, v\u0161echny projekty zam\u011b\u0159en\u00e9 na rozd\u011blen\u00ed Ir\u00e1ku a podkop\u00e1n\u00ed politick\u00e9ho procesu sel\u017eou<\/span><\/em><span dir=\"auto\">\u00a0.\u201c<\/span><\/p>\n<p><span dir=\"auto\">Abdel K\u00e1der al-Karbalai, vojensk\u00fd poradce hnut\u00ed odporu Al-Nujaba, zd\u016fraznil, \u017ee \u201e\u00a0<\/span><em><span dir=\"auto\">ignorov\u00e1n\u00ed dohody o sta\u017een\u00ed vojsk americk\u00fdmi okupa\u010dn\u00edmi silami, jejich tvrdohlavost v setrv\u00e1n\u00ed v Ir\u00e1ku navzdory v\u0161em po\u017eadavk\u016fm na odchod a jejich do o\u010d\u00ed bij\u00edc\u00ed a neust\u00e1l\u00e9 vm\u011b\u0161ov\u00e1n\u00ed do vnit\u0159n\u00edch z\u00e1le\u017eitost\u00ed \u2013 v\u010detn\u011b monopolu na zbran\u011b a v\u00fdcviku separatistick\u00fdch milic\u00ed a teroristick\u00fdch skupin zam\u011b\u0159en\u00fdch na destabilizaci zem\u011b \u2013 p\u0159edstavuje poru\u0161en\u00ed ir\u00e1ck\u00e9 suverenity. Jedn\u00e1 se o jasnou okupaci, kter\u00e1 mus\u00ed b\u00fdt ukon\u010dena v\u0161emi legitimn\u00edmi prost\u0159edky odporu<\/span><\/em><span dir=\"auto\">\u00a0.\u201c Potvrdil, \u017ee \u201e\u00a0<\/span><em><span dir=\"auto\">odpor je legitimn\u00edm pr\u00e1vem pro lidi, jejich\u017e suverenita byla uzurpov\u00e1na a jejich\u017e \u00fazem\u00ed byla okupov\u00e1na. Je to pr\u00e1vo, kter\u00e9 odvozuje svou legitimitu z hrdosti a d\u016fstojnosti ir\u00e1ck\u00e9ho lidu, kter\u00fd nikdy nep\u0159ijal a nikdy nep\u0159ijme pon\u00ed\u017een\u00ed a podman\u011bn\u00ed<\/span><\/em><span dir=\"auto\">\u00a0.\u201c<\/span><\/p>\n<p><span dir=\"auto\">A. Al-Karbalai promluvil k okupant\u016fm a zd\u016fraznil, \u017ee \u201e\u00a0<\/span><em><span dir=\"auto\">ti, kte\u0159\u00ed p\u0159ijali za hlavn\u00ed z\u00e1sadu cestu Mistra mu\u010dedn\u00edk\u016f, im\u00e1ma Husajna (m\u00edr s n\u00edm), se nenechaj\u00ed zastra\u0161it va\u0161\u00edm terorismem ani se nenechaj\u00ed vyd\u011bsit brilanc\u00ed va\u0161ich zr\u00e1dn\u00fdch a nespravedliv\u00fdch d\u00fdk, kter\u00fdmi m\u00e1v\u00e1te<\/span><\/em><span dir=\"auto\">\u00a0.\u201c<\/span><\/p>\n<p><span dir=\"auto\">Ir\u00e1ck\u00e9 brig\u00e1dy Hizball\u00e1hu ozn\u00e1mily, \u017ee jak\u00e9koli jedn\u00e1n\u00ed zam\u011b\u0159en\u00e9 na dosa\u017een\u00ed dohody s vl\u00e1dou ohledn\u011b monopolu na zbrojen\u00ed \u201e\u00a0<\/span><em><span dir=\"auto\">prob\u011bhnou a\u017e po sta\u017een\u00ed v\u0161ech okupa\u010dn\u00edch sil, NATO a tureck\u00e9 arm\u00e1dy\u201c<\/span><\/em><span dir=\"auto\">\u00a0. Organizace trvala na tom, \u017ee \u201e\u00a0<\/span><em><span dir=\"auto\">kdokoli, komu jsou sv\u011b\u0159eny zbran\u011b k ochran\u011b jeho lidu, jeho zem\u011b, jeho n\u00e1rodn\u00ed suverenity a jeho svat\u00fdch m\u00edst, a pot\u00e9 se jich sna\u017e\u00ed vzd\u00e1t, ani\u017e by si zajistil suverenitu a ochranu sv\u00e9ho lidu a svat\u00fdch m\u00edst, je v\u00fdhradn\u011b zodpov\u011bdn\u00fd a mus\u00ed je vr\u00e1tit<\/span><\/em><span dir=\"auto\">\u00a0.\u201c Pokra\u010dovaly: \u201e\u00a0<\/span><em><span dir=\"auto\">Jak nazna\u010dily na\u0161e n\u00e1bo\u017eensk\u00e9 autority, suverenita, udr\u017een\u00ed bezpe\u010dnosti v Ir\u00e1ku a zabr\u00e1n\u011bn\u00ed jak\u00e9mukoli zahrani\u010dn\u00edmu vm\u011b\u0161ov\u00e1n\u00ed jsou p\u0159edpoklady pro jakoukoli diskusi o st\u00e1tn\u00edm monopolu na zbrojen\u00ed. Potvrzujeme, \u017ee n\u00e1\u0161 postoj se shoduje s postojem na\u0161ich n\u00e1bo\u017eensk\u00fdch autorit. Jakmile bude tohoto c\u00edle dosa\u017eeno, odpor je pr\u00e1vem a jeho zbran\u011b z\u016fstanou v rukou jeho bojovn\u00edk\u016f.\u201c Jak\u00e1koli diskuse zam\u011b\u0159en\u00e1 na dosa\u017een\u00ed dohody s vl\u00e1dou prob\u011bhne a\u017e po sta\u017een\u00ed v\u0161ech okupa\u010dn\u00edch sil, NATO a tureck\u00e9 arm\u00e1dy a po zaru\u010den\u00ed bezpe\u010dnosti na\u0161ich lid\u00ed a na\u0161ich svat\u00fdch m\u00edst p\u0159ed hrozbami, kter\u00e9 p\u0159edstavuj\u00ed syrsk\u00e9 a ir\u00e1ck\u00e9 skupiny P\u00e9\u0161merga al-D\u017eul\u00e1n\u00edho<\/span><\/em><span dir=\"auto\">\u00a0.<\/span><\/p>\n<p><em><span dir=\"auto\">od\u00a0<\/span><strong><span dir=\"auto\">Perspectives Med<\/span><\/strong><\/em><\/p>\n<p><span dir=\"auto\">Zdroj:\u00a0<\/span><a title=\"\" href=\"https:\/\/perspectivesmed.com\/desarmement-des-factions-irakiennes-un-niet-sur-toute-la-ligne\/?amp=1https:\/\/perspectivesmed.com\/desarmement-des-factions-irakiennes-un-niet-sur-toute-la-ligne\/?amp=1\" target=\"_blank\" rel=\"noopener\"><span dir=\"auto\">Perspectives Med<\/span><\/a><\/p>\n<p>&nbsp;<\/p>\n","protected":false},"excerpt":{"rendered":"<p>N\u011bkolik ir\u00e1ck\u00fdch frakc\u00ed prohl\u00e1silo, \u017ee odm\u00edt\u00e1 jak\u00e9koli diskuse o monopolu na zbrojen\u00ed p\u0159ed dosa\u017een\u00edm pln\u00e9&#8230;<\/p>\n","protected":false},"author":2,"featured_media":95528,"comment_status":"closed","ping_status":"closed","sticky":false,"template":"","format":"standard","meta":[],"categories":[7],"tags":[267,2224,1597,73],"_links":{"self":[{"href":"https:\/\/www.infokuryr.cz\/n\/wp-json\/wp\/v2\/posts\/95527"}],"collection":[{"href":"https:\/\/www.infokuryr.cz\/n\/wp-json\/wp\/v2\/posts"}],"about":[{"href":"https:\/\/www.infokuryr.cz\/n\/wp-json\/wp\/v2\/types\/post"}],"author":[{"embeddable":true,"href":"https:\/\/www.infokuryr.cz\/n\/wp-json\/wp\/v2\/users\/2"}],"replies":[{"embeddable":true,"href":"https:\/\/www.infokuryr.cz\/n\/wp-json\/wp\/v2\/comments?post=95527"}],"version-history":[{"count":0,"href":"https:\/\/www.infokuryr.cz\/n\/wp-json\/wp\/v2\/posts\/95527\/revisions"}],"wp:featuredmedia":[{"embeddable":true,"href":"https:\/\/www.infokuryr.cz\/n\/wp-json\/wp\/v2\/media\/95528"}],"wp:attachment":[{"href":"https:\/\/www.infokuryr.cz\/n\/wp-json\/wp\/v2\/media?parent=95527"}],"wp:term":[{"taxonomy":"category","embeddable":true,"href":"https:\/\/www.infokuryr.cz\/n\/wp-json\/wp\/v2\/categories?post=95527"},{"taxonomy":"post_tag","embeddable":true,"href":"https:\/\/www.infokuryr.cz\/n\/wp-json\/wp\/v2\/tags?post=95527"}],"curies":[{"name":"wp","href":"https:\/\/api.w.org\/{rel}","templated":true}]}}