{"id":95514,"date":"2025-12-28T00:17:16","date_gmt":"2025-12-27T23:17:16","guid":{"rendered":"https:\/\/www.infokuryr.cz\/n\/?p=95514"},"modified":"2025-12-27T11:10:07","modified_gmt":"2025-12-27T10:10:07","slug":"pres-20-mrtvych-nebo-zranenych-pri-vybuchu-v-alavitske-mesite-v-syrskem-homsu","status":"publish","type":"post","link":"https:\/\/www.infokuryr.cz\/n\/2025\/12\/28\/pres-20-mrtvych-nebo-zranenych-pri-vybuchu-v-alavitske-mesite-v-syrskem-homsu\/","title":{"rendered":"P\u0159es 20 mrtv\u00fdch nebo zran\u011bn\u00fdch p\u0159i v\u00fdbuchu v alavitsk\u00e9 me\u0161it\u011b v syrsk\u00e9m Homsu"},"content":{"rendered":"<div id=\"fb-root\"><\/div>\n<p><strong><span dir=\"auto\">V\u00edce ne\u017e 20 lid\u00ed bylo 26. prosince zabito nebo zran\u011bno ve st\u0159edosyrsk\u00e9m m\u011bst\u011b Homs v d\u016fsledku v\u00fdbuchu uvnit\u0159 me\u0161ity v alavitsk\u00e9 \u010dtvrti V\u00e1d\u00ed al-Dah\u00e1b.<\/span><\/strong><\/p>\n<p><span dir=\"auto\">Syrsk\u00e9 ministerstvo vnitra ve sv\u00e9m prohl\u00e1\u0161en\u00ed uvedlo, \u017ee c\u00edlem \u201eteroristick\u00e9ho bombov\u00e9ho \u00fatoku\u201c byla me\u0161ita Al\u00edho bin Abi Taliba b\u011bhem p\u00e1te\u010dn\u00edch modliteb, a dodalo, \u017ee na m\u00edsto \u00fatoku byly vysl\u00e1ny bezpe\u010dnostn\u00ed s\u00edly a bylo zah\u00e1jeno vy\u0161et\u0159ov\u00e1n\u00ed.<\/span><\/p>\n<p><span dir=\"auto\">St\u00e1tn\u00ed tiskov\u00e1 agentura SANA s odvol\u00e1n\u00edm na bezpe\u010dnostn\u00edho \u00fa\u0159edn\u00edka uvedla, \u017ee v\u00fdbuch zp\u016fsobilo \u201en\u011bkolik v\u00fdbu\u0161n\u00fdch za\u0159\u00edzen\u00ed\u201c, a\u010dkoli \u0159editel pro m\u00e9dia v Homsu televizi Al-D\u017eaz\u00edra sd\u011blil, \u017ee uvnit\u0159 me\u0161ity bylo um\u00edst\u011bno jedin\u00e9 v\u00fdbu\u0161n\u00e9 za\u0159\u00edzen\u00ed.<\/span><\/p>\n<p><iframe loading=\"lazy\" src=\"https:\/\/s1.cdnstatic.space\/wp-content\/uploads\/2025\/12\/blast3-1.mp4\" width=\"600\" height=\"338\" data-mce-fragment=\"1\"><\/iframe><\/p>\n<p><span dir=\"auto\">Ministerstvo vnitra ve sv\u00e9m prohl\u00e1\u0161en\u00ed uvedlo, \u017ee p\u0159i v\u00fdbuchu v me\u0161it\u011b, kterou obvykle nav\u0161t\u011bvuj\u00ed \u010dlenov\u00e9 alavitsk\u00e9 komunity, bylo zabito \u0161est lid\u00ed a nejm\u00e9n\u011b 21 bylo zran\u011bno.<\/span><\/p>\n<p><span dir=\"auto\">Pozd\u011bji v\u0161ak \u0159editel pohotovostn\u00edho odd\u011blen\u00ed ministerstva zdravotnictv\u00ed agentu\u0159e SANA sd\u011blil, \u017ee v\u00fdbuch zabil osm lid\u00ed a 18 dal\u0161\u00edch zranil, p\u0159i\u010dem\u017e po\u010det ob\u011bt\u00ed ozna\u010dil za \u201ep\u0159edb\u011b\u017en\u00fd\u201c.<\/span><\/p>\n<p><iframe loading=\"lazy\" src=\"https:\/\/s1.cdnstatic.space\/wp-content\/uploads\/2025\/12\/blast2-1.mp4\" width=\"600\" height=\"338\" data-mce-fragment=\"1\"><\/iframe><\/p>\n<p><iframe loading=\"lazy\" src=\"https:\/\/s1.cdnstatic.space\/wp-content\/uploads\/2025\/12\/blast1-1.mp4\" width=\"600\" height=\"338\" data-mce-fragment=\"1\"><\/iframe><\/p>\n<p><span dir=\"auto\">Mezit\u00edm alavit\u0161t\u00ed aktivist\u00e9 odhadli po\u010det ob\u011bt\u00ed na 12 a poznamenali, \u017ee \u010dlenov\u00e9 komunity ned\u00e1vno zorganizovali demonstraci p\u0159ed me\u0161itou na protest proti prozat\u00edmn\u00ed vl\u00e1d\u011b veden\u00e9 islamisty.<\/span><\/p>\n<p><span dir=\"auto\">Tato demonstrace byla sou\u010d\u00e1st\u00ed \u0161ir\u0161\u00ed vlny protest\u016f, kter\u00e9 se konaly 25. listopadu na pob\u0159e\u017e\u00ed, v srdci alavitsk\u00e9 komunity, a v okoln\u00edch oblastech. Protesty po\u017eadovaly ukon\u010den\u00ed sekt\u00e1\u0159sk\u00e9 diskriminace a n\u00e1sil\u00ed, je\u017e za\u010daly po p\u00e1du re\u017eimu b\u00fdval\u00e9ho prezidenta Ba\u0161\u00e1ra Asada, kter\u00fd byl s\u00e1m alavitsk\u00fdm p\u0159\u00edslu\u0161n\u00edkem. Komunita Homs pat\u0159ila mezi nejv\u00edce posti\u017een\u00e9.<\/span><\/p>\n<p><span dir=\"auto\">Dva dny p\u0159ed protesty se v alavitsk\u00fdch \u010dtvrt\u00edch Homsu, v\u010detn\u011b V\u00e1d\u00ed al-Dah\u00e1b, objevila vlna n\u00e1sil\u00ed pot\u00e9, co byl jen o dva dny d\u0159\u00edve zabit sunnitsk\u00fd muslimsk\u00fd bedu\u00ednsk\u00fd p\u00e1r, na m\u00edst\u011b kter\u00e9ho byly nalezeny sekt\u00e1\u0159sk\u00e9 graffiti. Ministerstvo vnitra pozd\u011bji potvrdilo, \u017ee zlo\u010din sp\u00e1chal p\u0159\u00edbuzn\u00fd p\u00e1ru.<\/span><\/p>\n<p><span dir=\"auto\">Sekt\u00e1\u0159sk\u00e9 n\u00e1sil\u00ed pokra\u010dovalo i po protestech. Jen den p\u0159ed bombov\u00fdm \u00fatokem ve V\u00e1d\u00ed al-Dah\u00e1b byli ve m\u011bst\u011b al-K\u00e1bu v z\u00e1padn\u00edm venkov\u011b Homsu zavra\u017ed\u011bni dva mlad\u00ed alavit\u0161t\u00ed mu\u017ei.<\/span><\/p>\n<p><span dir=\"auto\">Smrt\u00edc\u00ed bombov\u00fd \u00fatok v Homsu pravd\u011bpodobn\u011b p\u0159i\u017eiv\u00ed sekt\u00e1\u0159sk\u00e9 nap\u011bt\u00ed, zejm\u00e9na proto, \u017ee vl\u00e1da dosud neprojevila \u017e\u00e1dnou ochotu smyslupln\u011b se anga\u017eovat s alavity ani s \u017e\u00e1dnou jinou men\u0161inou.<\/span><\/p>\n<p><img decoding=\"async\" loading=\"lazy\" class=\"alignnone size-full wp-image-1185\" src=\"http:\/\/www.infokuryr.cz\/n\/wp-content\/uploads\/2021\/04\/kuryr-podpis.png\" alt=\"\" width=\"84\" height=\"24\" \/><\/p>\n<p>&nbsp;<\/p>\n","protected":false},"excerpt":{"rendered":"<p>V\u00edce ne\u017e 20 lid\u00ed bylo 26. prosince zabito nebo zran\u011bno ve st\u0159edosyrsk\u00e9m m\u011bst\u011b Homs v&#8230;<\/p>\n","protected":false},"author":2,"featured_media":95515,"comment_status":"closed","ping_status":"closed","sticky":false,"template":"","format":"standard","meta":[],"categories":[7],"tags":[8697,790,147,5135,934],"_links":{"self":[{"href":"https:\/\/www.infokuryr.cz\/n\/wp-json\/wp\/v2\/posts\/95514"}],"collection":[{"href":"https:\/\/www.infokuryr.cz\/n\/wp-json\/wp\/v2\/posts"}],"about":[{"href":"https:\/\/www.infokuryr.cz\/n\/wp-json\/wp\/v2\/types\/post"}],"author":[{"embeddable":true,"href":"https:\/\/www.infokuryr.cz\/n\/wp-json\/wp\/v2\/users\/2"}],"replies":[{"embeddable":true,"href":"https:\/\/www.infokuryr.cz\/n\/wp-json\/wp\/v2\/comments?post=95514"}],"version-history":[{"count":0,"href":"https:\/\/www.infokuryr.cz\/n\/wp-json\/wp\/v2\/posts\/95514\/revisions"}],"wp:featuredmedia":[{"embeddable":true,"href":"https:\/\/www.infokuryr.cz\/n\/wp-json\/wp\/v2\/media\/95515"}],"wp:attachment":[{"href":"https:\/\/www.infokuryr.cz\/n\/wp-json\/wp\/v2\/media?parent=95514"}],"wp:term":[{"taxonomy":"category","embeddable":true,"href":"https:\/\/www.infokuryr.cz\/n\/wp-json\/wp\/v2\/categories?post=95514"},{"taxonomy":"post_tag","embeddable":true,"href":"https:\/\/www.infokuryr.cz\/n\/wp-json\/wp\/v2\/tags?post=95514"}],"curies":[{"name":"wp","href":"https:\/\/api.w.org\/{rel}","templated":true}]}}