{"id":95512,"date":"2025-12-28T00:16:06","date_gmt":"2025-12-27T23:16:06","guid":{"rendered":"https:\/\/www.infokuryr.cz\/n\/?p=95512"},"modified":"2025-12-27T11:06:58","modified_gmt":"2025-12-27T10:06:58","slug":"deportace-selhavaji-vrazi-zustavaji-skryte-riziko-nemecke-azylove-politiky","status":"publish","type":"post","link":"https:\/\/www.infokuryr.cz\/n\/2025\/12\/28\/deportace-selhavaji-vrazi-zustavaji-skryte-riziko-nemecke-azylove-politiky\/","title":{"rendered":"Deportace selh\u00e1vaj\u00ed, vrazi z\u016fst\u00e1vaj\u00ed: Skryt\u00e9 riziko n\u011bmeck\u00e9 azylov\u00e9 politiky"},"content":{"rendered":"<div id=\"fb-root\"><\/div>\n<p><strong><span dir=\"auto\">N\u011bmecko m\u00e1 nyn\u00ed v\u00edce ne\u017e 220 000 lid\u00ed, kte\u0159\u00ed jsou ze z\u00e1kona povinni opustit zemi \u2013 jednotlivc\u016f, kte\u0159\u00ed m\u011bli odej\u00edt u\u017e d\u00e1vno. P\u0159esto je ve skute\u010dnosti deportov\u00e1na jen nepatrn\u00e1 \u010d\u00e1st z nich, a to navzdory nasazen\u00ed tis\u00edc\u016f policist\u016f, milion\u016fm eur na repatria\u010dn\u00ed lety a p\u0159\u00edsn\u011b tajn\u00fdm informac\u00edm o z\u00fa\u010dastn\u011bn\u00fdch leteck\u00fdch spole\u010dnostech. Deportace nav\u00edc hromadn\u011b selh\u00e1vaj\u00ed a mnoho deportovan\u00fdch se jednodu\u0161e vrac\u00ed. Je tak\u00e9 tabu, \u017ee mezi t\u011bmi, kte\u0159\u00ed jsou povinni opustit zemi, je mnoho podez\u0159el\u00fdch z vra\u017edy, kte\u0159\u00ed by ji\u017e v zemi nem\u011bli b\u00fdt.<\/span><\/strong><\/p>\n<p><span dir=\"auto\">V N\u011bmecku je v\u00edce ne\u017e 220 000 lid\u00ed, kte\u0159\u00ed jsou \u201ez\u00e1konn\u011b povinni opustit zemi\u201c \u2013 lid\u00e9, jejich\u017e \u017e\u00e1dosti o azyl byly zam\u00edtnuty a kte\u0159\u00ed by m\u011bli zemi v kr\u00e1tk\u00e9 dob\u011b skute\u010dn\u011b opustit. Ve skute\u010dnosti je v\u0161ak deportov\u00e1na jen mal\u00e1 \u010d\u00e1st z nich. Ka\u017ed\u00fd jednotliv\u00fd p\u0159\u00edpad zam\u011bstn\u00e1v\u00e1 imigra\u010dn\u00ed \u00fa\u0159ady, st\u00e1tn\u00ed i feder\u00e1ln\u00ed policii \u2013 \u010dasto i n\u011bkolikr\u00e1t.<\/span><\/p>\n<p><span dir=\"auto\">V roce 2024 bylo deportov\u00e1no pouze 20 084 lid\u00ed \u2013 co\u017e je ani ne desetina v\u0161ech osob, kter\u00e9 musely opustit zemi. To je dal\u0161\u00ed zdrcuj\u00edc\u00ed ob\u017ealoba n\u011bmeck\u00e9 azylov\u00e9 a repatria\u010dn\u00ed politiky.<\/span><\/p>\n<p><span dir=\"auto\">N\u00e1sleduj\u00edc\u00ed p\u0159ehled obsahuje rozpis proveden\u00fdch deportac\u00ed podle n\u00e1rodnosti podle \u00fadaj\u016f feder\u00e1ln\u00ed vl\u00e1dy k 11. \u00fanoru 2025 (\u017eeb\u0159\u00ed\u010dek Top 20):<\/span><\/p>\n<figure class=\"wp-block-image size-full\"><img decoding=\"async\" loading=\"lazy\" class=\"wp-image-160211 aligncenter\" src=\"https:\/\/report24.news\/wp-content\/uploads\/2025\/12\/Bildschirmfoto-2025-12-25-um-16.07.13.png\" sizes=\"(max-width: 1022px) 100vw, 1022px\" srcset=\"https:\/\/report24.news\/wp-content\/uploads\/2025\/12\/Bildschirmfoto-2025-12-25-um-16.07.13.png 1022w, https:\/\/report24.news\/wp-content\/uploads\/2025\/12\/Bildschirmfoto-2025-12-25-um-16.07.13-768x583.png 768w, https:\/\/report24.news\/wp-content\/uploads\/2025\/12\/Bildschirmfoto-2025-12-25-um-16.07.13-600x456.png 600w\" alt=\"\" width=\"721\" height=\"548\" \/><figcaption class=\"wp-element-caption\"><em><span dir=\"auto\">Zdroj sn\u00edmku obrazovky\/citace obr\u00e1zku: https:\/\/dserver.bundestag.de\/btd\/20\/149\/2014946.pdf<\/span><\/em><\/figcaption><\/figure>\n<h3 id=\"h-uber-13-000-beamte-bei-abschiebungen-jahrlich-im-einsatz\" class=\"wp-block-heading\"><span dir=\"auto\">Na deportace je ka\u017edoro\u010dn\u011b nasazeno p\u0159es 13 000 policist\u016f.<\/span><\/h3>\n<p><span dir=\"auto\">A tato \u010d\u00edsla nikde neusly\u0161\u00edte: Ohledn\u011b doprovodu deportac\u00ed.<\/span><\/p>\n<p><span dir=\"auto\">V roce 2024 bylo nasazeno 13 243 p\u0159\u00edslu\u0161n\u00edk\u016f feder\u00e1ln\u00ed policie a 570 p\u0159\u00edslu\u0161n\u00edk\u016f st\u00e1tn\u00edch policejn\u00edch org\u00e1n\u016f nebo jin\u00fdch st\u00e1tn\u00edch org\u00e1n\u016f.\u00a0<\/span><\/p>\n<p><span dir=\"auto\">Celkem bylo nasazeno 13 813 policist\u016f.\u00a0<\/span><\/p>\n<h3 id=\"h-verschlusssache-vs-nur-fur-den-dienstgebrauch-geheime-abschiebefluge\" class=\"wp-block-heading\"><span dir=\"auto\">\u201eUtajovan\u00e9 (VS) \u2013 Pouze pro \u00fa\u0159edn\u00ed pot\u0159ebu\u201c \u2013\u00a0<\/span><strong><span dir=\"auto\">Tajn\u00e9 deporta\u010dn\u00ed lety<\/span><\/strong><\/h3>\n<p><span dir=\"auto\">Z celkov\u00e9ho po\u010dtu 20 084 \u201eosob podl\u00e9haj\u00edc\u00edch vymahateln\u00e9 deportaci\u201c, kter\u00e9 byly v roce 2024 deportov\u00e1ny, bylo 16 991 vr\u00e1ceno letadlem.\u00a0<\/span><\/p>\n<p><span dir=\"auto\">Co je v\u0161ak p\u0159ed ve\u0159ejnost\u00ed do zna\u010dn\u00e9 m\u00edry zatajov\u00e1no, je odpov\u011b\u010f na jednoduchou ot\u00e1zku: Kter\u00e9 leteck\u00e9 spole\u010dnosti tyto deportace skute\u010dn\u011b prov\u00e1d\u011bj\u00ed?<\/span><\/p>\n<p><span dir=\"auto\">N\u011bmeck\u00e1 vl\u00e1da odm\u00edt\u00e1 poskytnout jak\u00e9koli informace k t\u00e9to z\u00e1le\u017eitosti s odvol\u00e1n\u00edm na \u201eopr\u00e1vn\u011bn\u00e9 z\u00e1jmy d\u016fv\u011brnosti\u201c. Tato informace je dokonce klasifikov\u00e1na jako \u201eutajovan\u00e1 (VS)\u201c!<\/span><\/p>\n<p><span dir=\"auto\">Konkr\u00e9tn\u011b spolkov\u00e1 vl\u00e1da v \u00fanoru 2025 rovn\u011b\u017e uvedla: \u201ePokud v\u0161ak z\u00e1jem Parlamentu o informace sm\u011b\u0159uje ke zve\u0159ejn\u011bn\u00ed informac\u00ed, kter\u00e9 nelze zve\u0159ejnit za \u00fa\u010delem ochrany opr\u00e1vn\u011bn\u00fdch z\u00e1jm\u016f na zachov\u00e1n\u00ed d\u016fv\u011brnosti, pak je podle judikatury Spolkov\u00e9ho \u00fastavn\u00edho soudu nutn\u00e9 hledat formy \u0161\u00ed\u0159en\u00ed informac\u00ed, kter\u00e9 zohled\u0148uj\u00ed oba z\u00e1jmy (\u2026). V dan\u00e9m p\u0159\u00edpad\u011b je klasifikace n\u00e1zv\u016f leteck\u00fdch spole\u010dnost\u00ed jako utajovan\u00fdch (VS) nezbytn\u00e1 jak k ochran\u011b z\u00e1jm\u016f st\u00e1tu, tak k ochran\u011b opr\u00e1vn\u011bn\u00fdch, \u00fastavou chr\u00e1n\u011bn\u00fdch z\u00e1jm\u016f dot\u010den\u00fdch leteck\u00fdch spole\u010dnost\u00ed (\u2026). Aby bylo nicm\u00e9n\u011b dodr\u017eeno pr\u00e1vo Parlamentu na informace, byla tato \u010d\u00e1st odpov\u011bdi v souladu s \u00a7 2 odst. 2 bodem 4 obecn\u00e9ho spr\u00e1vn\u00edho na\u0159\u00edzen\u00ed Feder\u00e1ln\u00edho ministerstva vnitra a komunit o materi\u00e1ln\u00ed a organiza\u010dn\u00ed ochran\u011b utajovan\u00fdch informac\u00ed utajov\u00e1na stupn\u011bm utajen\u00ed \u201eVS \u2013 Pouze pro \u00fa\u0159edn\u00ed pot\u0159ebu\u201c\u2026\u201c<\/span><\/p>\n<h3 id=\"h-abschiebungen-zum-luxuspreis-deutschlands-teuerste-fluge\" class=\"wp-block-heading\"><span dir=\"auto\">\u201eDeportace za luxusn\u00ed cenu\u201c \u2013 Nejdra\u017e\u0161\u00ed lety v N\u011bmecku<\/span><\/h3>\n<p><span dir=\"auto\">Doprovody p\u0159i deportac\u00edch stoj\u00ed 7 444 000 eur. Abych to zopakoval: t\u00e9m\u011b\u0159 7,5 milionu eur z pen\u011bz da\u0148ov\u00fdch poplatn\u00edk\u016f!<\/span><\/p>\n<p><span dir=\"auto\">N\u00ed\u017ee uv\u00e1d\u00edme n\u011bkolik p\u0159\u00edklad\u016f celkov\u00fdch n\u00e1klad\u016f na deporta\u010dn\u00ed lety od za\u010d\u00e1tku roku 2024:<\/span><\/p>\n<ul>\n<li><span dir=\"auto\">23. ledna 2024: 3 osoby musely opustit zemi a 13 feder\u00e1ln\u00edch policist\u016f bylo vysl\u00e1no do Libanonu: 87 405 EUR.<\/span><\/li>\n<li><span dir=\"auto\">27. \u00fanora 2024: 3 osoby musely opustit zemi a 16 feder\u00e1ln\u00edch policist\u016f se vydalo do Egypta: 88 070 EUR.<\/span><\/li>\n<li><span dir=\"auto\">27. \u00fanora 2024: 9 osob muselo opustit zemi a 37 feder\u00e1ln\u00edch policist\u016f se vydalo do Demokratick\u00e9 republiky Kongo: 299 580 EUR.<\/span><\/li>\n<li><span dir=\"auto\">5. b\u0159ezna 2024: 34 osob muselo opustit zemi a 82 feder\u00e1ln\u00edch policist\u016f bylo vysl\u00e1no do P\u00e1kist\u00e1nu: 485 110 EUR.<\/span><\/li>\n<li><span dir=\"auto\">12. b\u0159ezna 2024: 15 osob mus\u00ed odej\u00edt do Nig\u00e9rie, 13 do Ghany a 101 feder\u00e1ln\u00edch policist\u016f: 350 100 EUR.<\/span><\/li>\n<\/ul>\n<p><span dir=\"auto\">Tyto \u201eluxusn\u00ed lety\u201c\u00a0<\/span><em><span dir=\"auto\">,<\/span><\/em><span dir=\"auto\"> kter\u00e9 \u010dasto p\u0159epravuj\u00ed v\u00edce policist\u016f ne\u017e lid\u00ed, kte\u0159\u00ed mus\u00ed opustit zemi, jsou nakonec hrazeny n\u011bmeck\u00fdmi da\u0148ov\u00fdmi poplatn\u00edky \u2013 a\u0165 u\u017e cht\u011bj\u00ed, nebo ne.<\/span><\/p>\n<h3 id=\"h-drehtur-effekt-abgeschoben-zuruckgekehrt-erneut-versorgt\" class=\"wp-block-heading\"><span dir=\"auto\">\u201eEfekt ot\u00e1\u010div\u00fdch dve\u0159\u00ed\u201c \u2013 deportov\u00e1n, vr\u00e1cen, znovu ope\u010dov\u00e1v\u00e1n<\/span><\/h3>\n<p><span dir=\"auto\">Je\u0161t\u011b problemati\u010dt\u011bj\u0161\u00ed a politiky zatajovan\u00e9: Mnoho z deportovan\u00fdch se prost\u011b vrac\u00ed!<\/span><\/p>\n<p><span dir=\"auto\">V \u00fanoru 2025 informoval den\u00edk ARD Tagesschau o takov\u00e9m p\u0159\u00edkladu v r\u00e1mci dublinsk\u00e9ho \u0159\u00edzen\u00ed, \u010d\u00edm\u017e uk\u00e1zal, jak neefektivn\u00ed tento syst\u00e9m \u010dasto je.<\/span><\/p>\n<p><span dir=\"auto\">Podle zpr\u00e1vy byli 18. prosince 2024 v \u00favodn\u00edm p\u0159ij\u00edmac\u00edm st\u0159edisku pro uprchl\u00edky ve W\u00fcnsdorfu zat\u010deni \u010dty\u0159i Ke\u0148an\u00e9 a v r\u00e1mci dublinsk\u00e9ho \u0159\u00edzen\u00ed p\u0159es Doln\u00ed Sasko p\u0159ed\u00e1ni nizozemsk\u00fdm \u00fa\u0159ad\u016fm. Jejich \u017e\u00e1dosti o azyl m\u011bly b\u00fdt vy\u0159\u00edzeny tam. Do t\u00e9 doby se mohli voln\u011b pohybovat.<\/span><\/p>\n<p><span dir=\"auto\">Propracovan\u00fd postup se v\u0161ak uk\u00e1zal jako ne\u00fa\u010dinn\u00fd: Jeden z mu\u017e\u016f se vr\u00e1til do W\u00fcnsdorfu hned n\u00e1sleduj\u00edc\u00ed den, dokonce rychleji ne\u017e repatria\u010dn\u00ed t\u00fdm braniborsk\u00fdch imigra\u010dn\u00edch \u00fa\u0159ad\u016f. Dal\u0161\u00ed dva mu\u017ei se tak\u00e9 znovu objevili v N\u011bmecku za\u010d\u00e1tkem ledna 2025 a op\u011bt se jim dostalo ubytov\u00e1n\u00ed a podpory \u2013 navzdory jejich ofici\u00e1ln\u00ed \u201edeportaci\u201c do Nizozemska.<\/span><\/p>\n<p><span dir=\"auto\">Tento p\u0159\u00edklad ukazuje, \u017ee takov\u00e9 deportace jsou n\u011bkdy pracn\u00e9, drah\u00e9 \u2013 a prakticky ne\u00fa\u010dinn\u00e9.<\/span><\/p>\n<h3 id=\"h-widerstand-dokumentenchaos-fluchten-warum-ruckfuhrungen-scheitern\" class=\"wp-block-heading\"><span dir=\"auto\">\u201eOdpor, chaos s dokumenty, \u00fat\u011bky\u201c \u2013 Pro\u010d deportace selh\u00e1vaj\u00ed<\/span><\/h3>\n<p><span dir=\"auto\">V roce 2024 selhalo 32 567 deportac\u00ed p\u0159ed p\u0159ed\u00e1n\u00edm feder\u00e1ln\u00ed policii, v\u010detn\u011b 9 834 p\u0159evoz\u016f v r\u00e1mci Dublinu, z d\u016fvod\u016f, jako nap\u0159\u00edklad:<\/span><\/p>\n<ul>\n<li><span dir=\"auto\">Odm\u00edtnut\u00ed p\u0159evzet\u00ed feder\u00e1ln\u00ed polici\u00ed,<\/span><\/li>\n<li><span dir=\"auto\">aktivn\u00ed odpor\u00a0<\/span><\/li>\n<li><span dir=\"auto\">zdravotn\u00edch d\u016fvod\u016f,\u00a0<\/span><\/li>\n<li><span dir=\"auto\">Odm\u00edtnut\u00ed p\u0159epravy pilotem,\u00a0<\/span><\/li>\n<li><span dir=\"auto\">chyb\u011bj\u00edc\u00ed povolen\u00ed k tranzitu,\u00a0<\/span><\/li>\n<li><span dir=\"auto\">chyb\u011bj\u00edc\u00ed m\u00edsto n\u00e1vratu,<\/span><\/li>\n<li><span dir=\"auto\">chyb\u011bj\u00edc\u00ed nebo neplatn\u00fd cestovn\u00ed doklad,<\/span><\/li>\n<li><span dir=\"auto\">\u00dat\u011bk nebo pokus o \u00fat\u011bk<\/span><\/li>\n<li><span dir=\"auto\">pasivn\u00ed odpor,<\/span><\/li>\n<li><span dir=\"auto\">Pr\u00e1vn\u00ed prost\u0159edky n\u00e1pravy,<\/span><\/li>\n<li><span dir=\"auto\">Selh\u00e1n\u00ed b\u011bhem p\u0159epravy,\u00a0<\/span><\/li>\n<li><span dir=\"auto\">Sebepo\u0161kozov\u00e1n\u00ed nebo pokus o sebepo\u0161kozov\u00e1n\u00ed\u00a0<\/span><\/li>\n<li><span dir=\"auto\">Sebevra\u017eda nebo pokus o sebevra\u017edu,<\/span><\/li>\n<li><span dir=\"auto\">Odm\u00edtnut\u00ed p\u0159ijmout p\u0159epravu st\u00e1tn\u00edm doprovodn\u00fdm person\u00e1lem,<\/span><\/li>\n<li><span dir=\"auto\">Odm\u00edtnut\u00ed p\u0159evzet\u00ed z\u00e1silky v zemi ur\u010den\u00ed.<\/span><\/li>\n<\/ul>\n<p><span dir=\"auto\">Mimochodem, v roce 2024 dobrovoln\u011b opustilo zemi 10 225 osob (k 16. lednu 2025) s finan\u010dn\u00ed podporou prost\u0159ednictv\u00edm feder\u00e1ln\u011b-zemsk\u00e9ho programu REAG (Reintegra\u010dn\u00ed a emigra\u010dn\u00ed program pro \u017eadatele o azyl v N\u011bmecku)\/GARP (Vl\u00e1dn\u00ed program asistovan\u00e9 repatriace).\u00a0<\/span><\/p>\n<h3 id=\"h-mord-und-totschlag-ohne-aufenthaltsstatus-die-verschwiegenen-zahlen\" class=\"wp-block-heading\"><span dir=\"auto\">\u201eVra\u017eda a zabit\u00ed bez povolen\u00ed k pobytu\u201c \u2013 Utajovan\u00e9 postavy<\/span><\/h3>\n<p><span dir=\"auto\">Nejv\u011bt\u0161\u00edm tabu ohledn\u011b migrant\u016f, kte\u0159\u00ed mus\u00ed opustit zemi, je v\u0161ak skute\u010dnost, \u017ee n\u011bkte\u0159\u00ed z nich jsou obvin\u011bni z vra\u017edy a zabit\u00ed.<\/span><\/p>\n<p><span dir=\"auto\">V lo\u0148sk\u00e9m roce bylo ze sp\u00e1ch\u00e1n\u00ed vra\u017edy podez\u0159el\u00fdch 3 895 osob. 1 490 podez\u0159el\u00fdch \u2013 t\u00e9m\u011b\u0159 40 procent \u2013 \u200b\u200bbyli cizinci, p\u0159esto\u017ee tvo\u0159\u00ed pouze asi 15 procent populace.<\/span><\/p>\n<p><span dir=\"auto\">Obzvl\u00e1\u0161t\u011b alarmuj\u00edc\u00ed je, \u017ee 130 z t\u011bchto podez\u0159el\u00fdch cizinc\u016f nem\u011blo pravideln\u00fd pobyt. Z nich:<\/span><\/p>\n<ul>\n<li><span dir=\"auto\">96 osob s\u00a0<\/span><em><span dir=\"auto\">tolerovan\u00fdm pobytem<\/span><\/em><\/li>\n<li><span dir=\"auto\">34 lid\u00ed, kte\u0159\u00ed \u017eili v N\u011bmecku\u00a0<\/span><em><span dir=\"auto\">neleg\u00e1ln\u011b<\/span><\/em><span dir=\"auto\">\u00a0<\/span><\/li>\n<\/ul>\n<p><span dir=\"auto\">Obvin\u011bn\u00ed jsou z\u00e1va\u017en\u00e1:<\/span><\/p>\n<ul>\n<li><span dir=\"auto\">94 p\u0159\u00edpad\u016f zabit\u00ed,<\/span><\/li>\n<li><span dir=\"auto\">32 p\u0159\u00edpad\u016f vra\u017ed,<\/span><\/li>\n<li><span dir=\"auto\">4 p\u0159\u00edpady zabit\u00ed z nedbalosti.<\/span><\/li>\n<\/ul>\n<p><span dir=\"auto\">Tato \u010d\u00edsla jasn\u011b ukazuj\u00ed, \u017ee v\u00fdznamnou \u010d\u00e1st z\u00e1va\u017en\u00e9 n\u00e1siln\u00e9 trestn\u00e9 \u010dinnosti p\u00e1chaj\u00ed lid\u00e9, kte\u0159\u00ed by v N\u011bmecku u\u017e ani nem\u011bli b\u00fdt.<\/span><\/p>\n<h3 id=\"h-die-ruckfuhrungs-luge-was-politiker-verschweigen-nbsp-und-zahlen-beweisen\" class=\"wp-block-heading\"><span dir=\"auto\">\u201eLe\u017e o repatriaci\u201c \u2013 Co politici skr\u00fdvaj\u00ed a co dokazuj\u00ed \u010d\u00edsla<\/span><\/h3>\n<p><span dir=\"auto\">Jak jsem uk\u00e1zal, n\u011bmeck\u00e9 statistiky deportac\u00ed byly v\u0161\u00edm, jen ne p\u016fsobiv\u00e9! Pohled do z\u00e1kulis\u00ed odhaluje syst\u00e9m, kter\u00fd je struktur\u00e1ln\u011b zahlcen\u00fd, politicky blokovan\u00fd a do zna\u010dn\u00e9 m\u00edry neefektivn\u00ed.<\/span><\/p>\n<p><span dir=\"auto\">P\u0159esto\u017ee N\u011bmecko mus\u00ed opustit zemi p\u0159es 220 000 lid\u00ed, dok\u00e1\u017ee ka\u017ed\u00fd rok deportovat jen nepatrn\u00fd zlomek z nich. A ka\u017ed\u00fd z t\u011bchto p\u0159\u00edpad\u016f zat\u011b\u017euje obrovsk\u00e9 policejn\u00ed zdroje, spot\u0159ebov\u00e1v\u00e1 obrovsk\u00e9 \u010d\u00e1stky pen\u011bz da\u0148ov\u00fdch poplatn\u00edk\u016f a \u010dasto kon\u010d\u00ed t\u00edm, \u017ee se jednotlivci kr\u00e1tce pot\u00e9 vr\u00e1t\u00ed.<\/span><\/p>\n<p><span dir=\"auto\">Krom\u011b toho je tu z hlediska bezpe\u010dnostn\u00ed politiky nejkriti\u010dt\u011bj\u0161\u00ed aspekt: \u200b\u200bPodez\u0159el\u00ed ze z\u00e1va\u017en\u00fdch n\u00e1siln\u00fdch trestn\u00fdch \u010din\u016f, n\u011bkte\u0159\u00ed bez pr\u00e1vn\u00edho statusu, z\u016fst\u00e1vaj\u00ed v zemi ne kv\u016fli chyb\u011bj\u00edc\u00edm z\u00e1kon\u016fm, ale kv\u016fli syst\u00e9mu, kter\u00fd v kl\u00ed\u010dov\u00e9m okam\u017eiku selh\u00e1v\u00e1.<\/span><\/p>\n<p><span dir=\"auto\">\u010c\u00edsla jasn\u011b ukazuj\u00ed: Repatriace v N\u011bmecku je drah\u00e1, neefektivn\u00ed \u2013 a \u010dasto ani nechr\u00e1n\u00ed obyvatelstvo p\u0159ed nebezpe\u010dn\u00fdmi zlo\u010dinci.<\/span><\/p>\n<p><span dir=\"auto\">Ka\u017ed\u00fd, kdo mluv\u00ed o azylov\u00e9 politice, u\u017e nem\u016f\u017ee tuto realitu ignorovat \u2013 bez ohledu na to, jak moc se politici sna\u017e\u00ed toto vysoce v\u00fdbu\u0161n\u00e9 dilema bagatelizovat!<\/span><\/p>\n<p><em><a href=\"https:\/\/report24.news\/abschiebungen-scheitern-moerder-bleiben-das-verschwiegene-risiko-der-deutschen-asylpolitik\/\"><strong><span dir=\"auto\">Guido Grandt<\/span><\/strong><\/a><span dir=\"auto\">\u00a0\u00a0(* 1963) je investigativn\u00ed novin\u00e1\u0159, publicista, televizn\u00ed redaktor a nez\u00e1visl\u00fd producent. Jeho pr\u00e1ce se zam\u011b\u0159uje na v\u00fdzkum organizovan\u00e9ho zlo\u010dinu, tajn\u00fdch spole\u010dnost\u00ed a citliv\u00fdch t\u00e9mat v politice, ekonomice, financ\u00edch, arm\u00e1d\u011b a bezpe\u010dnosti. V\u011bnuje se tak\u00e9 odhalov\u00e1n\u00ed skryt\u00fdch nebo tabuizovan\u00fdch aspekt\u016f soudob\u00fdch historick\u00fdch ud\u00e1lost\u00ed. Guido Grandt vydal p\u0159es 40 knih literatury faktu a napsal p\u0159ibli\u017en\u011b 6 000 \u010dl\u00e1nk\u016f.\u00a0<\/span><\/em><\/p>\n<h4><span dir=\"auto\">Zdroje:<\/span><\/h4>\n<ul>\n<li><a href=\"https:\/\/www.asyl.net\/themen\/sozialrecht\/sozialleistungen\/asylsuchende-geduldete-und-ausreisepflichtige-personen\"><span dir=\"auto\">https:\/\/www.asyl.net\/themen\/sozialrecht\/sozialleistungen\/asylsuchende-geduldete-und-ausreisepflichtige-personen<\/span><\/a><\/li>\n<li><a href=\"https:\/\/jungefreiheit.de\/politik\/deutschland\/2025\/so-viele-ausreisepflichtige-auslaender-sind-mordverdaechtige\/?utm_source=LZM+Newsletter&amp;utm_medium=email&amp;utm_campaign=Nachrichten+des+Tages+-+05.11.2025&amp;utm_content=Mailing_15195386\"><span dir=\"auto\">https:\/\/jungefreiheit.de\/politik\/deutschland\/2025\/so-viele-ausreisepflichtige-auslaender-sind-mordverdaechtige\/?utm_source=LZM+Newsletter&amp;utm_medium=email&amp;utm_campaign=Nachrichten+des+Tages+-+05.11.2025&amp;utm_content=Mailing_15195386<\/span><\/a><\/li>\n<li><a href=\"https:\/\/www.bpb.de\/themen\/migration-integration\/zahlen-zu-asyl\/265765\/abschiebungen-in-deutschland\/#node-content-title-0\"><span dir=\"auto\">https:\/\/www.bpb.de\/themen\/migration-integration\/zahlen-zu-asyl\/265765\/abschiebungen-in-deutschland\/#node-content-title-0<\/span><\/a><\/li>\n<li><a href=\"https:\/\/www.tagesschau.de\/inland\/abschiebungen-ausreisen-probleme-100.html\"><span dir=\"auto\">https:\/\/www.tagesschau.de\/inland\/abschiebungen-ausreisen-probleme-100.html<\/span><\/a><\/li>\n<li><a href=\"https:\/\/dserver.bundestag.de\/btd\/20\/149\/2014946.pdf\"><span dir=\"auto\">https:\/\/dserver.bundestag.de\/btd\/20\/149\/2014946.pdf<\/span><\/a><\/li>\n<li><a href=\"https:\/\/www.bpb.de\/themen\/migration-integration\/zahlen-zu-asyl\/265765\/abschiebungen-in-deutschland\"><span dir=\"auto\">https:\/\/www.bpb.de\/themen\/migration-integration\/zahlen-zu-asyl\/265765\/abschiebungen-in-deutschland<\/span><\/a><\/li>\n<\/ul>\n<p>&nbsp;<\/p>\n","protected":false},"excerpt":{"rendered":"<p>N\u011bmecko m\u00e1 nyn\u00ed v\u00edce ne\u017e 220 000 lid\u00ed, kte\u0159\u00ed jsou ze z\u00e1kona povinni opustit zemi&#8230;<\/p>\n","protected":false},"author":2,"featured_media":95513,"comment_status":"closed","ping_status":"closed","sticky":false,"template":"","format":"standard","meta":[],"categories":[7],"tags":[1042,119,369,84,2283],"_links":{"self":[{"href":"https:\/\/www.infokuryr.cz\/n\/wp-json\/wp\/v2\/posts\/95512"}],"collection":[{"href":"https:\/\/www.infokuryr.cz\/n\/wp-json\/wp\/v2\/posts"}],"about":[{"href":"https:\/\/www.infokuryr.cz\/n\/wp-json\/wp\/v2\/types\/post"}],"author":[{"embeddable":true,"href":"https:\/\/www.infokuryr.cz\/n\/wp-json\/wp\/v2\/users\/2"}],"replies":[{"embeddable":true,"href":"https:\/\/www.infokuryr.cz\/n\/wp-json\/wp\/v2\/comments?post=95512"}],"version-history":[{"count":0,"href":"https:\/\/www.infokuryr.cz\/n\/wp-json\/wp\/v2\/posts\/95512\/revisions"}],"wp:featuredmedia":[{"embeddable":true,"href":"https:\/\/www.infokuryr.cz\/n\/wp-json\/wp\/v2\/media\/95513"}],"wp:attachment":[{"href":"https:\/\/www.infokuryr.cz\/n\/wp-json\/wp\/v2\/media?parent=95512"}],"wp:term":[{"taxonomy":"category","embeddable":true,"href":"https:\/\/www.infokuryr.cz\/n\/wp-json\/wp\/v2\/categories?post=95512"},{"taxonomy":"post_tag","embeddable":true,"href":"https:\/\/www.infokuryr.cz\/n\/wp-json\/wp\/v2\/tags?post=95512"}],"curies":[{"name":"wp","href":"https:\/\/api.w.org\/{rel}","templated":true}]}}