{"id":95506,"date":"2025-12-28T00:13:06","date_gmt":"2025-12-27T23:13:06","guid":{"rendered":"https:\/\/www.infokuryr.cz\/n\/?p=95506"},"modified":"2025-12-27T10:57:09","modified_gmt":"2025-12-27T09:57:09","slug":"take-v-belgii-preplnenost-veznic-kvuli-zahranicnim-zlocincum","status":"publish","type":"post","link":"https:\/\/www.infokuryr.cz\/n\/2025\/12\/28\/take-v-belgii-preplnenost-veznic-kvuli-zahranicnim-zlocincum\/","title":{"rendered":"Tak\u00e9 v Belgii: p\u0159epln\u011bnost v\u011bznic kv\u016fli zahrani\u010dn\u00edm zlo\u010dinc\u016fm"},"content":{"rendered":"<div id=\"fb-root\"><\/div>\n<p><strong><span dir=\"auto\">Zat\u00edmco vl\u00e1da ve V\u00eddni veden\u00e1 \u00d6VP chce pouze postavit nov\u00e9 v\u011bznice, v Belgii s\u00edl\u00ed tlak na deportaci zahrani\u010dn\u00edch zlo\u010dinc\u016f. I tam jsou v\u011bznice p\u0159epln\u011bn\u00e9 p\u0159edev\u0161\u00edm kv\u016fli t\u011bmto osob\u00e1m.<\/span><\/strong><\/p>\n<p><span dir=\"auto\">Belgick\u00fd v\u011bze\u0148sk\u00fd syst\u00e9m je navr\u017een pro p\u0159ibli\u017en\u011b 11 000 v\u011bz\u0148\u016f. V sou\u010dasn\u00e9 dob\u011b je v n\u011bm v\u0161ak v\u00edce ne\u017e 13 000 lid\u00ed \u2013 z nich\u017e p\u0159es 43 procent\u00a0<\/span><a href=\"https:\/\/archive.is\/Of36g\"><span dir=\"auto\">tvo\u0159\u00ed cizinci<\/span><\/a><span dir=\"auto\"> , p\u0159i\u010dem\u017e v\u011bt\u0161ina z nich (31 procent) nem\u00e1 ani povolen\u00ed k pobytu. Toto chronick\u00e9 p\u0159epln\u011bn\u00ed vedlo k situac\u00edm, kdy jsou stovky v\u011bz\u0148\u016f nuceny sp\u00e1t na podlaze.<\/span><\/p>\n<figure class=\"wp-block-embed is-type-rich is-provider-twitter wp-block-embed-twitter\">\n<div class=\"wp-block-embed__wrapper\">\n<div class=\"twitter-tweet twitter-tweet-rendered\"><iframe id=\"twitter-widget-0\" class=\"\" title=\"X P\u0159\u00edsp\u011bvek\" src=\"https:\/\/platform.twitter.com\/embed\/Tweet.html?dnt=true&amp;embedId=twitter-widget-0&amp;features=eyJ0ZndfdGltZWxpbmVfbGlzdCI6eyJidWNrZXQiOltdLCJ2ZXJzaW9uIjpudWxsfSwidGZ3X2ZvbGxvd2VyX2NvdW50X3N1bnNldCI6eyJidWNrZXQiOnRydWUsInZlcnNpb24iOm51bGx9LCJ0ZndfdHdlZXRfZWRpdF9iYWNrZW5kIjp7ImJ1Y2tldCI6Im9uIiwidmVyc2lvbiI6bnVsbH0sInRmd19yZWZzcmNfc2Vzc2lvbiI6eyJidWNrZXQiOiJvbiIsInZlcnNpb24iOm51bGx9LCJ0ZndfZm9zbnJfc29mdF9pbnRlcnZlbnRpb25zX2VuYWJsZWQiOnsiYnVja2V0Ijoib24iLCJ2ZXJzaW9uIjpudWxsfSwidGZ3X21peGVkX21lZGlhXzE1ODk3Ijp7ImJ1Y2tldCI6InRyZWF0bWVudCIsInZlcnNpb24iOm51bGx9LCJ0ZndfZXhwZXJpbWVudHNfY29va2llX2V4cGlyYXRpb24iOnsiYnVja2V0IjoxMjA5NjAwLCJ2ZXJzaW9uIjpudWxsfSwidGZ3X3Nob3dfYmlyZHdhdGNoX3Bpdm90c19lbmFibGVkIjp7ImJ1Y2tldCI6Im9uIiwidmVyc2lvbiI6bnVsbH0sInRmd19kdXBsaWNhdGVfc2NyaWJlc190b19zZXR0aW5ncyI6eyJidWNrZXQiOiJvbiIsInZlcnNpb24iOm51bGx9LCJ0ZndfdXNlX3Byb2ZpbGVfaW1hZ2Vfc2hhcGVfZW5hYmxlZCI6eyJidWNrZXQiOiJvbiIsInZlcnNpb24iOm51bGx9LCJ0ZndfdmlkZW9faGxzX2R5bmFtaWNfbWFuaWZlc3RzXzE1MDgyIjp7ImJ1Y2tldCI6InRydWVfYml0cmF0ZSIsInZlcnNpb24iOm51bGx9LCJ0ZndfbGVnYWN5X3RpbWVsaW5lX3N1bnNldCI6eyJidWNrZXQiOnRydWUsInZlcnNpb24iOm51bGx9LCJ0ZndfdHdlZXRfZWRpdF9mcm9udGVuZCI6eyJidWNrZXQiOiJvbiIsInZlcnNpb24iOm51bGx9fQ%3D%3D&amp;frame=false&amp;hideCard=false&amp;hideThread=false&amp;id=2001211821970059342&amp;lang=cs&amp;origin=https%3A%2F%2Freport24.news%2Fauch-in-belgien-gefaengnis-ueberbelegung-wegen-auslaendischer-straftaeter%2F&amp;sessionId=de56750c379c54a000de43fee63f4679292d0b0f&amp;theme=light&amp;widgetsVersion=2615f7e52b7e0%3A1702314776716&amp;width=550px\" frameborder=\"0\" scrolling=\"no\" allowfullscreen=\"allowfullscreen\" data-tweet-id=\"2001211821970059342\" data-mce-fragment=\"1\"><\/iframe><\/div>\n<\/div>\n<\/figure>\n<p><span dir=\"auto\">Pravicov\u00e1 konzervativn\u00ed strana Vlaams Belang (VB) vl\u00e1du kritizovala. Poslankyn\u011b VB Marijke Dillenov\u00e1 vyzvala premi\u00e9ra Barta De Wevera, aby se zab\u00fdval \u201eko\u0159enem probl\u00e9mu\u201c p\u0159epln\u011bnosti: \u201eZahrani\u010dn\u00ed zlo\u010dinci si mus\u00ed odpyk\u00e1vat tresty ve sv\u00e9 zemi p\u016fvodu. V\u00edce ne\u017e 40 procent v\u011bz\u0148\u016f nem\u00e1 belgick\u00e9 ob\u010danstv\u00ed a 75 procent z nich je bez doklad\u016f. To by rychle vytvo\u0159ilo dostate\u010dnou kapacitu v belgick\u00fdch v\u011bznic\u00edch.\u201c<\/span><\/p>\n<figure class=\"wp-block-embed is-type-rich is-provider-twitter wp-block-embed-twitter\">\n<div class=\"wp-block-embed__wrapper\">\n<div class=\"twitter-tweet twitter-tweet-rendered\"><iframe id=\"twitter-widget-1\" class=\"\" title=\"X P\u0159\u00edsp\u011bvek\" src=\"https:\/\/platform.twitter.com\/embed\/Tweet.html?dnt=true&amp;embedId=twitter-widget-1&amp;features=eyJ0ZndfdGltZWxpbmVfbGlzdCI6eyJidWNrZXQiOltdLCJ2ZXJzaW9uIjpudWxsfSwidGZ3X2ZvbGxvd2VyX2NvdW50X3N1bnNldCI6eyJidWNrZXQiOnRydWUsInZlcnNpb24iOm51bGx9LCJ0ZndfdHdlZXRfZWRpdF9iYWNrZW5kIjp7ImJ1Y2tldCI6Im9uIiwidmVyc2lvbiI6bnVsbH0sInRmd19yZWZzcmNfc2Vzc2lvbiI6eyJidWNrZXQiOiJvbiIsInZlcnNpb24iOm51bGx9LCJ0ZndfZm9zbnJfc29mdF9pbnRlcnZlbnRpb25zX2VuYWJsZWQiOnsiYnVja2V0Ijoib24iLCJ2ZXJzaW9uIjpudWxsfSwidGZ3X21peGVkX21lZGlhXzE1ODk3Ijp7ImJ1Y2tldCI6InRyZWF0bWVudCIsInZlcnNpb24iOm51bGx9LCJ0ZndfZXhwZXJpbWVudHNfY29va2llX2V4cGlyYXRpb24iOnsiYnVja2V0IjoxMjA5NjAwLCJ2ZXJzaW9uIjpudWxsfSwidGZ3X3Nob3dfYmlyZHdhdGNoX3Bpdm90c19lbmFibGVkIjp7ImJ1Y2tldCI6Im9uIiwidmVyc2lvbiI6bnVsbH0sInRmd19kdXBsaWNhdGVfc2NyaWJlc190b19zZXR0aW5ncyI6eyJidWNrZXQiOiJvbiIsInZlcnNpb24iOm51bGx9LCJ0ZndfdXNlX3Byb2ZpbGVfaW1hZ2Vfc2hhcGVfZW5hYmxlZCI6eyJidWNrZXQiOiJvbiIsInZlcnNpb24iOm51bGx9LCJ0ZndfdmlkZW9faGxzX2R5bmFtaWNfbWFuaWZlc3RzXzE1MDgyIjp7ImJ1Y2tldCI6InRydWVfYml0cmF0ZSIsInZlcnNpb24iOm51bGx9LCJ0ZndfbGVnYWN5X3RpbWVsaW5lX3N1bnNldCI6eyJidWNrZXQiOnRydWUsInZlcnNpb24iOm51bGx9LCJ0ZndfdHdlZXRfZWRpdF9mcm9udGVuZCI6eyJidWNrZXQiOiJvbiIsInZlcnNpb24iOm51bGx9fQ%3D%3D&amp;frame=false&amp;hideCard=false&amp;hideThread=false&amp;id=1936971788388630627&amp;lang=cs&amp;origin=https%3A%2F%2Freport24.news%2Fauch-in-belgien-gefaengnis-ueberbelegung-wegen-auslaendischer-straftaeter%2F&amp;sessionId=de56750c379c54a000de43fee63f4679292d0b0f&amp;theme=light&amp;widgetsVersion=2615f7e52b7e0%3A1702314776716&amp;width=550px\" frameborder=\"0\" scrolling=\"no\" allowfullscreen=\"allowfullscreen\" data-tweet-id=\"1936971788388630627\" data-mce-fragment=\"1\"><\/iframe><\/div>\n<\/div>\n<\/figure>\n<p><span dir=\"auto\">Belgie, kter\u00e1 stejn\u011b jako mnoho dal\u0161\u00edch z\u00e1padoevropsk\u00fdch zem\u00ed trp\u00ed buj\u00edc\u00ed zahrani\u010dn\u00ed kriminalitou, se st\u011b\u017e\u00ed vyhne p\u0159ijet\u00ed vhodn\u00fdch opat\u0159en\u00ed. Bez d\u016fsledn\u00e9 deportace zahrani\u010dn\u00edch zlo\u010dinc\u016f se v\u011bze\u0148sk\u00fd syst\u00e9m postupn\u011b zhrout\u00ed. Rakousk\u00e1 \u00d6mpelova vl\u00e1da proto ji\u017e pl\u00e1nuje\u00a0<\/span><a href=\"https:\/\/report24.news\/dank-kriminellen-import-sind-oesterreichs-gefaengnisse-ueberfuellt\/\"><span dir=\"auto\">v\u00fdstavbu nov\u00fdch v\u011bznic<\/span><\/a><span dir=\"auto\">\u00a0a podobn\u00e1 opat\u0159en\u00ed zva\u017euj\u00ed i \u200b\u200bdal\u0161\u00ed zem\u011b, proto\u017ee p\u0159\u00edliv zlo\u010dinc\u016f zp\u016fsobil, \u017ee v\u011bznice praskaj\u00ed ve \u0161vech.<\/span><\/p>\n<p><img decoding=\"async\" loading=\"lazy\" class=\"alignnone size-full wp-image-1185\" src=\"http:\/\/www.infokuryr.cz\/n\/wp-content\/uploads\/2021\/04\/kuryr-podpis.png\" alt=\"\" width=\"84\" height=\"24\" \/><\/p>\n<p>&nbsp;<\/p>\n","protected":false},"excerpt":{"rendered":"<p>Zat\u00edmco vl\u00e1da ve V\u00eddni veden\u00e1 \u00d6VP chce pouze postavit nov\u00e9 v\u011bznice, v Belgii s\u00edl\u00ed tlak&#8230;<\/p>\n","protected":false},"author":2,"featured_media":95507,"comment_status":"closed","ping_status":"closed","sticky":false,"template":"","format":"standard","meta":[],"categories":[7],"tags":[261,119,369,1598],"_links":{"self":[{"href":"https:\/\/www.infokuryr.cz\/n\/wp-json\/wp\/v2\/posts\/95506"}],"collection":[{"href":"https:\/\/www.infokuryr.cz\/n\/wp-json\/wp\/v2\/posts"}],"about":[{"href":"https:\/\/www.infokuryr.cz\/n\/wp-json\/wp\/v2\/types\/post"}],"author":[{"embeddable":true,"href":"https:\/\/www.infokuryr.cz\/n\/wp-json\/wp\/v2\/users\/2"}],"replies":[{"embeddable":true,"href":"https:\/\/www.infokuryr.cz\/n\/wp-json\/wp\/v2\/comments?post=95506"}],"version-history":[{"count":0,"href":"https:\/\/www.infokuryr.cz\/n\/wp-json\/wp\/v2\/posts\/95506\/revisions"}],"wp:featuredmedia":[{"embeddable":true,"href":"https:\/\/www.infokuryr.cz\/n\/wp-json\/wp\/v2\/media\/95507"}],"wp:attachment":[{"href":"https:\/\/www.infokuryr.cz\/n\/wp-json\/wp\/v2\/media?parent=95506"}],"wp:term":[{"taxonomy":"category","embeddable":true,"href":"https:\/\/www.infokuryr.cz\/n\/wp-json\/wp\/v2\/categories?post=95506"},{"taxonomy":"post_tag","embeddable":true,"href":"https:\/\/www.infokuryr.cz\/n\/wp-json\/wp\/v2\/tags?post=95506"}],"curies":[{"name":"wp","href":"https:\/\/api.w.org\/{rel}","templated":true}]}}