{"id":95504,"date":"2025-12-28T00:12:17","date_gmt":"2025-12-27T23:12:17","guid":{"rendered":"https:\/\/www.infokuryr.cz\/n\/?p=95504"},"modified":"2025-12-27T10:54:49","modified_gmt":"2025-12-27T09:54:49","slug":"indonesie-muslimove-krestanum-odepiraji-pristup-do-kostela","status":"publish","type":"post","link":"https:\/\/www.infokuryr.cz\/n\/2025\/12\/28\/indonesie-muslimove-krestanum-odepiraji-pristup-do-kostela\/","title":{"rendered":"Indon\u00e9sie: Muslimov\u00e9 k\u0159es\u0165an\u016fm odep\u00edraj\u00ed p\u0159\u00edstup do kostela"},"content":{"rendered":"<div id=\"fb-root\"><\/div>\n<p><strong><span dir=\"auto\">Indon\u00e9sie se r\u00e1da prezentuje jako vzor \u201eum\u00edrn\u011bn\u00e9ho\u201c isl\u00e1mu. K\u0159es\u0165ansk\u00e9 men\u0161in\u011b v zemi jsou v\u0161ak opakovan\u011b up\u00edr\u00e1na jej\u00ed z\u00e1kladn\u00ed n\u00e1bo\u017eensk\u00e1 pr\u00e1va. Ned\u00e1vno se tak stalo i v Z\u00e1padn\u00ed J\u00e1v\u011b.<\/span><\/strong><\/p>\n<p><span dir=\"auto\">Indon\u00e9sie je \u010dasto vykreslov\u00e1na jako um\u00edrn\u011bn\u00e1, tolerantn\u00ed, p\u0159ev\u00e1\u017en\u011b muslimsk\u00e1 zem\u011b. \u00datoky na k\u0159es\u0165ansk\u00e9 komunity se tam v\u0161ak dostavuj\u00ed opakovan\u011b. Sn\u00edmky ze Z\u00e1padn\u00ed J\u00e1vy odhaluj\u00ed realitu, kter\u00e1 ost\u0159e st\u0159et\u00e1v\u00e1 s p\u0159evl\u00e1daj\u00edc\u00edm ve\u0159ejn\u00fdm obrazem: 14. prosince cht\u011bla skupina k\u0159es\u0165an\u016f j\u00edt do kostela a oslavit advent \u2013 \u200b\u200ba zastavil ji lidsk\u00fd \u0159et\u011bz muslim\u016f, zat\u00edmco policie jen p\u0159ihl\u00ed\u017eela a nic ned\u011blala.<\/span><\/p>\n<p><span dir=\"auto\">Podle serveru Morning Star News muslimov\u00e9 \u2013 n\u011bkte\u0159\u00ed z nich poch\u00e1zeli z okol\u00ed vesnice Jayasampurna \u2013 zablokovali shrom\u00e1\u017ed\u011bn\u00ed protestantsk\u00e9 c\u00edrkve Huria Kristen Batak (HKBP). Nejednalo se ani o po\u0159\u00e1dn\u00fd kostel, ale o jednoduchou modlitebnu pobl\u00ed\u017e bytov\u00e9ho komplexu Green Cikarang. Des\u00edtky mu\u017e\u016f a \u017een se dr\u017eely za ruce, k\u0159i\u010dely \u201eAll\u00e1hu Akbar\u201c a celou pod\u00edvanou prokl\u00e1daly otev\u0159en\u00e9 protik\u0159es\u0165ansk\u00e9 posm\u011b\u0161ky.<\/span><\/p>\n<figure class=\"wp-block-embed is-type-rich is-provider-twitter wp-block-embed-twitter\">\n<div class=\"wp-block-embed__wrapper\">\n<div class=\"twitter-tweet twitter-tweet-rendered\"><iframe id=\"twitter-widget-0\" class=\"\" title=\"X P\u0159\u00edsp\u011bvek\" src=\"https:\/\/platform.twitter.com\/embed\/Tweet.html?dnt=true&amp;embedId=twitter-widget-0&amp;features=eyJ0ZndfdGltZWxpbmVfbGlzdCI6eyJidWNrZXQiOltdLCJ2ZXJzaW9uIjpudWxsfSwidGZ3X2ZvbGxvd2VyX2NvdW50X3N1bnNldCI6eyJidWNrZXQiOnRydWUsInZlcnNpb24iOm51bGx9LCJ0ZndfdHdlZXRfZWRpdF9iYWNrZW5kIjp7ImJ1Y2tldCI6Im9uIiwidmVyc2lvbiI6bnVsbH0sInRmd19yZWZzcmNfc2Vzc2lvbiI6eyJidWNrZXQiOiJvbiIsInZlcnNpb24iOm51bGx9LCJ0ZndfZm9zbnJfc29mdF9pbnRlcnZlbnRpb25zX2VuYWJsZWQiOnsiYnVja2V0Ijoib24iLCJ2ZXJzaW9uIjpudWxsfSwidGZ3X21peGVkX21lZGlhXzE1ODk3Ijp7ImJ1Y2tldCI6InRyZWF0bWVudCIsInZlcnNpb24iOm51bGx9LCJ0ZndfZXhwZXJpbWVudHNfY29va2llX2V4cGlyYXRpb24iOnsiYnVja2V0IjoxMjA5NjAwLCJ2ZXJzaW9uIjpudWxsfSwidGZ3X3Nob3dfYmlyZHdhdGNoX3Bpdm90c19lbmFibGVkIjp7ImJ1Y2tldCI6Im9uIiwidmVyc2lvbiI6bnVsbH0sInRmd19kdXBsaWNhdGVfc2NyaWJlc190b19zZXR0aW5ncyI6eyJidWNrZXQiOiJvbiIsInZlcnNpb24iOm51bGx9LCJ0ZndfdXNlX3Byb2ZpbGVfaW1hZ2Vfc2hhcGVfZW5hYmxlZCI6eyJidWNrZXQiOiJvbiIsInZlcnNpb24iOm51bGx9LCJ0ZndfdmlkZW9faGxzX2R5bmFtaWNfbWFuaWZlc3RzXzE1MDgyIjp7ImJ1Y2tldCI6InRydWVfYml0cmF0ZSIsInZlcnNpb24iOm51bGx9LCJ0ZndfbGVnYWN5X3RpbWVsaW5lX3N1bnNldCI6eyJidWNrZXQiOnRydWUsInZlcnNpb24iOm51bGx9LCJ0ZndfdHdlZXRfZWRpdF9mcm9udGVuZCI6eyJidWNrZXQiOiJvbiIsInZlcnNpb24iOm51bGx9fQ%3D%3D&amp;frame=false&amp;hideCard=false&amp;hideThread=false&amp;id=2003669849722290181&amp;lang=cs&amp;origin=https%3A%2F%2Freport24.news%2Findonesien-moslems-verwehren-christen-zugang-zur-kirche%2F&amp;sessionId=af6975667315be37a31bf3396082f46d77fe27ff&amp;theme=light&amp;widgetsVersion=2615f7e52b7e0%3A1702314776716&amp;width=550px\" frameborder=\"0\" scrolling=\"no\" allowfullscreen=\"allowfullscreen\" data-tweet-id=\"2003669849722290181\" data-mce-fragment=\"1\"><\/iframe><\/div>\n<\/div>\n<\/figure>\n<p><span dir=\"auto\">A v tomto bod\u011b stoj\u00ed za to se zam\u011b\u0159it na obvyklou p\u0159ekladatelskou fra\u0161ku: Mainstreamov\u00e1 m\u00e9dia reflexivn\u011b recituj\u00ed \u201eB\u016fh je velk\u00fd\u201c nebo \u201eB\u016fh je nejv\u011bt\u0161\u00ed\u201c. Zn\u00ed to ne\u0161kodn\u011b, t\u00e9m\u011b\u0159 ekumenicky. Ale tato fr\u00e1ze ve skute\u010dnosti znamen\u00e1: \u201eAll\u00e1h je v\u011bt\u0161\u00ed\u201c \u2013 v\u011bt\u0161\u00ed ne\u017e v\u00e1\u0161 B\u016fh, va\u0161e n\u00e1bo\u017eenstv\u00ed, va\u0161e pr\u00e1vo na existenci. Triumf\u00e1ln\u00ed v\u00fdk\u0159ik \u00fadajn\u00e9 nad\u0159azenosti. V Z\u00e1padn\u00ed J\u00e1v\u011b bylo poselstv\u00ed jasn\u00e9: Isl\u00e1msk\u00fd B\u016fh porazil k\u0159es\u0165anstv\u00ed, proto je legitimn\u00ed blokovat k\u0159es\u0165an\u016fm cestu a up\u00edrat jim pr\u00e1vo praktikovat jejich n\u00e1bo\u017eenstv\u00ed.<\/span><\/p>\n<figure class=\"wp-block-embed is-type-rich is-provider-twitter wp-block-embed-twitter\">\n<div class=\"wp-block-embed__wrapper\">\n<div class=\"twitter-tweet twitter-tweet-rendered\"><iframe id=\"twitter-widget-1\" class=\"\" title=\"X P\u0159\u00edsp\u011bvek\" src=\"https:\/\/platform.twitter.com\/embed\/Tweet.html?dnt=true&amp;embedId=twitter-widget-1&amp;features=eyJ0ZndfdGltZWxpbmVfbGlzdCI6eyJidWNrZXQiOltdLCJ2ZXJzaW9uIjpudWxsfSwidGZ3X2ZvbGxvd2VyX2NvdW50X3N1bnNldCI6eyJidWNrZXQiOnRydWUsInZlcnNpb24iOm51bGx9LCJ0ZndfdHdlZXRfZWRpdF9iYWNrZW5kIjp7ImJ1Y2tldCI6Im9uIiwidmVyc2lvbiI6bnVsbH0sInRmd19yZWZzcmNfc2Vzc2lvbiI6eyJidWNrZXQiOiJvbiIsInZlcnNpb24iOm51bGx9LCJ0ZndfZm9zbnJfc29mdF9pbnRlcnZlbnRpb25zX2VuYWJsZWQiOnsiYnVja2V0Ijoib24iLCJ2ZXJzaW9uIjpudWxsfSwidGZ3X21peGVkX21lZGlhXzE1ODk3Ijp7ImJ1Y2tldCI6InRyZWF0bWVudCIsInZlcnNpb24iOm51bGx9LCJ0ZndfZXhwZXJpbWVudHNfY29va2llX2V4cGlyYXRpb24iOnsiYnVja2V0IjoxMjA5NjAwLCJ2ZXJzaW9uIjpudWxsfSwidGZ3X3Nob3dfYmlyZHdhdGNoX3Bpdm90c19lbmFibGVkIjp7ImJ1Y2tldCI6Im9uIiwidmVyc2lvbiI6bnVsbH0sInRmd19kdXBsaWNhdGVfc2NyaWJlc190b19zZXR0aW5ncyI6eyJidWNrZXQiOiJvbiIsInZlcnNpb24iOm51bGx9LCJ0ZndfdXNlX3Byb2ZpbGVfaW1hZ2Vfc2hhcGVfZW5hYmxlZCI6eyJidWNrZXQiOiJvbiIsInZlcnNpb24iOm51bGx9LCJ0ZndfdmlkZW9faGxzX2R5bmFtaWNfbWFuaWZlc3RzXzE1MDgyIjp7ImJ1Y2tldCI6InRydWVfYml0cmF0ZSIsInZlcnNpb24iOm51bGx9LCJ0ZndfbGVnYWN5X3RpbWVsaW5lX3N1bnNldCI6eyJidWNrZXQiOnRydWUsInZlcnNpb24iOm51bGx9LCJ0ZndfdHdlZXRfZWRpdF9mcm9udGVuZCI6eyJidWNrZXQiOiJvbiIsInZlcnNpb24iOm51bGx9fQ%3D%3D&amp;frame=false&amp;hideCard=false&amp;hideThread=false&amp;id=1946947555251622322&amp;lang=cs&amp;origin=https%3A%2F%2Freport24.news%2Findonesien-moslems-verwehren-christen-zugang-zur-kirche%2F&amp;sessionId=af6975667315be37a31bf3396082f46d77fe27ff&amp;theme=light&amp;widgetsVersion=2615f7e52b7e0%3A1702314776716&amp;width=550px\" frameborder=\"0\" scrolling=\"no\" allowfullscreen=\"allowfullscreen\" data-tweet-id=\"1946947555251622322\" data-mce-fragment=\"1\"><\/iframe><\/div>\n<\/div>\n<\/figure>\n<p><span dir=\"auto\">Toto sebevn\u00edm\u00e1n\u00ed je p\u0159\u00edmo zako\u0159en\u011bno v Kor\u00e1nu. Muslimov\u00e9 jsou pova\u017eov\u00e1ni za vykonavatele bo\u017e\u00edho trestu proti \u201enev\u011b\u0159\u00edc\u00edm\u201c (s\u00fara 9:14-15 ponech\u00e1v\u00e1 jen mal\u00fd prostor pro interpretaci). Je tedy jasn\u00e9: blok\u00e1da byla pro z\u00fa\u010dastn\u011bn\u00e9 prakticky bo\u017esk\u00fdm posl\u00e1n\u00edm. A byla provedena za strk\u00e1n\u00ed, strk\u00e1n\u00ed a slogan\u016f, zat\u00edmco policie fungovala jako pouh\u00fd komparz.<\/span><\/p>\n<p><span dir=\"auto\">Indon\u00e9sie je dal\u0161\u00edm p\u0159\u00edkladem toho, jak jsou jin\u00e1 n\u00e1bo\u017eenstv\u00ed systematicky potla\u010dov\u00e1na ve spole\u010dnostech s muslimskou v\u011bt\u0161inou. Toto potla\u010dov\u00e1n\u00ed se nep\u00e1ch\u00e1 jen samotn\u00fdm st\u00e1tem, kter\u00fd tak\u00e9 zakazuje v\u00fdstavbu nov\u00fdch kostel\u016f, ale p\u0159edev\u0161\u00edm samotn\u00fdm obyvatelstvem. Ka\u017ed\u00fd, kdo si mysl\u00ed, \u017ee se to v Evrop\u011b nem\u016f\u017ee st\u00e1t, se sta\u010d\u00ed pod\u00edvat na pl\u00ed\u017eivou islamizaci kontinentu. Je snadn\u00e9 p\u0159edv\u00eddat, kdy se rovnov\u00e1ha sil posune, nejprve lok\u00e1ln\u011b, pot\u00e9 region\u00e1ln\u011b a nakonec celost\u00e1tn\u011b.<\/span><\/p>\n<p><img decoding=\"async\" loading=\"lazy\" class=\"alignnone size-full wp-image-1185\" src=\"http:\/\/www.infokuryr.cz\/n\/wp-content\/uploads\/2021\/04\/kuryr-podpis.png\" alt=\"\" width=\"84\" height=\"24\" \/><\/p>\n<p>&nbsp;<\/p>\n","protected":false},"excerpt":{"rendered":"<p>Indon\u00e9sie se r\u00e1da prezentuje jako vzor \u201eum\u00edrn\u011bn\u00e9ho\u201c isl\u00e1mu. K\u0159es\u0165ansk\u00e9 men\u0161in\u011b v zemi jsou v\u0161ak opakovan\u011b&#8230;<\/p>\n","protected":false},"author":2,"featured_media":95505,"comment_status":"closed","ping_status":"closed","sticky":false,"template":"","format":"standard","meta":[],"categories":[7],"tags":[709,167,44],"_links":{"self":[{"href":"https:\/\/www.infokuryr.cz\/n\/wp-json\/wp\/v2\/posts\/95504"}],"collection":[{"href":"https:\/\/www.infokuryr.cz\/n\/wp-json\/wp\/v2\/posts"}],"about":[{"href":"https:\/\/www.infokuryr.cz\/n\/wp-json\/wp\/v2\/types\/post"}],"author":[{"embeddable":true,"href":"https:\/\/www.infokuryr.cz\/n\/wp-json\/wp\/v2\/users\/2"}],"replies":[{"embeddable":true,"href":"https:\/\/www.infokuryr.cz\/n\/wp-json\/wp\/v2\/comments?post=95504"}],"version-history":[{"count":0,"href":"https:\/\/www.infokuryr.cz\/n\/wp-json\/wp\/v2\/posts\/95504\/revisions"}],"wp:featuredmedia":[{"embeddable":true,"href":"https:\/\/www.infokuryr.cz\/n\/wp-json\/wp\/v2\/media\/95505"}],"wp:attachment":[{"href":"https:\/\/www.infokuryr.cz\/n\/wp-json\/wp\/v2\/media?parent=95504"}],"wp:term":[{"taxonomy":"category","embeddable":true,"href":"https:\/\/www.infokuryr.cz\/n\/wp-json\/wp\/v2\/categories?post=95504"},{"taxonomy":"post_tag","embeddable":true,"href":"https:\/\/www.infokuryr.cz\/n\/wp-json\/wp\/v2\/tags?post=95504"}],"curies":[{"name":"wp","href":"https:\/\/api.w.org\/{rel}","templated":true}]}}