{"id":95499,"date":"2025-12-27T05:59:54","date_gmt":"2025-12-27T04:59:54","guid":{"rendered":"https:\/\/www.infokuryr.cz\/n\/?p=95499"},"modified":"2025-12-27T05:59:54","modified_gmt":"2025-12-27T04:59:54","slug":"videa-ukazuji-chaos-na-hranicich-ukrajinci-stastne-cestovali-domu-na-vanocni-oslavy","status":"publish","type":"post","link":"https:\/\/www.infokuryr.cz\/n\/2025\/12\/27\/videa-ukazuji-chaos-na-hranicich-ukrajinci-stastne-cestovali-domu-na-vanocni-oslavy\/","title":{"rendered":"Videa ukazuj\u00ed chaos na hranic\u00edch: Ukrajinci \u0161\u0165astn\u011b cestovali dom\u016f na v\u00e1no\u010dn\u00ed oslavy"},"content":{"rendered":"<div id=\"fb-root\"><\/div>\n<p><strong><span dir=\"auto\">B\u011bhem pr\u00e1zdnin se na polsko-ukrajinsk\u00e9 hranici odehr\u00e1la pod\u00edvan\u00e1, kter\u00e1 odhaluje o realit\u011b v\u00e1lky na Ukrajin\u011b v\u00edce ne\u017e v\u0161echny projevy politik\u016f dohromady: Hodiny trvaj\u00edc\u00ed dopravn\u00ed z\u00e1cpy, zachycen\u00e9 na videu, ukazuj\u00ed tis\u00edce Ukrajinc\u016f, kte\u0159\u00ed se vracej\u00ed do vlasti z N\u011bmecka, \u010ceska a dal\u0161\u00edch zem\u00ed EU. Mnoz\u00ed z nich, kte\u0159\u00ed v N\u011bmecku a \u010cesku \u017eij\u00ed z ob\u010dansk\u00e9ho p\u0159\u00eddavku \u0161t\u011bd\u0159e financovan\u00e9ho da\u0148ov\u00fdmi poplatn\u00edky, se najednou zd\u00e1li, \u017ee se \u00fadajn\u011b v\u0161udyp\u0159\u00edtomn\u00e9 v\u00e1lky neb\u00e1li.<\/span><\/strong><\/p>\n<p><span dir=\"auto\">V\u00e1lka je v\u017edy krut\u00e1, ale v\u00e1lka na Ukrajin\u011b nezu\u0159\u00ed po cel\u00e9 zemi. Velk\u00e9 \u010d\u00e1sti zem\u011b byly u\u0161et\u0159eny p\u0159\u00edm\u00fdch boj\u016f. Lid\u00e9 tam \u017eij\u00ed sv\u00fdm ka\u017edodenn\u00edm \u017eivotem, slav\u00ed sv\u00e1tky a dokonce vstupuj\u00ed do zem\u011b \u2013 jak dokazuj\u00ed z\u00e1b\u011bry z p\u0159epln\u011bn\u00fdch hrani\u010dn\u00edch p\u0159echod\u016f.<\/span><\/p>\n<h3>Videa spust\u00edte kliknut\u00edm na obr\u00e1zek:<\/h3>\n<p><a href=\"https:\/\/x.com\/Eddie_1412\/status\/2003581562462564601?ref_src=twsrc%5Etfw%7Ctwcamp%5Etweetembed%7Ctwterm%5E2003581562462564601%7Ctwgr%5Ed0d65a3b707973fccff8de068f914e1b53304506%7Ctwcon%5Es1_&amp;ref_url=https%3A%2F%2Freport24.news%2Fvideos-zeigen-grenzchaos-ukrainer-reisten-fuer-weihnachtsfeiern-froehlich-nach-hause%2F\"><img decoding=\"async\" loading=\"lazy\" class=\"wp-image-95500 aligncenter\" src=\"http:\/\/www.infokuryr.cz\/n\/wp-content\/uploads\/2025\/12\/x2-9-206x300.jpg\" alt=\"\" width=\"530\" height=\"772\" srcset=\"https:\/\/www.infokuryr.cz\/n\/wp-content\/uploads\/2025\/12\/x2-9-206x300.jpg 206w, https:\/\/www.infokuryr.cz\/n\/wp-content\/uploads\/2025\/12\/x2-9.jpg 597w\" sizes=\"(max-width: 530px) 100vw, 530px\" \/><\/a><\/p>\n<h2 style=\"text-align: center;\">*<\/h2>\n<p><a href=\"https:\/\/x.com\/niusde_\/status\/2004150000582787203?ref_src=twsrc%5Etfw%7Ctwcamp%5Etweetembed%7Ctwterm%5E2004150000582787203%7Ctwgr%5Ed0d65a3b707973fccff8de068f914e1b53304506%7Ctwcon%5Es1_&amp;ref_url=https%3A%2F%2Freport24.news%2Fvideos-zeigen-grenzchaos-ukrainer-reisten-fuer-weihnachtsfeiern-froehlich-nach-hause%2F\"><img decoding=\"async\" loading=\"lazy\" class=\"wp-image-95501 aligncenter\" src=\"http:\/\/www.infokuryr.cz\/n\/wp-content\/uploads\/2025\/12\/x3-4-263x300.jpg\" alt=\"\" width=\"552\" height=\"630\" srcset=\"https:\/\/www.infokuryr.cz\/n\/wp-content\/uploads\/2025\/12\/x3-4-263x300.jpg 263w, https:\/\/www.infokuryr.cz\/n\/wp-content\/uploads\/2025\/12\/x3-4.jpg 604w\" sizes=\"(max-width: 552px) 100vw, 552px\" \/><\/a><\/p>\n<p><span dir=\"auto\">To se nehod\u00ed k \u00fadajn\u011b v\u0161udyp\u0159\u00edtomn\u00e9mu nebezpe\u010d\u00ed ohro\u017een\u00ed \u017eivota, kter\u00e9 evropsk\u00e9 vl\u00e1da tak d\u016frazn\u011b zmi\u0148uj\u00ed, aby ospravedlnily poskytov\u00e1n\u00ed finan\u010dn\u00ed podpory statis\u00edc\u016fm lid\u00ed. M\u00edsto toho vid\u00edme rodiny v SUV a autobusech, nalo\u017een\u00e9 d\u00e1rky a zavazadly, jak vesele m\u00ed\u0159\u00ed dom\u016f.<\/span><\/p>\n<p><span dir=\"auto\">To op\u011bt jasn\u011b vyvrac\u00ed ofici\u00e1ln\u00ed narativ: Ne ka\u017ed\u00fd Ukrajinec je <strong>\u201ev\u00e1le\u010dn\u00fd uprchl\u00edk\u201c<\/strong>, kter\u00fd by nemohl z\u016fstat ve sv\u00e9 vlasti. N\u011bmecko a dal\u0161\u00ed evropsk\u00e9 st\u00e1ty Ukrajinc\u016fm po l\u00e9ta poskytovalo okam\u017eit\u00fd p\u0159\u00edstup k z\u00e1kladn\u00ed podpo\u0159e p\u0159\u00edjmu. V d\u016fsledku toho mnoz\u00ed rad\u011bji imigrovali do zahrani\u010dn\u00edho syst\u00e9mu soci\u00e1ln\u00edho zabezpe\u010den\u00ed, ne\u017e aby z\u016fstali ve sv\u00e9 vlasti nebo v jej\u00ed bl\u00edzkosti. Da\u0148ov\u00fdm poplatn\u00edk\u016fm bylo \u0159e\u010deno, \u017ee rodiny p\u0159ij\u00ed\u017ed\u011bj\u00ed ze zdevastovan\u00fdch krajin, \u017ee ka\u017ed\u00fd uprchl\u00edk je bezmocn\u00e1 ob\u011b\u0165, kterou mus\u00edme p\u0159iv\u00edtat s otev\u0159enou n\u00e1ru\u010d\u00ed a otev\u0159enou pokladnou. Ob\u011bti, kter\u00e9 se v\u0161ak o V\u00e1noc\u00edch \u0161\u0165astn\u011b vracej\u00ed do sv\u00e9 \u00fadajn\u011b vybombardovan\u00e9 vlasti. Stejn\u00e1 taktika jako u v\u0161ech ostatn\u00edch \u201euprchl\u00edk\u016f\u201c, kte\u0159\u00ed jezd\u00ed na dovolenou do sv\u00fdch \u00fadajn\u011b nebezpe\u010dn\u00fdch zem\u00ed p\u016fvodu.<\/span><\/p>\n<p><span dir=\"auto\">Miliardy pen\u011bz evropsk\u00fdch da\u0148ov\u00fdch poplatn\u00edk\u016f proud\u00ed sem a tam na \u201epodporu\u201c zkorumpovan\u00e9 zem\u011b, financov\u00e1n\u00ed zahrani\u010dn\u00ed v\u00e1lky a zaji\u0161t\u011bn\u00ed <strong>\u201euprchl\u00edk\u016f\u201c<\/strong>, kte\u0159\u00ed v\u016fbec neodpov\u00eddaj\u00ed definici tohoto slova. A to se d\u011bje, zat\u00edmco evrop\u0161t\u00ed ob\u010dan\u00e9 bojuj\u00ed se st\u00e1le rostouc\u00edmi n\u00e1klady a neust\u00e1le rostouc\u00ed da\u0148ovou z\u00e1t\u011b\u017e\u00ed. Je to spravedliv\u00e9?<\/span><\/p>\n<p><img decoding=\"async\" loading=\"lazy\" class=\"alignnone size-full wp-image-1185\" src=\"http:\/\/www.infokuryr.cz\/n\/wp-content\/uploads\/2021\/04\/kuryr-podpis.png\" alt=\"\" width=\"84\" height=\"24\" \/><\/p>\n<p>&nbsp;<\/p>\n","protected":false},"excerpt":{"rendered":"<p>B\u011bhem pr\u00e1zdnin se na polsko-ukrajinsk\u00e9 hranici odehr\u00e1la pod\u00edvan\u00e1, kter\u00e1 odhaluje o realit\u011b v\u00e1lky na Ukrajin\u011b&#8230;<\/p>\n","protected":false},"author":2,"featured_media":95502,"comment_status":"closed","ping_status":"closed","sticky":false,"template":"","format":"standard","meta":[],"categories":[7],"tags":[804,6493,26,1635],"_links":{"self":[{"href":"https:\/\/www.infokuryr.cz\/n\/wp-json\/wp\/v2\/posts\/95499"}],"collection":[{"href":"https:\/\/www.infokuryr.cz\/n\/wp-json\/wp\/v2\/posts"}],"about":[{"href":"https:\/\/www.infokuryr.cz\/n\/wp-json\/wp\/v2\/types\/post"}],"author":[{"embeddable":true,"href":"https:\/\/www.infokuryr.cz\/n\/wp-json\/wp\/v2\/users\/2"}],"replies":[{"embeddable":true,"href":"https:\/\/www.infokuryr.cz\/n\/wp-json\/wp\/v2\/comments?post=95499"}],"version-history":[{"count":0,"href":"https:\/\/www.infokuryr.cz\/n\/wp-json\/wp\/v2\/posts\/95499\/revisions"}],"wp:featuredmedia":[{"embeddable":true,"href":"https:\/\/www.infokuryr.cz\/n\/wp-json\/wp\/v2\/media\/95502"}],"wp:attachment":[{"href":"https:\/\/www.infokuryr.cz\/n\/wp-json\/wp\/v2\/media?parent=95499"}],"wp:term":[{"taxonomy":"category","embeddable":true,"href":"https:\/\/www.infokuryr.cz\/n\/wp-json\/wp\/v2\/categories?post=95499"},{"taxonomy":"post_tag","embeddable":true,"href":"https:\/\/www.infokuryr.cz\/n\/wp-json\/wp\/v2\/tags?post=95499"}],"curies":[{"name":"wp","href":"https:\/\/api.w.org\/{rel}","templated":true}]}}