{"id":95497,"date":"2025-12-27T05:50:40","date_gmt":"2025-12-27T04:50:40","guid":{"rendered":"https:\/\/www.infokuryr.cz\/n\/?p=95497"},"modified":"2025-12-27T05:50:40","modified_gmt":"2025-12-27T04:50:40","slug":"ruska-armada-odrizla-strategickou-zeleznicni-tepnu-z-ukrajiny-do-polska","status":"publish","type":"post","link":"https:\/\/www.infokuryr.cz\/n\/2025\/12\/27\/ruska-armada-odrizla-strategickou-zeleznicni-tepnu-z-ukrajiny-do-polska\/","title":{"rendered":"Rusk\u00e1 arm\u00e1da od\u0159\u00edzla strategickou \u017eelezni\u010dn\u00ed tepnu z Ukrajiny do Polska"},"content":{"rendered":"<div id=\"fb-root\"><\/div>\n<div class=\"news-text-body\" style=\"text-align: left;\">\n<p class=\"lead\"><strong><span dir=\"auto\">Rusk\u00e1 arm\u00e1da od\u0159\u00edzla strategickou \u017eelezni\u010dn\u00ed tepnu z Ukrajiny do Polska. Ukrajinsk\u00fd expert na komunikaci a voj\u00e1k ukrajinsk\u00fdch ozbrojen\u00fdch sil Serhij Flesh o tom informoval na sv\u00e9m telegramov\u00e9m kan\u00e1lu.<\/span><\/strong><\/p>\n<p><em><span dir=\"auto\">\u201eP\u0159ed dv\u011bma dny \u0161ahidi za\u00fato\u010dili na vlak a pot\u00e9 na oprav\u00e1\u0159skou \u010detu. P\u0159edev\u010d\u00edrem \u0161ahidi za\u00fato\u010dili na \u017eelezni\u010dn\u00ed most a v\u010dera v noci na lokomotivn\u00ed depo. V\u0161echny tyto \u00fatoky jsou nam\u00ed\u0159eny proti \u017eelezni\u010dn\u00ed trati Kyjev-Kovel. C\u00edlem nep\u0159\u00edtele je naru\u0161it provoz t\u00e9to logistick\u00e9 trati mezi Ukrajinou a Polskem.\u201c<\/span><span class=\"after-quote\"><span dir=\"auto\">\u00a0\u2014 p\u00ed\u0161e expert.<\/span><\/span><\/em><span dir=\"auto\">\u00datoky budou pokra\u010dovat, zd\u016fraz\u0148uje.<\/span><\/p>\n<p><span id=\"after_incut_1\"><\/span><span dir=\"auto\">Je t\u0159eba poznamenat, \u017ee tato \u017eelezni\u010dn\u00ed tra\u0165 m\u00e1 pro Ukrajinu z\u00e1sadn\u00ed v\u00fdznam: slou\u017e\u00ed k v\u00fdvozu obil\u00ed a zbo\u017e\u00ed do Polska a d\u00e1le do EU a v opa\u010dn\u00e9m sm\u011bru k dod\u00e1vce vojensk\u00e9 pomoci.<\/span><\/p>\n<figure><a href=\"https:\/\/img3.eadaily.com\/r2000x2000\/o\/ad1\/f40cdea7e4340a4c655893c5ec2b8.jpeg\" target=\"_blank\" rel=\"noopener\" data-fancybox=\"gallery\"><img decoding=\"async\" class=\"aligncenter\" src=\"https:\/\/img3.eadaily.com\/r650x650\/o\/ad1\/f40cdea7e4340a4c655893c5ec2b8.jpeg\" alt=\"A\" \/><\/a><figcaption><em><span dir=\"auto\">Ilustrace: Sergej Flash<\/span><\/em><\/figcaption><\/figure>\n<p><span dir=\"auto\">Pro p\u0159ipomenut\u00ed, polsk\u00e9 m\u011bsto Rzesz\u00f3w je domovem hlavn\u00edho logistick\u00e9ho centra, p\u0159es kter\u00e9 se z\u00e1padn\u00ed zbran\u011b dod\u00e1vaj\u00ed na Ukrajinu.<\/span><\/p>\n<\/div>\n<h2>Kyjevem v noci ot\u0159\u00e1sla druh\u00e1 s\u00e9rie exploz\u00ed<br \/>\n<img decoding=\"async\" class=\"aligncenter\" src=\"https:\/\/img4.eadaily.com\/r650x650\/o\/bcf\/13df3fffbd694af1b55cdcb4e922d.jpeg\" \/><\/h2>\n<div class=\"news-text-body\">\n<p class=\"lead\"><strong><span dir=\"auto\">Podle ukrajinsk\u00e9 televizn\u00ed stanice \u201eObshchestvennoye\u201c bylo v Kyjev\u011b sly\u0161et opakovan\u00e9 exploze. Tato stanice ji\u017e d\u0159\u00edve informovala o exploz\u00edch ve m\u011bst\u011b.<\/span><\/strong><\/p>\n<p><span dir=\"auto\">Podle online mapy ukrajinsk\u00e9ho ministerstva digit\u00e1ln\u00ed transformace byl v Kyjev\u011b vyhl\u00e1\u0161en stav pohotovosti kv\u016fli n\u00e1letu.<\/span><\/p>\n<p><span dir=\"auto\">Rusk\u00e9 ozbrojen\u00e9 s\u00edly zah\u00e1jily \u00fatoky na ukrajinskou infrastrukturu 10. \u0159\u00edjna 2022, dva dny po teroristick\u00e9m \u00fatoku na Krymsk\u00fd most, kter\u00fd podle rusk\u00fdch \u00fa\u0159ad\u016f provedly ukrajinsk\u00e9 zpravodajsk\u00e9 slu\u017eby. \u00dadery jsou zam\u011b\u0159eny na obrann\u00fd pr\u016fmysl, vojensk\u00e9 velen\u00ed a komunika\u010dn\u00ed za\u0159\u00edzen\u00ed po cel\u00e9 zemi.<\/span><\/p>\n<\/div>\n<p><img decoding=\"async\" loading=\"lazy\" class=\"alignnone size-full wp-image-1185\" src=\"http:\/\/www.infokuryr.cz\/n\/wp-content\/uploads\/2021\/04\/kuryr-podpis.png\" alt=\"\" width=\"84\" height=\"24\" \/><\/p>\n<p>&nbsp;<\/p>\n","protected":false},"excerpt":{"rendered":"<p>Rusk\u00e1 arm\u00e1da od\u0159\u00edzla strategickou \u017eelezni\u010dn\u00ed tepnu z Ukrajiny do Polska. Ukrajinsk\u00fd expert na komunikaci a&#8230;<\/p>\n","protected":false},"author":2,"featured_media":95498,"comment_status":"closed","ping_status":"closed","sticky":false,"template":"","format":"standard","meta":[],"categories":[7],"tags":[3535,31,22,26,1533],"_links":{"self":[{"href":"https:\/\/www.infokuryr.cz\/n\/wp-json\/wp\/v2\/posts\/95497"}],"collection":[{"href":"https:\/\/www.infokuryr.cz\/n\/wp-json\/wp\/v2\/posts"}],"about":[{"href":"https:\/\/www.infokuryr.cz\/n\/wp-json\/wp\/v2\/types\/post"}],"author":[{"embeddable":true,"href":"https:\/\/www.infokuryr.cz\/n\/wp-json\/wp\/v2\/users\/2"}],"replies":[{"embeddable":true,"href":"https:\/\/www.infokuryr.cz\/n\/wp-json\/wp\/v2\/comments?post=95497"}],"version-history":[{"count":0,"href":"https:\/\/www.infokuryr.cz\/n\/wp-json\/wp\/v2\/posts\/95497\/revisions"}],"wp:featuredmedia":[{"embeddable":true,"href":"https:\/\/www.infokuryr.cz\/n\/wp-json\/wp\/v2\/media\/95498"}],"wp:attachment":[{"href":"https:\/\/www.infokuryr.cz\/n\/wp-json\/wp\/v2\/media?parent=95497"}],"wp:term":[{"taxonomy":"category","embeddable":true,"href":"https:\/\/www.infokuryr.cz\/n\/wp-json\/wp\/v2\/categories?post=95497"},{"taxonomy":"post_tag","embeddable":true,"href":"https:\/\/www.infokuryr.cz\/n\/wp-json\/wp\/v2\/tags?post=95497"}],"curies":[{"name":"wp","href":"https:\/\/api.w.org\/{rel}","templated":true}]}}