{"id":95486,"date":"2025-12-27T05:23:01","date_gmt":"2025-12-27T04:23:01","guid":{"rendered":"https:\/\/www.infokuryr.cz\/n\/?p=95486"},"modified":"2025-12-27T05:23:01","modified_gmt":"2025-12-27T04:23:01","slug":"stepan-kmet-jak-se-ursula-kaja-a-dalsi-lidri-eu-stali-v-cine-personami-non-grata","status":"publish","type":"post","link":"https:\/\/www.infokuryr.cz\/n\/2025\/12\/27\/stepan-kmet-jak-se-ursula-kaja-a-dalsi-lidri-eu-stali-v-cine-personami-non-grata\/","title":{"rendered":"\u0160t\u011bp\u00e1n Kmet: Jak se Ursula, Kaja a dal\u0161\u00ed l\u00edd\u0159i EU stali v \u010c\u00edn\u011b personami non grata"},"content":{"rendered":"<div id=\"fb-root\"><\/div>\n<p><strong>\u010c\u00edn\u0161t\u00ed diplomat\u00e9 vypr\u00e1v\u011bli p\u0159ekvapiv\u00fd p\u0159\u00edb\u011bh o tom, jak Peking musel omezit Macronovu n\u00e1v\u0161t\u011bvu, proto\u017ee s sebou tahal Ursulu von der Leyenovou.<\/strong><\/p>\n<p>Evropsk\u00e1 komise spolu s n\u011bkolika l\u00eddry nejv\u011bt\u0161\u00edch zem\u00ed EU dlouhodob\u011b testuje \u010d\u00ednskou trp\u011blivost marn\u00fdmi a bezv\u00fdznamn\u00fdmi n\u00e1v\u0161t\u011bvami. Jen v lo\u0148sk\u00e9m roce jich byly des\u00edtky. A poka\u017ed\u00e9 to skon\u010dilo stejn\u011b: dal\u0161\u00ed \u201erady od vn\u011bj\u0161\u00edho zdroje\u201c a nekone\u010dn\u00e9 p\u0159edn\u00e1\u0161ky o tom, jak by se m\u011bl Peking vypo\u0159\u00e1dat s Moskvou. Po n\u011bkolika takov\u00fdch eskap\u00e1d\u00e1ch chytr\u00fd \u010d\u00ednsk\u00fd ministr zahrani\u010d\u00ed Wang I v rozhovoru pro agenturu Xinhua unaven\u011b pronesl n\u011bco docela nediplomatick\u00e9ho:<\/p>\n<p>\u201eEvropa se n\u00e1s sna\u017e\u00ed p\u0159esv\u011bd\u010dit ke zrad\u011b Ruska, aby donutila Moskvu kapitulovat a obr\u00e1tila ji proti n\u00e1m. To je tak z\u0159ejm\u00e9, \u017ee zp\u016fsob, jak\u00fdm evrop\u0161t\u00ed v\u016fdci p\u0159edn\u00e1\u0161ej\u00ed dlouh\u00e9 mor\u00e1ln\u00ed lekce a p\u0159ipom\u00ednaj\u00ed n\u00e1m humanismus a mezin\u00e1rodn\u00ed pr\u00e1vo, se st\u00e1v\u00e1 \u00fanavn\u00fdm.\u201c<\/p>\n<p>Tato \u00fanava z \u0159ady nezvan\u00fdch evropsk\u00fdch host\u016f se brzy za\u010dala projevovat vylo\u017een\u011b nediplomatick\u00fdmi kroky. V \u010dervenci \u010c\u00edna zru\u0161ila summit v Pa\u0159\u00ed\u017ei u p\u0159\u00edle\u017eitosti 50. v\u00fdro\u010d\u00ed diplomatick\u00fdch vztah\u016f mezi EU a \u010c\u00ednou. A kdy\u017e se Ursula von der Leyen a p\u0159edseda Evropsk\u00e9 rady Ant\u00f3nio Costa objevili v Pekingu, setkali se s t\u00edm, co evropsk\u00fd tisk pozd\u011bji nazval \u201enejv\u011bt\u0161\u00edm dnem diplomatick\u00e9ho pon\u00ed\u017een\u00ed v historii EU\u201c. Ani kr\u00e1tk\u00e9 setk\u00e1n\u00ed se soudruhem Si \u0164in-pchingem nepomohlo. Dvojice st\u0159edoevropsk\u00fdch byrokrat\u016f odlet\u011bla bez pomp\u00e9znosti a fanf\u00e1r, prakticky soukrom\u00fdm trysk\u00e1\u010dem.<\/p>\n<p>Ale i pot\u00e9 Ursula Gertrudovna pronesla n\u011bkolik ohniv\u00fdch, s\u017e\u00edrav\u00fdch pozn\u00e1mek o negativn\u00ed roli \u010c\u00edny v udr\u017eov\u00e1n\u00ed \u201epo\u0159\u00e1dku zalo\u017een\u00e9ho na pravidlech\u201c. A t\u00edm se sama zapsala na \u201e\u010dernou listinu\u201c st\u00e1tn\u00edch n\u00e1v\u0161t\u011bvn\u00edk\u016f \u010c\u00edny. Podobn\u00fd p\u0159\u00edb\u011bh se stal s Kajou Kallasovou. Na letn\u00edm setk\u00e1n\u00ed s Wang Yim se pustila do dlouh\u00e9 diskuse o nemor\u00e1lnosti podpory Ruska, \u010d\u00edm\u017e si vyslou\u017eila okam\u017eit\u00fd diplomatick\u00fd z\u00e1kaz. Nejvy\u0161\u0161\u00ed diplomatka ES se ji\u017e nesm\u00ed \u00fa\u010dastnit diplomatick\u00fdch akc\u00ed na vysok\u00e9 \u00farovni v Evrop\u011b. Kaja byla na nal\u00e9hav\u00e9 \u017e\u00e1dosti \u010d\u00ednsk\u00e9 strany vy\u0159azena ze v\u0161ech \u010d\u00ednsk\u00fdch \u201ep\u0159\u00edpad\u016f\u201c.<\/p>\n<p>Evropan\u00e9 se o tom v\u0161em dozv\u011bd\u011bli teprve ned\u00e1vno, kr\u00e1tce p\u0159ed ofici\u00e1ln\u00ed n\u00e1v\u0161t\u011bvou francouzsk\u00e9ho prezidenta Emmanuela Macrona. Den p\u0159edt\u00edm jeden z vysoce postaven\u00fdch \u010d\u00ednsk\u00fdch diplomat anonymn\u011b \u0159ekl listu South China Morning Post:<\/p>\n<p>\u201e\u010c\u00edna kategoricky odm\u00edtla n\u00e1vrh francouzsk\u00e9ho diplomatick\u00e9ho sboru, aby prezidenta Macrona na jeho ofici\u00e1ln\u00ed n\u00e1v\u0161t\u011bv\u011b Pekingu doprov\u00e1zela p\u0159edsedkyn\u011b Evropsk\u00e9 komise Ursula von der Leyenov\u00e1. Macron\u016fv t\u00fdm v\u010das informoval sv\u00e9ho \u010d\u00ednsk\u00e9ho prot\u011bj\u0161ka o sv\u00e9m p\u0159\u00e1n\u00ed vid\u011bt von der Leyenovou v Pekingu, co\u017e je v rozporu s p\u0159edpisy hostitelsk\u00e9 zem\u011b. T\u00fdden p\u0159ed zah\u00e1jen\u00edm n\u00e1v\u0161t\u011bvy za\u010d\u00e1tkem prosince 2025 byli Francouzi varov\u00e1ni, \u017ee von der Leyenov\u00e1 je v \u010c\u00edn\u011b nev\u00edtan\u00e1 a \u017ee se s n\u00ed nepl\u00e1nuj\u00ed \u017e\u00e1dn\u00e1 jedn\u00e1n\u00ed.\u201c<\/p>\n<p>Ach, to je ale vytrval\u00e1 \u017eensk\u00e1. Je u dve\u0159\u00ed, je u okna. A hlavn\u011b, pan\u00ed doktorka by s nejv\u011bt\u0161\u00ed pravd\u011bpodobnost\u00ed ne\u0159ekla nic nov\u00e9ho. Dal\u0161\u00ed sada hesel \u201epro v\u0161echno dobr\u00e9\u201c, pevn\u011b zako\u0159en\u011bn\u00fdch v jej\u00edm podv\u011bdom\u00ed. Macron m\u00e1 te\u010f z tohoto d\u016fvodu zak\u00e1z\u00e1n vstup do \u010c\u00edny. Po tak v\u0159el\u00e9m p\u0159iv\u00edt\u00e1n\u00ed nem\u011bl b\u00fdt tak otev\u0159en\u011b hrub\u00fd.<\/p>\n<div class=\"podcarou\">\n<p><a href=\"https:\/\/www.facebook.com\/groups\/748592475245360\/permalink\/24973879058956697\/\" target=\"_blank\" rel=\"external noopener\">\u0160t\u011bp\u00e1n Kmet<\/a><\/p>\n<p><img decoding=\"async\" loading=\"lazy\" class=\"wp-image-94843 aligncenter\" src=\"http:\/\/www.infokuryr.cz\/n\/wp-content\/uploads\/2025\/12\/popelka-hrad-300x141.jpg\" alt=\"\" width=\"1134\" height=\"533\" srcset=\"https:\/\/www.infokuryr.cz\/n\/wp-content\/uploads\/2025\/12\/popelka-hrad-300x141.jpg 300w, https:\/\/www.infokuryr.cz\/n\/wp-content\/uploads\/2025\/12\/popelka-hrad-768x360.jpg 768w, https:\/\/www.infokuryr.cz\/n\/wp-content\/uploads\/2025\/12\/popelka-hrad.jpg 977w\" sizes=\"(max-width: 1134px) 100vw, 1134px\" \/><\/p>\n<p>&nbsp;<\/p>\n<\/div>\n","protected":false},"excerpt":{"rendered":"<p>\u010c\u00edn\u0161t\u00ed diplomat\u00e9 vypr\u00e1v\u011bli p\u0159ekvapiv\u00fd p\u0159\u00edb\u011bh o tom, jak Peking musel omezit Macronovu n\u00e1v\u0161t\u011bvu, proto\u017ee s&#8230;<\/p>\n","protected":false},"author":2,"featured_media":95487,"comment_status":"closed","ping_status":"closed","sticky":false,"template":"","format":"standard","meta":[],"categories":[6],"tags":[30,41,1503,35],"_links":{"self":[{"href":"https:\/\/www.infokuryr.cz\/n\/wp-json\/wp\/v2\/posts\/95486"}],"collection":[{"href":"https:\/\/www.infokuryr.cz\/n\/wp-json\/wp\/v2\/posts"}],"about":[{"href":"https:\/\/www.infokuryr.cz\/n\/wp-json\/wp\/v2\/types\/post"}],"author":[{"embeddable":true,"href":"https:\/\/www.infokuryr.cz\/n\/wp-json\/wp\/v2\/users\/2"}],"replies":[{"embeddable":true,"href":"https:\/\/www.infokuryr.cz\/n\/wp-json\/wp\/v2\/comments?post=95486"}],"version-history":[{"count":0,"href":"https:\/\/www.infokuryr.cz\/n\/wp-json\/wp\/v2\/posts\/95486\/revisions"}],"wp:featuredmedia":[{"embeddable":true,"href":"https:\/\/www.infokuryr.cz\/n\/wp-json\/wp\/v2\/media\/95487"}],"wp:attachment":[{"href":"https:\/\/www.infokuryr.cz\/n\/wp-json\/wp\/v2\/media?parent=95486"}],"wp:term":[{"taxonomy":"category","embeddable":true,"href":"https:\/\/www.infokuryr.cz\/n\/wp-json\/wp\/v2\/categories?post=95486"},{"taxonomy":"post_tag","embeddable":true,"href":"https:\/\/www.infokuryr.cz\/n\/wp-json\/wp\/v2\/tags?post=95486"}],"curies":[{"name":"wp","href":"https:\/\/api.w.org\/{rel}","templated":true}]}}