{"id":95477,"date":"2025-12-27T00:25:10","date_gmt":"2025-12-26T23:25:10","guid":{"rendered":"https:\/\/www.infokuryr.cz\/n\/?p=95477"},"modified":"2025-12-26T11:33:23","modified_gmt":"2025-12-26T10:33:23","slug":"bohorovnost-a-mesianstvi-nejhorsi-kombinace-mentalnich-nemoci-politiku-vladcu","status":"publish","type":"post","link":"https:\/\/www.infokuryr.cz\/n\/2025\/12\/27\/bohorovnost-a-mesianstvi-nejhorsi-kombinace-mentalnich-nemoci-politiku-vladcu\/","title":{"rendered":"Bohorovnost a mesi\u00e1nstv\u00ed, nejhor\u0161\u00ed kombinace ment\u00e1ln\u00edch nemoc\u00ed politik\u016f \/ vl\u00e1dc\u016f"},"content":{"rendered":"<div id=\"fb-root\"><\/div>\n<p><span dir=\"auto\">P\u0159esn\u011b takto se d\u00e1 charakterizovat Donald Trump. \u201eAmerica First\u201c \u2013 Spojen\u00e9 st\u00e1ty na prvn\u00edm m\u00edst\u011b, mohly v p\u0159\u00edpad\u011b rozumn\u00e9ho politika vypadat tak, \u017ee zem\u011b kter\u00e1 m\u00e1 je\u0161t\u011b st\u00e1le dostatek prost\u0159edk\u016f a mo\u017enost\u00ed aby se nestala chudou a v\u0161emi opu\u0161t\u011bnou, urychlen\u011b sm\u011b\u0159uje k tomu k \u010demu dosud v\u0161echna imp\u00e9ria\u00a0na\u00a0<em><strong>Zemi<\/strong><\/em>\u00a0,\u00a0<\/span><em><strong><span dir=\"auto\">Z\u00c1NIKU\u00a0<\/span><\/strong><\/em><em><strong><span dir=\"auto\">imp\u00e9ria<\/span><\/strong><\/em><span dir=\"auto\">\u00a0.<\/span><\/p>\n<p><span dir=\"auto\">Kdy\u017e \u201emali\u010dk\u00fd\u201c \u010dlov\u00ed\u010dek ukradne, v\u0161ichni jsou zajedno aby ho p\u0159im\u011b\u0159en\u011b kr\u00e1de\u017ei potrestali\u00a0<\/span><em><span dir=\"auto\">(nejl\u00e9pe t\u00edm co u\u017e \u201eu n\u00e1s na Z\u00e1pad\u011b\u201c nefunguje, tedy prost\u0159ednictv\u00edm spravedliv\u00e9 soudn\u00ed moci pracuj\u00edc\u00ed na b\u00e1zi objektivn\u011b nejlep\u0161\u00edch z\u00e1kon\u016f podporuj\u00edc\u00edch rozvoj ve\u00a0<\/span><\/em><em><span dir=\"auto\">sm\u011bru zdokonalov\u00e1n\u00ed spole\u010densk\u00e9 struktury, tj. odpov\u011bdnosti, soudr\u017enosti, schopnosti, soudr\u017enosti, soudr\u017enosti)<\/span><\/em><span dir=\"auto\">\u00a0.<\/span><\/p>\n<p><u><strong><span dir=\"auto\">Imp\u00e9rium krade a vra\u017ed\u00ed bez soudu a bez z\u00e1bran, bez v\u00fd\u010ditek a do jist\u00e9 doby i bez odporu.<\/span><\/strong><\/u><\/p>\n<p><span dir=\"auto\">Spojen\u00e9 st\u00e1ty ji\u017e dlouho praktikuj\u00ed v mezin\u00e1rodn\u00edch vztaz\u00edch beztrestnost kr\u00e1de\u017ee a \u00fa\u010delov\u00e9ho vra\u017ed\u011bn\u00ed, nebo si je\u0161t\u011b n\u011bkdo mysl\u00ed, \u017ee jejich vojensk\u00e9 akce v Koreji, Kub\u011b, Vietnamu, Panam\u011b, Haiti, Srbsku, Ir\u00e1ku, S\u00fdrii, Libyi, \u00cdr\u00e1nu atp. atp. a dnes ve Venezuele, bez soudu i rozsudku zavra\u017ed\u011bny des\u00edtky lid\u00ed na sv\u00fdch \u010dlunech <\/span><em><span dir=\"auto\">(a bez jak\u00e9hokoli d\u016fkazu o kontrabandu drog)<\/span><\/em><span dir=\"auto\">\u00a0, kde nem\u011bli \u0161anci uniknout, nebo\u0165 na mo\u0159i se nen\u00ed kde schovat, jen utopit.<\/span><\/p>\n<p><span dir=\"auto\">Ukraden\u00e9 ciz\u00ed naftov\u00e9 tankery pln\u00e9 t\u00e9to je\u0161t\u011b st\u00e1le strategick\u00e9 energetick\u00e9 suroviny. Mu\u010den\u00ed hladem a nouz\u00ed miliony lid\u00ed, aby se podvolily velk\u00e9mu a \u0161patn\u00e9mu bratrovi <\/span><em><span dir=\"auto\">(kdy\u017e u\u017e nefunguje upl\u00e1cen\u00ed pro zmanipulov\u00e1n\u00ed voleb a alespo\u0148 matnou vidinu demokracie)<\/span><\/em><span dir=\"auto\">\u00a0, naordinov\u00e1n\u00ed americk\u00e9 bezdiagnostick\u00e9 medic\u00edny na nemoc, kterou my je\u0161t\u011b ment\u00e1ln\u011b nezmanipulovan\u00ed naz\u00fdv\u00e1me svobodnou v\u016fl\u00ed.<\/span><\/p>\n<p><span dir=\"auto\">Ale to\u00a0<\/span><strong><span dir=\"auto\">v\u0161e se hrout\u00ed i pro posledn\u00ed imp\u00e9rium<\/span><\/strong><span dir=\"auto\">\u00a0(USA). Dluh t\u00e9to zem\u011b je nesplatiteln\u00fd, vojensk\u00e9 v\u00fddaje jsou astronomick\u00e9 a tedy dlouhodob\u011b neudr\u017eiteln\u00e9, chu\u0165 jejich ob\u010dan\u016f na pohodln\u00fd a prac\u00ed \u201eotrok\u016f\u201c v modern\u00edch koloni\u00edch subvencovan\u00fd \u017eivot je obrovsk\u00e1 a neracion\u00e1ln\u00ed a bez ochoty ke zm\u011bn\u011b.<\/span><\/p>\n<p><span dir=\"auto\">Kdy\u017e se pod\u00edv\u00e1me na politick\u00fd syst\u00e9m zem\u011b, u\u017e d\u00e1vno nen\u00ed demokratick\u00fd, nebo\u0165 demokraticky znamen\u00e1 jednozna\u010dn\u011b v\u011bt\u0161inov\u00fd. Takto jednozna\u010dn\u011b charakterizovan\u00e1 odpov\u011b\u010f ale nen\u00ed \u00fapln\u00e1, nebo\u0165 takto to plat\u00ed jen v p\u0159\u00edpad\u011b osobn\u00ed i spole\u010densk\u00e9 volby na z\u00e1klad\u011b svobodn\u00e9 a nezmanipulovan\u00e9 v\u016fle. Lid\u00e9 s ment\u00e1ln\u00ed poruchou, a je jedno zda p\u0159irozenou nebo vyvolanou, nemohou zodpov\u011bdn\u011b volit, proto\u017ee nedok\u00e1\u017eou posoudit d\u016fsledky sv\u00e9 volby\u00a0<\/span><em><span dir=\"auto\">(lid\u00e9 s diagn\u00f3zou ment\u00e1ln\u00ed poruchy pr\u00e1v\u011b z tohoto d\u016fvodu nemohou volit a r<\/span><\/em><em><span dir=\"auto\">ozhodovat, nebo\u0165 u nich absentuje individu\u00e1ln\u00ed \u010di spole\u010densk\u00e1 odpov\u011bdnost)<\/span><\/em><span dir=\"auto\"> . Ale dne\u0161n\u00ed z\u00e1padn\u00ed spole\u010dnost je schizofrenick\u00e1 a ment\u00e1ln\u011b bezbrann\u00e1, nebo\u0165 uv\u011b\u0159ila l\u017e\u00edm, kter\u00e9 j\u00ed serv\u00edrovaly po desetilet\u00ed pod hesly, kter\u00e1 u\u017e d\u00e1vno ztratila p\u016fvodn\u00ed v\u00fdznam i s\u00edlu. Tito \u201eapologeti pekeln\u00ed\u201c vr\u00e1tili do ob\u011bhu formulaci starov\u011bk\u00e9 praxe, \u017ee v\u0161e lze koupit a kdy\u017e k tomu p\u0159id\u00e1me nekone\u010dn\u00fd maraton ti\u0161t\u011bn\u00ed pen\u011bz, je to i velmi levn\u00fd podvod.<\/span><\/p>\n<p><span dir=\"auto\">Vzpome\u0148me na Nera \u010di Caligulu ze starov\u011bk\u00e9ho \u0158\u00edma\u00a0<\/span><em><span dir=\"auto\">(nebyli jedin\u00fdmi ale v Evrop\u011b dostate\u010dn\u011b historicky zn\u00e1m\u00fdmi)<\/span><\/em><span dir=\"auto\">\u00a0, zd\u011bdili moc na kterou nebyli p\u0159ipraveni, ale byli zpracov\u00e1v\u00e1ni sv\u00fdm okol\u00edm a hlavn\u011b rodinou, \u017ee jsou bo\u017esk\u00fdmi a v\u0161emocn\u00fdmi. Jejich vzd\u011bl\u00e1n\u00ed nahradili lstiv\u00fd a zlovoln\u00fd \u201eu\u010ditel\u00e9\u201c bez pou\u010den\u00ed, za egocentrismus, z\u00e1vislost na pochlebov\u00e1n\u00ed, zbo\u017e\u0161t\u011bn\u00ed vlastn\u00edho j\u00e1, aby mohli z jejich pomatenosti sami t\u011b\u017eit jako ve zlat\u00e9m dole a to bez jedin\u00e9 kapky potu, zato s potoky krve sv\u011bdk\u016f a protagon\u016f.<\/span><\/p>\n<p><span dir=\"auto\">Co opakovan\u011b ve sv\u00fdch prohl\u00e1\u0161en\u00edch sly\u0161et od Donalda Trumpa, \\&#8220;skon\u010dil jsem 8 v\u00e1lek\\&#8220;\u00a0<\/span><em><span dir=\"auto\">(v podtextu je doslova virtu\u00e1ln\u011b sly\u0161et,\u00a0<\/span><\/em><em><span dir=\"auto\">jsem proto m\u00edrotv\u016frce a zaslou\u017e\u00edm si za to odm\u011bnu, nebo\u0165 i jin\u00ed, dokonce s men\u0161\u00edmi z\u00e1sluhami byli a jsou dr\u017eiteli Nobelovy zlat\u00e9\u00a0<\/span><\/em><em><span dir=\"auto\">plakety<\/span><\/em><em><span dir=\"auto\">\u00a0&#8211; mysl\u00ed, \u017ee je to presti\u017e kter\u00e1 mu je\u0161t\u011b chyb\u00ed)<\/span><\/em><span dir=\"auto\">\u00a0. A skute\u010dn\u011b skon\u010dily?<\/span><\/p>\n<p><span dir=\"auto\">Amen ne. Ham\u00e1s m\u00e1 zbran\u011b a p\u00e1smo Gazy nen\u00ed bez smrti hlavn\u011b z iniciativy prvn\u00edho spojence USA, tedy Izraele. \u00cdr\u00e1n s Izraelem se \u010das od \u010dasu obst\u0159eluj\u00ed a \u00edr\u00e1nsk\u00fd jadern\u00fd program se d\u00e1le rozv\u00edj\u00ed. Mezi Thajskem a Kambod\u017eou se opakovan\u011b st\u0159\u00edl\u00ed. S\u00fdrie ani po uchopen\u00ed moci teroristy z Fronty an-Nusr\u00e1 podporovan\u00fdmi ji\u017e z USA\u00a0<\/span><em><span dir=\"auto\">(p\u0159esto\u017ee od roku 2013 byl v americk\u00e9m seznamu terorist\u016f a v roce 2017 ministerstvem zahrani\u010d\u00ed USA vyps\u00e1na odm\u011bna 10 milion\u016f dolar\u016f na jeho hlavu)<\/span><\/em><span dir=\"auto\">\u00a0nep\u0159estala b\u00fdt zem\u00ed rozd\u011blenou a bojuj\u00edc\u00ed. Tak by se dalo pokra\u010dovat, ale to si ka\u017ed\u00fd m\u016f\u017ee nal\u00e9zt na internetu.<\/span><\/p>\n<p><span dir=\"auto\">Donald Trump nep\u0159ipoj\u00ed Kanadu jako 51 st\u00e1t unie, ani Gr\u00f3nsko se nestane jej\u00ed sou\u010d\u00e1st\u00ed, ani jeho tzv. . \u201em\u00edrotvorn\u00e9\u201c iniciativy nebudou do d\u016fsledk\u016f vysly\u0161en\u00e9 a dokonce je velmi pravd\u011bpodobn\u00e9, \u017ee p\u0159i nejbli\u017e\u0161\u00edm dopl\u0148ov\u00e1n\u00ed Sen\u00e1tu \u010di Sn\u011bmovny ztrat\u00ed Republik\u00e1nsk\u00e1 strana v\u011bt\u0161inu a tedy i schopnost fungov\u00e1n\u00ed americk\u00e9 administrativy pomoc\u00ed prezidentsk\u00fdch na\u0159\u00edzen\u00ed. P\u0159ipo\u010dteme-li k tomu jeho tragick\u00e1 ekonomick\u00e1 rozhodnut\u00ed v podob\u011b sankc\u00ed a extr\u00e9mn\u00edch tzv. \u201eochrann\u00fdch\u201c cel, kter\u00e9 vlastn\u011b zp\u016fsobuj\u00ed p\u00e1d Brettonwoodsk\u00e9 m\u011bnov\u00e9 soustavy o zm\u011bn\u011b sv\u011btov\u00e9 rezervn\u00ed m\u011bny z libry \u0161terlink\u016f na dolar z roku 1944, d\u00e1le z\u00e1niku zlat\u00e9ho standardu uz\u00e1kon\u011bn\u00e9ho Nixonovou vl\u00e1dou v roce 1971 a faktick\u00e9ho konce nejstar\u0161\u00ed americk\u00e9 politick\u00e9 ideov\u00e9 a vojensk\u00e9 dominanci USA na z\u00e1padn\u00ed polokouli z roku 1923.<\/span><\/p>\n<p><span dir=\"auto\">Z tohoto m\u00e1la usuzuj\u00edce, na rozd\u00edl od D. Trumpa a mnoha Ameri\u010dan\u016f, je z\u0159ejm\u00e9 \u017ee\u00a0<\/span><strong><span dir=\"auto\">USA u\u017e nejsou na cest\u011b k p\u00e1du posledn\u00edho imp\u00e9ria<\/span><\/strong><span dir=\"auto\">\u00a0, ale \u017ee\u00a0<\/span><strong><span dir=\"auto\">P\u00c1D U\u017d ZA\u010cAL<\/span><\/strong><span dir=\"auto\">\u00a0\u2013 tak u\u017e m\u016f\u017ee n\u00e1sledovat jen akcelerace \u010di zpomalen\u00ed jeho rozkladn\u00fdch proces\u016f a to bez ohledu kdo bude v USA0 vl\u00e1dnout.\u00a0<\/span><strong><span dir=\"auto\">Americk\u00fd z\u00e1zrak skon\u010dil<\/span><\/strong><span dir=\"auto\">\u00a0a jak jinak, ne\u017e u v\u0161ech dosavadn\u00edch imp\u00e9ri\u00ed, tedy\u00a0<\/span><strong><span dir=\"auto\">VLASTN\u00cd VINOU<\/span><\/strong><span dir=\"auto\">\u00a0!<\/span><\/p>\n<p><span dir=\"auto\">\u017de pro\u010d nep\u00ed\u0161u i o Evrop\u011b, ergo Evropsk\u00e9 unii? <\/span><strong><span dir=\"auto\">Mysl\u00edte, \u017ee m\u00e1 smysl ps\u00e1t o \u0161\u00edlenosti a \u0161\u00edlenc\u00edch kte\u0159\u00ed chystaj\u00ed sebezni\u010duj\u00edc\u00ed v\u00e1lku, kte\u0159\u00ed ji\u017e spustili sebezni\u010duj\u00edc\u00ed ekonomick\u00fd a ekologick\u00fd program a kte\u0159\u00ed u\u017e nemaj\u00ed ani materi\u00e1ln\u00ed ani energetick\u00e9 a\u00a0<\/span><\/strong><strong><span dir=\"auto\">vlastn\u011b d\u00edky pohodlnosti \/ lenosti v\u011bt\u0161iny ob\u010dan\u016f a zvr\u00e1cen\u00e9 soci\u00e1ln\u00ed politice v\u016f\u010di neleg\u00e1ln\u00edm a ukrajinsk\u00fdm migrant\u016fm!<\/span><\/strong><\/p>\n<p><strong><span dir=\"auto\">Nebude Evropy, mo\u017en\u00e1 nebude Sv\u011bta, ale bude-li n\u011bjak\u00e1 smyslupln\u00e1 budoucnost tak na kontinentu kter\u00fd se d\u00edky tradici neznalosti geologick\u00fdch proces\u016f a zem\u011bpisu starov\u011bku naz\u00fdvali rozd\u011blen\u011b jako Asie a Evropa, kter\u00e1 se stane i lingvisticky a zem\u011bpisn\u011b zpr\u00e1v\u00a0<\/span><\/strong><strong><span dir=\"auto\">ne naz\u00fdvan\u00fdm kontinentem obklopen\u00fdm vodami mo\u0159\u00ed!<\/span><\/strong><\/p>\n<p><a href=\"https:\/\/veget.blog.pravda.sk\/2025\/12\/26\/bohorovnost-a-mesianstvo-najhorsia-kombinacia-mentalnych-nemoci-politikov-vladcov\/\"><em><span dir=\"auto\">Peter Ponick\u00fd Lo\u0161onci<\/span><\/em><\/a><\/p>\n<p>&nbsp;<\/p>\n","protected":false},"excerpt":{"rendered":"<p>P\u0159esn\u011b takto se d\u00e1 charakterizovat Donald Trump. \u201eAmerica First\u201c \u2013 Spojen\u00e9 st\u00e1ty na prvn\u00edm m\u00edst\u011b,&#8230;<\/p>\n","protected":false},"author":2,"featured_media":94505,"comment_status":"closed","ping_status":"closed","sticky":false,"template":"","format":"standard","meta":[],"categories":[6],"tags":[1352,283,1503,10318,35,37],"_links":{"self":[{"href":"https:\/\/www.infokuryr.cz\/n\/wp-json\/wp\/v2\/posts\/95477"}],"collection":[{"href":"https:\/\/www.infokuryr.cz\/n\/wp-json\/wp\/v2\/posts"}],"about":[{"href":"https:\/\/www.infokuryr.cz\/n\/wp-json\/wp\/v2\/types\/post"}],"author":[{"embeddable":true,"href":"https:\/\/www.infokuryr.cz\/n\/wp-json\/wp\/v2\/users\/2"}],"replies":[{"embeddable":true,"href":"https:\/\/www.infokuryr.cz\/n\/wp-json\/wp\/v2\/comments?post=95477"}],"version-history":[{"count":1,"href":"https:\/\/www.infokuryr.cz\/n\/wp-json\/wp\/v2\/posts\/95477\/revisions"}],"predecessor-version":[{"id":95479,"href":"https:\/\/www.infokuryr.cz\/n\/wp-json\/wp\/v2\/posts\/95477\/revisions\/95479"}],"wp:featuredmedia":[{"embeddable":true,"href":"https:\/\/www.infokuryr.cz\/n\/wp-json\/wp\/v2\/media\/94505"}],"wp:attachment":[{"href":"https:\/\/www.infokuryr.cz\/n\/wp-json\/wp\/v2\/media?parent=95477"}],"wp:term":[{"taxonomy":"category","embeddable":true,"href":"https:\/\/www.infokuryr.cz\/n\/wp-json\/wp\/v2\/categories?post=95477"},{"taxonomy":"post_tag","embeddable":true,"href":"https:\/\/www.infokuryr.cz\/n\/wp-json\/wp\/v2\/tags?post=95477"}],"curies":[{"name":"wp","href":"https:\/\/api.w.org\/{rel}","templated":true}]}}