{"id":95474,"date":"2025-12-27T00:19:28","date_gmt":"2025-12-26T23:19:28","guid":{"rendered":"https:\/\/www.infokuryr.cz\/n\/?p=95474"},"modified":"2025-12-26T11:18:58","modified_gmt":"2025-12-26T10:18:58","slug":"miroslav-petr-jde-politikum-o-vase-zdravi","status":"publish","type":"post","link":"https:\/\/www.infokuryr.cz\/n\/2025\/12\/27\/miroslav-petr-jde-politikum-o-vase-zdravi\/","title":{"rendered":"Miroslav Petr: Jde politik\u016fm o va\u0161e zdrav\u00ed?"},"content":{"rendered":"<div id=\"fb-root\"><\/div>\n<p>V Kanad\u011b jsou v eutan\u00e1zii preferov\u00e1ni invalid\u00e9, bezdomovci a chud\u00ed lid\u00e9. Na druh\u00e9 stran\u011b, pokud jde o kovid, tak t\u00e9m\u011b\u0159 v\u0161em politik\u016fm na sv\u011bt\u011b \u0161lo o\u00a0 va\u0161e zdrav\u00ed a \u017eivoty. L\u00e9k na cukrovku a rakovinu dodnes neexistuje, ale na kovid byl &#8222;vynalezen&#8220; za p\u00e1r t\u00fddn\u016f. A ze dne na den byli v\u0161ichni nemocn\u00ed na kovid zcela zdr\u00e1vi. Dokonce kovid byl tak inteligentn\u00ed, \u017ee cestoval i po lese, kde nenajdete ani \u017eiv\u00e1\u010dka, a dokonce m\u011bl hodinky, aby se mohl probudit v dev\u011bt hodin ve\u010der. EU zak\u00e1zala podrobn\u00e9 informace o p\u0159\u00edrodn\u00edch l\u00e9c\u00edch a bylink\u00e1ch.<\/p>\n<p>Zak\u00e1zala i l\u00e9\u010dit ivermerktinem kovid.\u00a0 EU dovolila Ukrajin\u011b vyv\u00e1\u017eet do zem\u00ed EU oz\u00e1\u0159en\u00e9 rakovinotvorn\u00e9 obil\u00ed. Domluvila i dovoz potravin z druh\u00e9 strany zem\u011bkoule, kde nemaj\u00ed tak p\u0159\u00edsn\u00e9 normy na potraviny. Schv\u00e1lila i syntetick\u00e9 &#8222;maso&#8220; a hmyz v potravin\u00e1ch bez ozna\u010den\u00ed, \u017ee je v nich hmyz. Po\u0159\u00e1d nic?<\/p>\n<p>Jestli\u017ee Rusov\u00e9 na Ukrajin\u011b postupuj\u00ed tak pomalu, jak by s takov\u00fdm tempem mohli obsadit celou Evropu? Pro\u010d by Rusko bojovalo proti nejv\u011bt\u0161\u00ed arm\u00e1d\u011b na sv\u011bt\u011b? Pro\u010d nejv\u011bt\u0161\u00ed arm\u00e1da na sv\u011bt\u011b nechr\u00e1n\u00ed Evropu p\u0159ed op\u00e1len\u00fdmi chirurgy. Po\u0159\u00e1d nic? Jsou to skute\u010dn\u011b na\u0161i spojenci a ochr\u00e1nci? Pro\u010d by NATO m\u011blo ob\u011btovat sv\u00e9 \u017eivoty pro jakousi malou \u010cR? Zkuste na globusu naj\u00edt drobnou \u010cR&#8230;<\/p>\n<div>\n<p>Agent P\u00e1vek zcela ve\u0159ejn\u011b p\u0159iznal, \u017ee kandidovat na prezidenta bude jen a jen podle v\u00fdsledk\u016f dal\u0161\u00edch voleb. Vzorn\u011b t\u00edm dok\u00e1zal, \u017ee je to prvn\u00ed americko-bruselsk\u00e1 zbab\u011bl\u00e1 loutka v \u010cR, kter\u00e1 m\u00e1 strach neplnit rozkazy sv\u00fdch nad\u0159\u00edzen\u00fdch. Je tak zbab\u011bl\u00fd, \u017ee m\u00e1 strach kritizovat minulou vl\u00e1du zlo\u010dinc\u016f a mafi\u00e1n\u016f! M\u00e1 strach i ze Ziskovek, kter\u00fdm chce zarazit Turek pen\u00edze. Proto nechce ve vl\u00e1d\u011b Turka.<\/p>\n<p>J \u0160t\u011btina v srpnu 2023 reagoval na \u010dl\u00e1nek o brut\u00e1ln\u00edm n\u00e1sil\u00ed Ukrajince proti patn\u00e1ctilet\u00e9 d\u00edvce. V l\u00e9t\u011b vyl\u00e1kal d\u00edvku na proch\u00e1zku k \u0159ece, odvedl ji do lesa, sv\u00e1zal j\u00ed ruce, p\u0159elepil \u00fasta a zn\u00e1silnil ji. Pak ji po\u0159ezal, str\u010dil do pytle a m\u011bl ji hodit ze sr\u00e1zu. D\u00edky p\u0159edst\u00edr\u00e1n\u00ed smrti p\u0159e\u017eila. Pak se dostala z lesa a zavolala si z\u00e1chranku. D. \u0160. napsal &#8222;fuck off Ukrajina, at u\u017e je Rus\u00e1ci smahnou a je klid.&#8220; M\u00edsto aby byl odsouzen rasista Ukrajinec, tak byl potrest\u00e1n kritik tohoto zlo\u010dince. Dle\u00a0 soudce tento odsouzen\u00fd sv\u00fdm v\u00fdrokem schvaloval ruskou v\u00e1lku proti Ukrajin\u011b. Opravdu nem\u00e1me politick\u00e9 procesy? Kolik politick\u00fdch proces\u016f m\u011bl tento soudce v minul\u00e9m re\u017eimu? Je trag\u00e9di\u00ed, \u017ee odvol\u00e1n\u00ed soudc\u016f chce pouh\u00fdch asi 12% voli\u010d\u016f.<\/p>\n<p><img decoding=\"async\" loading=\"lazy\" class=\"wp-image-94843 aligncenter\" src=\"http:\/\/www.infokuryr.cz\/n\/wp-content\/uploads\/2025\/12\/popelka-hrad-300x141.jpg\" alt=\"\" width=\"1083\" height=\"509\" srcset=\"https:\/\/www.infokuryr.cz\/n\/wp-content\/uploads\/2025\/12\/popelka-hrad-300x141.jpg 300w, https:\/\/www.infokuryr.cz\/n\/wp-content\/uploads\/2025\/12\/popelka-hrad-768x360.jpg 768w, https:\/\/www.infokuryr.cz\/n\/wp-content\/uploads\/2025\/12\/popelka-hrad.jpg 977w\" sizes=\"(max-width: 1083px) 100vw, 1083px\" \/><\/p>\n<div>\n<p>V progresivistick\u00e9m San Franciscu z\u016fstala st\u00e1t samo\u0159iditeln\u00e1 auta po v\u00fdpadku proudu.<\/p>\n<p>Makaron m\u00e1 oblibu pouh\u00fdch 12%. Nejen kdysi velmi bohat\u00e9 N\u011bmecko, ale i Francie je v krizi, proto se chce vr\u00e1tit ke spolupr\u00e1ci s Ruskem. Bez levn\u00e9 energie nelze existovat. P\u0159ijde \u010das, kdy se velmi r\u00e1di p\u0159ipoj\u00edme k rusk\u00e9mu plynu a rop\u011b.<\/p>\n<p>EK zah\u00e1jila \u0159\u00edzen\u00ed proti Slovensku, proto\u017ee si do \u00fastavy p\u0159idalo ustanoven\u00ed o sv\u00e9 svrchovanosti. P\u0159elo\u017eeno-potomci eses\u00e1k\u016f \u0159\u00edkaj\u00ed Slov\u00e1k\u016fm, aby dr\u017eeli huby. Nad\u0159azenost rozkaz\u016f a z\u00e1kon\u016f EU p\u0159ed z\u00e1kony v\u0161ech zem\u00ed EU nen\u00ed kr\u00e1l\u00edk\u016fm pro z\u00e1bavu!<\/p>\n<p>N\u011bmeck\u00fd europoslanec \u0159\u00edk\u00e1, \u017ee v\u011bt\u0161ina zem\u00ed sv\u011bta podporuje Rusko, proto\u017ee jasn\u011b vid\u00ed ko\u0159en konfliktu- p\u0159ibli\u017eov\u00e1n\u00ed NATO k rusk\u00fdm hranic\u00edm. Dokonce n\u011bkter\u00e9 st\u00e1ty NATO uzn\u00e1vaj\u00ed, \u017ee rusk\u00e9 z\u00e1jmy nebyly br\u00e1ny dostate\u010dn\u011b v\u00e1\u017en\u011b.<\/p>\n<p>V N\u011bmecku kles\u00e1 v\u00fdroba nejen aut, ale i \u010dokol\u00e1dov\u00fdch figurek. Op\u00e1len\u00ed chirurgov\u00e9 p\u0159ece nebudou \u017er\u00e1t, pardon, j\u00edst rasisticky \u010dernou \u010dokol\u00e1du.<\/p>\n<p>Cel\u00e1 Evropa protestuje proti brann\u00e9 povinnosti. Kdo tedy p\u016fjde do v\u00e1lky, kdy\u017e profesion\u00e1l\u016f\u00a0 z\u00e1lo\u017e\u00e1k\u016f a dobrovoln\u00edk\u016f je velk\u00fd nedostatek. Nav\u00edc dne\u0161n\u00ed generace u\u017e nen\u00ed schopna ud\u011blat prachoby\u010dejn\u00fd kotrmelec, nato\u017e ub\u011bhnout stovku aspon za p\u016fl minuty! Nejsou lidi, p\u0159esto jen idiotsk\u00e9 loutky \u017eenou sv\u00e9 n\u00e1rody na jistou smrt. Gener\u00e1l\u016f m\u00e1me v\u00edc ne\u017e voj\u00e1k\u016f&#8230;<\/p>\n<p>Ir\u00e1\u010dan ve \u0160v\u00e9dsku zn\u00e1silnil stoletou sta\u0159enku a dostal m\u00edrn\u00fd trest a nebude deportov\u00e1n. Z\u0159ejm\u011b aby mohl zn\u00e1silnovat i mal\u00e9 d\u011bti.<\/p>\n<p>D\u011bti v \u010d\u00e1sti N\u011bmecka se u\u017e nebudou u\u010dit d\u00edky inkluzi d\u011blen\u00ed a desetinn\u00e1 m\u00edsta. Inkluze je dobrovoln\u00e9 sni\u017eov\u00e1n\u00ed IQ, ale to Loupe\u017en\u00edci nepochop\u00ed.<\/p>\n<p>Dle klima\u0161\u00edlenc\u016f glob\u00e1ln\u00ed oteplov\u00e1n\u00ed vede k dob\u011b ledov\u00e9. U\u017e ch\u00e1pu, pro\u010d psychiat\u0159i nest\u00edhaj\u00ed a pro\u010d Chocholou\u0161ek nen\u00ed k nalezen\u00ed.<\/p>\n<p>Rusko a \u010c\u00edna podporuj\u00ed Venezuelu p\u0159ed americkou agres\u00ed. Bylo to v &#8222;demokratick\u00e9&#8220; \u010cT, na Nov\u011b \u010di CNN?<\/p>\n<div>D\u0159\u00edve &#8222;v\u00e1no\u010dn\u00ed trhy&#8220;, dnes &#8222;zimn\u00ed sv\u00e1tky&#8220; se ru\u0161\u00ed po cel\u00e9 Evrop\u011b a zav\u00e1d\u00ed se Ramad\u00e1n. Chud\u00e1ci d\u011bti&#8230;<\/div>\n<div><\/div>\n<div>Desetitis\u00edce Ukrajinc\u016f se na sv\u00e1tky vrac\u00ed dom\u016f. Pro\u010d p\u0159ij\u00ed\u017ed\u00ed do zem\u011b, kde je pr\u00fd &#8222;v\u00e1lka&#8220;? Pro\u010d tolik politik\u016f nav\u0161t\u011bvuje zemi, kde pr\u00fd se &#8222;v\u00e1l\u010d\u00ed&#8220;? \u017de by \u010desk\u00e1 u\u010ditelka Bedn\u00e1\u0159ov\u00e1 m\u011bla pravdu a o \u017e\u00e1dnou v\u00e1lku se nejedn\u00e1?<\/div>\n<div><\/div>\n<div>Hnusn\u00e1 husopaska Blbu\u0161e schvaluje p\u0159ed\u010dasn\u00e9 vra\u017ed\u011bn\u00ed je\u0161t\u011b nenarozen\u00fdch d\u011bt\u00ed. Kr\u00e1l Herodes to d\u011blal a\u017e na novorozenc\u00edch. Pro\u010d to nevyzkou\u0161ela na sv\u00e9m potomkovi?<\/div>\n<p>Dikt\u00e1tor \u0159ekl, \u017ee Turek nebude ministrem. Agent P\u00e1vek m\u00e1 strach ze Ziskovek a ze siln\u00e9 konkurence. Pro\u010d u\u017e na Hrad\u011b nedemonstruj\u00ed miliony \u010cech\u016f za odvol\u00e1n\u00ed nejhor\u0161\u00edho reprezentanta \u010cR v cel\u00e9m sv\u011bt\u011b? Nen\u00ed nejvy\u0161\u0161\u00ed \u010das velmi siln\u011b omezit finance na Hrad a soudru\u017eku tohoto zbab\u011bl\u00e9ho vlastizr\u00e1dce??<\/p>\n<p><a href=\"https:\/\/www.czechfreepress.cz\/dalsi-blogy\/jde-politikum-o-vase-zdravi.html\">Miroslav Petr<\/a><\/p>\n<p>&nbsp;<\/p>\n<\/div>\n<\/div>\n","protected":false},"excerpt":{"rendered":"<p>V Kanad\u011b jsou v eutan\u00e1zii preferov\u00e1ni invalid\u00e9, bezdomovci a chud\u00ed lid\u00e9. Na druh\u00e9 stran\u011b, pokud&#8230;<\/p>\n","protected":false},"author":2,"featured_media":90525,"comment_status":"closed","ping_status":"closed","sticky":false,"template":"","format":"standard","meta":[],"categories":[6],"tags":[1503,35,21],"_links":{"self":[{"href":"https:\/\/www.infokuryr.cz\/n\/wp-json\/wp\/v2\/posts\/95474"}],"collection":[{"href":"https:\/\/www.infokuryr.cz\/n\/wp-json\/wp\/v2\/posts"}],"about":[{"href":"https:\/\/www.infokuryr.cz\/n\/wp-json\/wp\/v2\/types\/post"}],"author":[{"embeddable":true,"href":"https:\/\/www.infokuryr.cz\/n\/wp-json\/wp\/v2\/users\/2"}],"replies":[{"embeddable":true,"href":"https:\/\/www.infokuryr.cz\/n\/wp-json\/wp\/v2\/comments?post=95474"}],"version-history":[{"count":0,"href":"https:\/\/www.infokuryr.cz\/n\/wp-json\/wp\/v2\/posts\/95474\/revisions"}],"wp:featuredmedia":[{"embeddable":true,"href":"https:\/\/www.infokuryr.cz\/n\/wp-json\/wp\/v2\/media\/90525"}],"wp:attachment":[{"href":"https:\/\/www.infokuryr.cz\/n\/wp-json\/wp\/v2\/media?parent=95474"}],"wp:term":[{"taxonomy":"category","embeddable":true,"href":"https:\/\/www.infokuryr.cz\/n\/wp-json\/wp\/v2\/categories?post=95474"},{"taxonomy":"post_tag","embeddable":true,"href":"https:\/\/www.infokuryr.cz\/n\/wp-json\/wp\/v2\/tags?post=95474"}],"curies":[{"name":"wp","href":"https:\/\/api.w.org\/{rel}","templated":true}]}}