{"id":95457,"date":"2025-12-27T00:21:14","date_gmt":"2025-12-26T23:21:14","guid":{"rendered":"https:\/\/www.infokuryr.cz\/n\/?p=95457"},"modified":"2025-12-26T10:33:26","modified_gmt":"2025-12-26T09:33:26","slug":"jake-to-je-prezit-v-gaze-kdyz-vam-zabijeji-deti","status":"publish","type":"post","link":"https:\/\/www.infokuryr.cz\/n\/2025\/12\/27\/jake-to-je-prezit-v-gaze-kdyz-vam-zabijeji-deti\/","title":{"rendered":"Jak\u00e9 to je p\u0159e\u017e\u00edt v Gaze, kdy\u017e v\u00e1m zab\u00edjej\u00ed d\u011bti"},"content":{"rendered":"<div id=\"fb-root\"><\/div>\n<h4>Prost\u0159ednictv\u00edm p\u0159\u00edsp\u011bvk\u016f a rozhovor\u016f na Facebooku sd\u00edlej\u00ed \u010dty\u0159i poz\u016fstal\u00e9 palestinsk\u00e9 matky sv\u00e9 p\u0159\u00edb\u011bhy o nep\u0159edstaviteln\u00e9 ztr\u00e1t\u011b, kter\u00e9 odr\u00e1\u017eej\u00ed zk\u00e1zu, je\u017e neu\u0161et\u0159ila \u017e\u00e1dn\u00fd domov v Gaze.<\/h4>\n<div class=\"field field-body clearfix\" style=\"text-align: left;\">\n<p><span dir=\"auto\">Lidsk\u00e9 trag\u00e9die zp\u016fsoben\u00e9\u00a0pokra\u010duj\u00edc\u00ed izraelskou\u00a0<\/span><a href=\"https:\/\/www.middleeasteye.net\/countries\/israel\" target=\"_blank\" rel=\"noopener\"><span dir=\"auto\">genocidou\u00a0<\/span><\/a><a href=\"https:\/\/www.middleeasteye.net\/topics\/israel-genocide-gaza\" target=\"_blank\" rel=\"noopener\"><span dir=\"auto\">v Gaze<\/span><\/a><span dir=\"auto\">\u00a0jsou nespo\u010detn\u00e9.<\/span><\/p>\n<p><span dir=\"auto\">T\u00e9m\u011b\u0159 dva miliony\u00a0<\/span><a href=\"https:\/\/www.middleeasteye.net\/countries\/palestine\" target=\"_blank\" rel=\"noopener\"><span dir=\"auto\">Palestinc\u016f<\/span><\/a><span dir=\"auto\">\u00a0pro\u017e\u00edvaj\u00ed bolest a z\u00e1rmutek a ka\u017ed\u00e1 rodina si nese sv\u016fj vlastn\u00ed p\u0159\u00edb\u011bh zk\u00e1zy uprost\u0159ed hr\u016fzn\u00fdch masakr\u016f a ni\u010den\u00ed domov\u016f.<\/span><\/p>\n<p><span dir=\"auto\">Pro matku je smrt d\u00edt\u011bte celo\u017eivotn\u00ed bolest\u00ed. V Gaze dos\u00e1hla neb\u00fdval\u00e9ho a nep\u0159edstaviteln\u00e9ho rozsahu. Smrt nep\u0159ich\u00e1z\u00ed po jednom, ale v d\u00e1vk\u00e1ch.<\/span><\/p>\n<p><span dir=\"auto\">Dne 24. kv\u011btna p\u0159i\u0161la d\u011btsk\u00e1 l\u00e9ka\u0159ka Dr. Alaa al-Najjarov\u00e1 p\u0159i jedin\u00e9m izraelsk\u00e9m leteck\u00e9m \u00fatoku o \u017eivot\u00a0<\/span><a href=\"https:\/\/www.middleeasteye.net\/news\/gaza-doctor-receives-bodies-her-seven-children-while-duty\" target=\"_blank\" rel=\"noopener\"><span dir=\"auto\">dev\u011bt sv\u00fdch d\u011bt\u00ed<\/span><\/a><span dir=\"auto\">\u00a0. Jej\u00ed d\u016fm byl bombardov\u00e1n, kdy\u017e pracovala v nemocnici Nasser v Ch\u00e1n J\u00fanis a sna\u017eila se zachr\u00e1nit zran\u011bn\u00e9.<\/span><\/p>\n<p><span dir=\"auto\">\u017d\u00e1dn\u00e1 slova nesta\u010d\u00ed k vyj\u00e1d\u0159en\u00ed toho, co tyto matky pro\u017eily. P\u0159esto se n\u011bkter\u00e9 z nich, jejich\u017e d\u011bti Izrael zabil, rozhodly pod\u011blit o sv\u00e9 p\u0159\u00edb\u011bhy. Shrom\u00e1\u017ed\u00edm v\u00fdpov\u011bdi \u010dty\u0159 matek, \u010derpaj\u00edc\u00ed z p\u0159\u00edm\u00fdch rozhovor\u016f a slov, kter\u00e1 ve\u0159ejn\u011b sd\u00edlely na Facebooku.<\/span><\/p>\n<p><span dir=\"auto\">Jejich zku\u0161enosti nab\u00edzej\u00ed jen letm\u00fd letm\u00fd pohled na drtivou katastrofu, kter\u00e9 rodiny v Gaze \u010del\u00ed od \u0159\u00edjna 2023.<\/span><\/p>\n<h3><span dir=\"auto\">Poh\u0159ben za\u017eiva<\/span><\/h3>\n<p><span dir=\"auto\">B\u00e1sn\u00ed\u0159ka Alaa al-Qattrawi p\u0159i\u0161la za hr\u016fzn\u00fdch okolnost\u00ed o v\u0161echny \u010dty\u0159i sv\u00e9 d\u011bti najednou.<\/span><\/p>\n<p><span dir=\"auto\">Dne 13. prosince 2023 byla Alaa v dom\u011b sv\u00e9 rodiny v centr\u00e1ln\u00ed Gaze, zat\u00edmco jej\u00ed d\u011bti pob\u00fdvaly u sv\u00e9ho otce v Ch\u00e1n J\u00fanis. Kdy\u017e izraelsk\u00e1 arm\u00e1da vtrhla do m\u011bsta a zatkla jejich otce, d\u011bti z\u016fstaly uv\u011bzn\u011bny se svou babi\u010dkou.<\/span><\/p>\n<p><span dir=\"auto\">Alaaina dcera Orkida se poda\u0159ilo zavolat matce a prosit ji o pomoc. \u0158ekla, \u017ee nemohou opustit d\u016fm, proto\u017ee ho obklopuj\u00ed izrael\u0161t\u00ed odst\u0159elova\u010di. Kr\u00e1tce pot\u00e9 izrael\u0161t\u00ed voj\u00e1ci zabavili mobiln\u00ed telefony v dom\u011b a na \u010dty\u0159i m\u011bs\u00edce p\u0159eru\u0161ili ve\u0161ker\u00fd kontakt mezi Alaa a jej\u00edmi d\u011btmi.<\/span><\/p>\n<p><em><span dir=\"auto\">Izrael\u0161t\u00ed voj\u00e1ci zabavili mobiln\u00ed telefony v dom\u011b a na \u010dty\u0159i m\u011bs\u00edce p\u0159eru\u0161ili ve\u0161ker\u00fd kontakt mezi Alaou a jej\u00edmi d\u011btmi.<\/span><\/em><\/p>\n<p><span dir=\"auto\">Pozd\u011bji dorazila zpr\u00e1va, \u017ee Izrael zni\u010dil d\u016fm, kde se d\u011bti ukr\u00fdvaly.<\/span><\/p>\n<p><span dir=\"auto\">Alaa\u00a0<\/span><a href=\"https:\/\/www.facebook.com\/share\/p\/1BXFmYEah2\/\" target=\"_blank\" rel=\"noopener\"><span dir=\"auto\">p\u00ed\u0161e<\/span><\/a><span dir=\"auto\">\u00a0sv\u00e9 dce\u0159i Orkid\u011b: \u201eNedok\u00e1\u017eu si p\u0159edstavit, \u017ee tv\u00e9 hebk\u00e9 t\u011blo a tv\u00e9 kr\u00e1sn\u00e9 vlasy jsou pod troskami t\u0159\u00edpatrov\u00e9ho betonov\u00e9ho domu. To si ani nechci p\u0159edstavovat. Ale st\u00e1le si pamatuji tv\u016fj hlas p\u0159edt\u00edm, ne\u017e se p\u0159eru\u0161ilo spojen\u00ed, jak mi \u0159\u00edkala, \u017ee na m\u011b po\u010dk\u00e1\u0161, a\u017e t\u011b odtamtud dostanu, a \u017ee se star\u00e1\u0161 o svou malou sest\u0159i\u010dku Carmel.\u201c<\/span><\/p>\n<p><span dir=\"auto\">V dubnu 2024, pot\u00e9, co se izraelsk\u00e1 arm\u00e1da st\u00e1hla z Ch\u00e1n J\u00fanis, se pravda potvrdila. Byly zabity \u010dty\u0159i d\u011bti: osmilet\u00fd Jamen, \u0161estilet\u00e1 dvoj\u010data Kinan a Orkida a t\u0159\u00edlet\u00fd Carmel. Jejich t\u011bla z\u016fstala pod troskami \u010dty\u0159i m\u011bs\u00edce a nikdo se k nim nemohl dostat.<\/span><\/p>\n<p><span dir=\"auto\">Kdy\u017e Alaa vzpom\u00edn\u00e1 na porod sv\u00fdch d\u011bt\u00ed, popisuje jemn\u00e9 chirurgick\u00e9 stehy, kter\u00e9 j\u00ed zanechaly c\u00edsa\u0159sk\u00e9 \u0159ezy. \u0158\u00edk\u00e1, \u017ee si jich roky sotva v\u0161\u00edmala. Ale po ztr\u00e1t\u011b d\u011bt\u00ed se staly neust\u00e1l\u00fdm zdrojem bolesti.<\/span><\/p>\n<div class=\"group-inner\">\n<div class=\"group-inner\">\n<div class=\"embedded-entity\" data-embed-button=\"file_browser\" data-entity-embed-display=\"image:image\" data-entity-embed-display-settings=\"{\" data-entity-type=\"file\" data-entity-uuid=\"80a61f1b-7677-4f14-bb9f-dc86872f64b5\" data-langcode=\"en\"><img decoding=\"async\" loading=\"lazy\" class=\"aligncenter\" src=\"https:\/\/www.middleeasteye.net\/sites\/default\/files\/Alaa%20al-Qattarawi-daughter%281%29.jpg\" alt=\"Alaa al-Qattrawi se svou dcerou Orkidou na nedatovan\u00e9 fotografii; Orkida byla zabita spolu se sv\u00fdmi sourozenci p\u0159i izraelsk\u00e9m leteck\u00e9m \u00fatoku na jejich d\u016fm v Ch\u00e1n J\u00fanis v prosinci 2023 (Facebook)\" width=\"834\" height=\"469\" \/><\/div>\n<\/div>\n<\/div>\n<p class=\"media-block\" role=\"group\"><em><span dir=\"auto\">Alaa al-Qattrawi se svou dcerou Orkidou, kter\u00e1 byla spolu se sv\u00fdmi sourozenci zabita p\u0159i izraelsk\u00e9m leteck\u00e9m \u00fatoku na jejich d\u016fm v Ch\u00e1n J\u00fanis v prosinci 2023 (Facebook)<br \/>\n*<\/span><\/em><\/p>\n<p><span dir=\"auto\">P\u00ed\u0161e\u00a0<\/span><a href=\"https:\/\/www.facebook.com\/share\/p\/16S7or9rWS\/\" target=\"_blank\" rel=\"noopener\"><span dir=\"auto\">:<\/span><\/a><span dir=\"auto\">\u00a0\u201e\u010casto jsem na to zapom\u00ednala. T\u00e9 jemn\u00e9 kosmetick\u00e9 nitky jsem si t\u00e9m\u011b\u0159 nikdy nev\u0161imla. Ale te\u010f ji c\u00edt\u00edm a \u010dasto vid\u00edm. Dok\u00e1\u017eu se na ni opravdu pod\u00edvat a za\u010dala m\u011b ovliv\u0148ovat. Bol\u00ed m\u011b z n\u00ed srdce, j\u00e1tra, du\u0161e a dokonce i s ka\u017ed\u00fdm n\u00e1dechem, mezi n\u00e1dechem a v\u00fddechem. Nikdo mi nikdy ne\u0159ekl, \u017ee tato jemn\u00e1 nitka v m\u00e9m t\u011ble mi bude ka\u017edou minutu p\u0159ipom\u00ednat, \u017ee jsi porodila chlapce, d\u00edvku a dvoj\u010data, kr\u00e1sn\u00e9 d\u011bti, a pak jsi z\u016fstala sama.\u201c<\/span><\/p>\n<p><span dir=\"auto\">Alaa pozd\u011bji\u00a0<\/span><a href=\"https:\/\/www.facebook.com\/share\/p\/1G5tETSyd2\/\" target=\"_blank\" rel=\"noopener\"><span dir=\"auto\">oslovuje<\/span><\/a><span dir=\"auto\">\u00a0\u00a0sv\u00e9 d\u011bti p\u0159\u00edmo:\u00a0<\/span><\/p>\n<p class=\"Indent1\"><span dir=\"auto\">Ne\u017e jste m\u011bli se\u0161ity a \u0161koln\u00ed ta\u0161ky, speci\u00e1ln\u00ed \u00fa\u010des a specifick\u00e9 parf\u00e9my, kter\u00e9 jste milovali, barevn\u00e9 tu\u017eky a hrub\u00e9 n\u00e1\u010drty, z\u00e1pisn\u00edk na pozn\u00e1mky a tajn\u00fd den\u00edk; ne\u017e jste m\u011bli sv\u016fj vlastn\u00ed vkus v j\u00eddle \u2013 pokrmy, kter\u00e9 jste milovali a pozd\u011bji odm\u00edtali, a pokrmy, kter\u00e9 jste kdysi odm\u00edtali a pozd\u011bji jste si je zamilovali; certifik\u00e1ty a fotografie k zav\u011b\u0161en\u00ed na ze\u010f, koutek, kter\u00fd jste d\u00e1vali p\u0159ednost, a speci\u00e1ln\u00ed hrnek na v\u00e1\u0161 obl\u00edben\u00fd n\u00e1poj; rom\u00e1ny a knihy b\u00e1sn\u00ed a z\u00e1lo\u017eky; dioptrick\u00e9 br\u00fdle a slune\u010dn\u00ed br\u00fdle; soukrom\u00e9 my\u0161lenky a duchovn\u00ed sklony, z\u00e1\u017eitky v\u011bdom\u00ed i nev\u011bdom\u00ed; dopisy, milovan\u00e9, p\u0159\u00e1tele a hudbu, jej\u00ed\u017e melodie jste si uchov\u00e1vali, kdykoli se srdce rozzlobilo; a kor\u00e1nskou s\u00faru s vlastn\u00edm zvl\u00e1\u0161tn\u00edm dozvukem ve chv\u00edl\u00edch va\u0161eho zamy\u0161len\u00ed \u2013 Izrael v\u00e1m toto v\u0161echno vzal a m\u00edsto toho v\u00e1m dal \u010dty\u0159i hroby.<\/span><\/p>\n<p><span dir=\"auto\">Pot\u00e9, co\u00a0bylo v \u0159\u00edjnu 2025 vyhl\u00e1\u0161eno\u00a0<\/span><a href=\"https:\/\/www.middleeasteye.net\/news\/full-list-israels-ceasefire-violations-gaza\" target=\"_blank\" rel=\"noopener\"><span dir=\"auto\">p\u0159\u00edm\u011b\u0159\u00ed , Alaa\u00a0<\/span><\/a><a href=\"https:\/\/www.facebook.com\/share\/p\/1Mgpd1h7qt\/\" target=\"_blank\" rel=\"noopener\"><span dir=\"auto\">poznamen\u00e1v\u00e1<\/span><\/a><span dir=\"auto\">\u00a0: \u201eNem\u016f\u017eu uv\u011b\u0159it, \u017ee v\u00e1lka skon\u010dila, ale m\u016f\u017eu uv\u011b\u0159it, \u017ee okupace je monstrum a \u017ee lidstvo je jej\u00ed obl\u00edbenou ko\u0159ist\u00ed.\u201c<\/span><\/p>\n<h3><span dir=\"auto\">Pod troskami<\/span><\/h3>\n<p><span dir=\"auto\">15. ledna 2024 byla Aya Shamma doma se sv\u00fdmi t\u0159emi d\u011btmi: sedmilet\u00fdm Yamanem, p\u011btilet\u00fdm Nasserem a pouh\u00fdch 51denn\u00edm mal\u00fdm Rayanem. Izraelsk\u00e9 letadlo bombardovalo d\u016fm, zat\u00edmco d\u011bti spaly.<\/span><\/p>\n<p><span dir=\"auto\">D\u016fm se na n\u011b z\u0159\u00edtil. Yaman zem\u0159el udu\u0161en\u00edm pod troskami. Mal\u00fd Rayan byl hozen ze t\u0159et\u00edho patra do sousedn\u00edho domu. Ayu a jej\u00edho syna Nassera z trosek vyt\u00e1hli soused\u00e9.<\/span><\/p>\n<p><span dir=\"auto\">Aya nedok\u00e1\u017ee p\u0159estat plakat pro dv\u011b d\u011bti, kter\u00e9 ztratila: \u201eKdyby slzy mohly p\u0159iv\u00e9st zp\u011bt milovan\u00e9, moje slzy by p\u0159ivedly zp\u011bt tebe,\u201c\u00a0<\/span><a href=\"https:\/\/www.facebook.com\/share\/p\/1H6SWt5pQY\/\" target=\"_blank\" rel=\"noopener\"><span dir=\"auto\">p\u00ed\u0161e<\/span><\/a><span dir=\"auto\">\u00a0.<\/span><\/p>\n<p><span dir=\"auto\">Kdy\u017e se obracela ke sv\u00e9mu synovi\u00a0<\/span><a href=\"https:\/\/www.facebook.com\/aya.w.sh\/posts\/pfbid02FCnSETn5qDE3FZvDr5hhjPScYgtjvnckjgHK9Tbw4R1Ywg777HVVqPXgjb3dCb4nl?rdid=PGJI9uSEY0bOW22e\" target=\"_blank\" rel=\"noopener\"><span dir=\"auto\">Yamanovi<\/span><\/a><span dir=\"auto\">\u00a0, vzpom\u00ednala, jak se vyno\u0159ila zpod trosek a c\u00edtila, jak j\u00ed st\u00e1le bije vlastn\u00ed srdce, a p\u0159esv\u011bd\u010dovala se, \u017ee i jej\u00ed d\u00edt\u011b mus\u00ed b\u00fdt na\u017eivu. Napsala: \u201eByla jsem opravdu tak naivn\u00ed, \u017ee jsem zapomn\u011bla, \u017ee ka\u017ed\u00fd z n\u00e1s m\u00e1 sv\u00e9 vlastn\u00ed srdce?\u201c<\/span><\/p>\n<figure class=\"media-block\" role=\"group\">\n<div class=\"group-inner\">\n<div class=\"group-inner\">\n<div class=\"embedded-entity\" data-embed-button=\"file_browser\" data-entity-embed-display=\"image:image\" data-entity-embed-display-settings=\"{\" data-entity-type=\"file\" data-entity-uuid=\"c95283a0-70f0-4ec3-97a2-f4ce1c86fd33\" data-langcode=\"en\"><img decoding=\"async\" loading=\"lazy\" class=\"aligncenter\" src=\"https:\/\/www.middleeasteye.net\/sites\/default\/files\/Screenshot%202025-12-23%20at%205.46.33%20AM.jpg\" alt=\"Yaman, vyobrazen\u00fd na nedatovan\u00e9 fotografii sd\u00edlen\u00e9 jeho matkou Ayou Shammou, byl jedn\u00edm ze dvou d\u011bt\u00ed zabit\u00fdch p\u0159i izraelsk\u00e9m leteck\u00e9m \u00fatoku na jejich rodinn\u00fd d\u016fm v Gaze v lednu 2024 (Facebook)\" width=\"852\" height=\"479\" \/><\/div>\n<\/div>\n<\/div><figcaption><em><span dir=\"auto\">Yaman, vyobrazen\u00fd na fotografii sd\u00edlen\u00e9 jeho matkou Ayou Shammou, byl jedn\u00edm ze dvou d\u011bt\u00ed zabit\u00fdch p\u0159i izraelsk\u00e9m leteck\u00e9m \u00fatoku na jejich rodinn\u00fd d\u016fm v Gaze v lednu 2024 (Facebook)<br \/>\n*<\/span><\/em><\/figcaption><\/figure>\n<p><span dir=\"auto\">Aya\u00a0<\/span><a href=\"https:\/\/www.facebook.com\/share\/p\/1ApirHp9hK\/\" target=\"_blank\" rel=\"noopener\"><span dir=\"auto\">popisuje<\/span><\/a><span dir=\"auto\">\u00a0Yamana jako \u201emal\u00e9ho filozofa\u201c, kter\u00fd se v p\u011bti letech jednou zeptal, pro\u010d se zv\u00ed\u0159ata navz\u00e1jem jed\u00ed a pro\u010d nemohou v\u0161echna v m\u00edru \u017e\u00edt na tr\u00e1v\u011b. Sna\u017eila se ho ochr\u00e1nit p\u0159ed krutost\u00ed sv\u011bta, ale tato krutost se nakonec projevila t\u00edm, \u017ee ho zabila.<\/span><\/p>\n<p><span dir=\"auto\">\u201eNem\u011bla jsem dlouh\u00e9 lou\u010den\u00ed. Smrt mu byla bl\u00ed\u017e ne\u017e m\u00e9 objet\u00ed,\u201c p\u00ed\u0161e\u00a0<\/span><a href=\"https:\/\/www.facebook.com\/share\/p\/1D98e6q19Q\/\" target=\"_blank\" rel=\"noopener\"><span dir=\"auto\">,<\/span><\/a><span dir=\"auto\">\u00a0ne\u017e vyj\u00e1d\u0159\u00ed sv\u00e1 nemo\u017en\u00e1 p\u0159\u00e1n\u00ed v dal\u0161\u00edm v\u00fdmluvn\u00e9m p\u0159\u00edsp\u011bvku: \u201eK\u00e9\u017e by se mohli vr\u00e1tit ti, kdo jdou do nebe. K\u00e9\u017e by se jen jeden z nich vykoukl zpoza mraku, nebo poslal zpr\u00e1vu v podob\u011b v\u00e1nku, aby n\u00e1m \u0159ekl, jak se mu rozz\u00e1\u0159ila tv\u00e1\u0159 a jak\u00fd je to pocit \u2013 takov\u00fd, kter\u00fd nikdy nen\u00e1sleduje strach\u2026 K\u00e9\u017e by ses vr\u00e1til, Yamane, by\u0165 jen na okam\u017eik, by\u0165 jen ve snu, abys mi sedl do kl\u00edna jako d\u0159\u00edv, abys se m\u011b zeptal, jestli mi chyb\u00ed\u0161, a abych ti odpov\u011bd\u011bla slzami, jako jsem to d\u011blala od t\u00e9 doby, co jsi ode\u0161el.\u201c<\/span><\/p>\n<h3><span dir=\"auto\">Ukraden\u00e1 d\u011btstv\u00ed<\/span><\/h3>\n<p><span dir=\"auto\">Aya Hassouna je dal\u0161\u00ed palestinsk\u00e1 matka, jej\u00ed\u017e srdce Izrael zlomil zabit\u00edm jej\u00edch dvou d\u011bt\u00ed a man\u017eela.<\/span><\/p>\n<p><span dir=\"auto\">Dne 9. srpna 2024 si jej\u00ed man\u017eel Abdullah hr\u00e1l s jejich d\u011btmi, \u010dty\u0159let\u00fdm Hamzou a dvoulet\u00fdm Raghdem, p\u0159ed stanem, kter\u00fd si postavili v Ch\u00e1n J\u00fanis pot\u00e9, co byli n\u00e1siln\u011b vys\u00eddleni z m\u011bsta Gaza.<\/span><\/p>\n<p><span dir=\"auto\">Izraelsk\u00e9 v\u00e1le\u010dn\u00e9 letadlo odp\u00e1lilo raketu, kter\u00e1 zas\u00e1hla p\u0159edn\u00ed \u010d\u00e1st stanu a zabila v\u0161echny t\u0159i spolu s dal\u0161\u00edmi.<\/span><\/p>\n<p><span dir=\"auto\">Aya, jedin\u00e1 p\u0159e\u017eiv\u0161\u00ed, prohla\u0161uje: \u201eKdysi jsem m\u011bla kr\u00e1snou rodinu, kterou jsem tolik milovala, a m\u00e9 srdce je k n\u00ed st\u00e1le p\u0159ipout\u00e1no. Ka\u017ed\u00e9 r\u00e1no se probud\u00edm a d\u00edv\u00e1m se z okna na\u0161eho stanu \u2013 stanu, kter\u00fd b\u00fdval pln\u00fd va\u0161ich hlas\u016f a sm\u00edchu \u2013 sm\u011brem k m\u00edstu, kde jste byli zabiti.\u201c<\/span><\/p>\n<p><span dir=\"auto\">Popisuje, jak Hamz\u016fv bl\u00edzk\u00fd p\u0159\u00edtel Malik, se kter\u00fdm si hr\u00e1l, p\u0159e\u017eil jen proto, \u017ee ho matka chv\u00edli p\u0159ed dopadem rakety zavolala dovnit\u0159.<\/span><\/p>\n<p><span dir=\"auto\">Malik te\u010f chod\u00ed ka\u017ed\u00fd den, z d\u00e1lky si prohl\u00ed\u017e\u00ed stan, ne\u017e se kr\u00e1tce p\u0159ibl\u00ed\u017e\u00ed a zept\u00e1 se \u00c1ji: \u201eKdy se Hamza vr\u00e1t\u00ed?\u201c<\/span><\/p>\n<p><span dir=\"auto\">Sna\u017e\u00ed se vysv\u011btlit, \u017ee Hamza je pry\u010d a u\u017e se nevr\u00e1t\u00ed. D\u00edt\u011b nech\u00e1palo, co znamen\u00e1 odlou\u010den\u00ed. Odpov\u011bd\u011blo: \u201ePro\u010d? \u0158ekni mu, a\u0165 se vr\u00e1t\u00ed, abychom si spolu mohli hr\u00e1t.\u201c Zeptal se, pro\u010d jim Hamza nem\u016f\u017ee zavolat p\u0159es video nebo poslat fotky.<\/span><\/p>\n<p><span dir=\"auto\">Aya p\u00ed\u0161e: \u201eBo\u017ee, tahle v\u00e1lka mi ukradla samotn\u00e9 d\u011btstv\u00ed.\u201c<\/span><\/p>\n<p><span dir=\"auto\">D\u00e1le vysv\u011btluje, pro\u010d odm\u00edt\u00e1 ozna\u010dit sv\u00e9 d\u011bti za mrtv\u00e9: \u201eHr\u00e1ly si a pak najednou zmizely. Moje d\u011bti \u017eij\u00ed se sv\u00fdm P\u00e1nem a hraj\u00ed si v r\u00e1ji.\u201c<\/span><\/p>\n<p><span dir=\"auto\">Osam\u011bla se sv\u00fdm z\u00e1rmutkem, Aya vypr\u00e1v\u00ed o jedn\u00e9 noci pln\u00e9 vys\u00eddlen\u00ed a samoty:<\/span><\/p>\n<p class=\"Indent1\"><span dir=\"auto\">V pozdn\u00edch no\u010dn\u00edch hodin\u00e1ch sly\u0161\u00edm v t\u00e1bo\u0159e vedle na\u0161eho pl\u00e1\u010d mal\u00e9 hol\u010di\u010dky. Jej\u00ed hlas se podob\u00e1 hlasu m\u00e9 dcery Raghd. Poka\u017ed\u00e9, kdy\u017e pl\u00e1\u010de, m\u00e9 srdce a o\u010di pl\u00e1\u010dou s n\u00ed. Pamatuji si, jak Raghd plakala na za\u010d\u00e1tku v\u00e1lky kv\u016fli bolesti zub\u016f. D\u0159\u00edve jsem byla vzh\u016fru celou noc, abych ji ut\u011b\u0161ila. A te\u010f jsem vzh\u016fru celou noc a tou\u017e\u00edm po nich v\u0161ech. A mou jedinou z\u00e1chranou je trp\u011blivost, vytrvalost s nad\u011bj\u00ed na shled\u00e1n\u00ed.<\/span><\/p>\n<h3><span dir=\"auto\">Jeden hrob<\/span><\/h3>\n<p><span dir=\"auto\">Asma al-Mughari ztratila 23 \u010dlen\u016f sv\u00e9 rodiny, kdy\u017e izraelsk\u00e1 letadla 17. \u0159\u00edjna 2023 bombardovala jej\u00ed d\u016fm v uprchlick\u00e9m t\u00e1bo\u0159e Bureij.<\/span><\/p>\n<p><span dir=\"auto\">P\u0159i leteck\u00e9m \u00fatoku zahynuly jej\u00ed dv\u011b d\u011bti &#8211; \u0161estilet\u00e1 \u00c1ja a p\u011btilet\u00fd Abdullah &#8211; kter\u00fdm l\u00e1skypln\u011b \u0159\u00edkala Aboud, spolu s rodi\u010di, sourozenci, nete\u0159emi a synovci.<\/span><\/p>\n<p><span dir=\"auto\">Jejich t\u011bla z\u016fstala pod troskami 29 dn\u00ed, ne\u017e byla poh\u0159bena spole\u010dn\u011b do jednoho hrobu.<\/span><\/p>\n<figure class=\"media-block\" role=\"group\">\n<div class=\"group-inner\">\n<div class=\"group-inner\">\n<div class=\"embedded-entity\" data-embed-button=\"file_browser\" data-entity-embed-display=\"image:image\" data-entity-embed-display-settings=\"{\" data-entity-type=\"file\" data-entity-uuid=\"707de44e-c2c2-4ada-90dd-1b2c0bcaab0c\" data-langcode=\"en\"><img decoding=\"async\" loading=\"lazy\" class=\"aligncenter\" src=\"https:\/\/www.middleeasteye.net\/sites\/default\/files\/Asma-mughari-children.jpg\" alt=\"Aya a Abdullah jsou na nedatovan\u00e9 fotografii sd\u00edlen\u00e9 jejich matkou Asmou al-Mughari; oba byli zabiti p\u0159i izraelsk\u00e9m leteck\u00e9m \u00fatoku na jejich rodinn\u00fd d\u016fm v uprchlick\u00e9m t\u00e1bo\u0159e Bureij v \u0159\u00edjnu 2023 (Facebook)\" width=\"776\" height=\"437\" \/><\/div>\n<\/div>\n<\/div><figcaption><em><span dir=\"auto\">Sourozenci Aya a Abdullah, kte\u0159\u00ed byli zabiti p\u0159i izraelsk\u00e9m leteck\u00e9m \u00fatoku na jejich rodinn\u00fd d\u016fm v uprchlick\u00e9m t\u00e1bo\u0159e Bureij v \u0159\u00edjnu 2023, na fotografii sd\u00edlen\u00e9 jejich matkou Asmou al-Mughari (Facebook)<br \/>\n*<\/span><\/em><\/figcaption><\/figure>\n<p><span dir=\"auto\">Asma\u00a0<\/span><a href=\"https:\/\/www.facebook.com\/share\/p\/19KFkpJ6Nh\/\" target=\"_blank\" rel=\"noopener\"><span dir=\"auto\">vzpom\u00edn\u00e1<\/span><\/a><span dir=\"auto\">\u00a0: \u201eNikdy nezapomenu, kdy\u017e mi n\u011bkdo \u0159ekl: \u201aShrom\u00e1\u017edili jsme t\u011bla osmi d\u011bt\u00ed do jednoho hrobu.\u2018\u201c<\/span><\/p>\n<p><span dir=\"auto\">Odm\u00edtla vid\u011bt t\u011bla sv\u00fdch d\u011bt\u00ed a m\u00edsto toho se rozhodla zachovat obraz, kter\u00fd si o nich uchov\u00e1vala za \u017eivota.<\/span><\/p>\n<p><span dir=\"auto\">\u201eOdpus\u0165 mi&#8230; kdybych mohla, ochr\u00e1nila bych t\u011b a dr\u017eela v n\u00e1ru\u010d\u00ed,\u201c dod\u00e1v\u00e1.<\/span><\/p>\n<p><span dir=\"auto\">V jin\u00e9m p\u0159\u00edsp\u011bvku Asma oslovuje sv\u00e9 d\u011bti b\u011bhem\u00a0<\/span><a href=\"https:\/\/www.facebook.com\/share\/r\/1JcW3pHM5X\/\" target=\"_blank\" rel=\"noopener\"><span dir=\"auto\">sv\u00e1tk\u016f<\/span><\/a><span dir=\"auto\">\u00a0: \u201eNevzbudila jsem se k va\u0161emu nad\u0161en\u00ed. Neobl\u00e9kla jsem v\u00e1s do va\u0161ich \u0161at\u016f na \u00edd. Nedala jsem v\u00e1m pen\u00edze na \u00edd. V r\u00e1ji, mami.\u201c<\/span><\/p>\n<p><em><span dir=\"auto\">\u201eOdpus\u0165 mi&#8230; kdybych mohl\/a, ochr\u00e1nil\/a bych t\u011b a dr\u017eel\/a bych t\u011b v n\u00e1ru\u010d\u00ed.\u201c<\/span><\/em><\/p>\n<p><em><span dir=\"auto\">&#8211; Asma al-Mughari<\/span><\/em><\/p>\n<p><span dir=\"auto\">V koment\u00e1\u0159i k fotografii d\u011bt\u00ed zabit\u00fdch Izraelem Asma\u00a0<\/span><a href=\"https:\/\/www.facebook.com\/asmaa.maghari\/posts\/pfbid032FdsGXT8uv25ToK5Zs4ps1D2oXXT9q6yUQffDjBcbVnYzwR2MKC4WntzR74rFHvtl?rdid=GvhwnHIoUVlRD21I\" target=\"_blank\" rel=\"noopener\"><span dir=\"auto\">p\u00ed\u0161e<\/span><\/a><span dir=\"auto\">\u00a0:<\/span><\/p>\n<p class=\"Indent1\"><span dir=\"auto\">V paraleln\u00edm vesm\u00edru se d\u00edt\u011b vykoupe a obl\u00e9kne si \u010dist\u00e9 py\u017eamo. D\u00edt\u011b j\u00ed zdrav\u00e9 j\u00eddlo a matka ho ulo\u017e\u00ed do tepl\u00e9 postele v barevn\u00e9m pokoji pln\u00e9m hra\u010dek. P\u0159e\u010dte mu poh\u00e1dku na dobrou noc o l\u00e1sce a m\u00edru a ono uklidn\u011bn\u011b usne. Ale v Gaze se tento p\u0159\u00edb\u011bh nevypr\u00e1v\u00ed; je to to, \u010deho je sv\u011bdkem tento obraz. Nebo je mo\u017en\u00e1 druh\u00e1 mo\u017enost, \u017ee d\u00edt\u011b u\u017e v\u016fbec ne\u017eije.<\/span><\/p>\n<p><span dir=\"auto\">Po\u00a0\u00a0projevu\u00a0<\/span><a href=\"https:\/\/www.middleeasteye.net\/countries\/us\" target=\"_blank\" rel=\"noopener\"><span dir=\"auto\">americk\u00e9ho<\/span><\/a><span dir=\"auto\">\u00a0\u00a0prezidenta\u00a0\u00a0<\/span><a href=\"https:\/\/www.middleeasteye.net\/topics\/trump\" target=\"_blank\" rel=\"noopener\"><span dir=\"auto\">Donalda Trumpa<\/span><\/a><span dir=\"auto\">\u00a0v izraelsk\u00e9m\u00a0parlamentu Knesetu 13. \u0159\u00edjna Asma\u00a0<a href=\"https:\/\/x.com\/AsmaaMughari\/status\/1977787741791220142?t=-7nopsM6sry3RYAfP1JrbA&amp;s=08\" target=\"_blank\" rel=\"noopener\">komentuje\u00a0<\/a><\/span><a href=\"https:\/\/www.middleeasteye.net\/opinion\/trumps-knesset-speech-was-celebration-war-crimes-not-vision-peace\" target=\"_blank\" rel=\"noopener\"><span dir=\"auto\">:<\/span><\/a><\/p>\n<p class=\"Indent1\"><span dir=\"auto\">Nejd\u016fle\u017eit\u011bj\u0161\u00ed osoba na sv\u011bt\u011b dnes stoj\u00ed, aby uctila pam\u00e1tku voj\u00e1ka, kter\u00fd se pod\u00edlel na zabit\u00ed m\u00fdch d\u011bt\u00ed. P\u0159itom ani neuznal 29 000 d\u011bt\u00ed, jejich\u017e \u017eivoty byly ukradeny. Nev\u011bd\u011bl nic o o\u010d\u00edch \u00c1ji a Abouda, kte\u0159\u00ed byli nespravedliv\u011b uha\u0161eni. To je spravedlnost sv\u011bta, projevuj\u00edc\u00ed se jako nula, a matku zavra\u017ed\u011bn\u00e9ho d\u00edt\u011bte to nut\u00ed d\u00edvat se na v\u0161echno kolem sebe s odporem a zklam\u00e1n\u00edm.<\/span><\/p>\n<p><span dir=\"auto\">Po ozn\u00e1men\u00ed \u00fadajn\u00e9ho p\u0159\u00edm\u011b\u0159\u00ed se tempo ka\u017edodenn\u00edch vra\u017ed v Gaze zpomalilo. Pro poz\u016fstal\u00e9 rodi\u010de jsou v\u0161ak r\u00e1ny nezahojiteln\u00e9.<\/span><\/p>\n<p><span dir=\"auto\">Obyvatel\u00e9 Gazy dnes pro\u017e\u00edvaj\u00ed nepopsatelnou trag\u00e9dii, kter\u00e1 se zd\u00e1 nekone\u010dn\u00e1.<\/span><\/p>\n<p><span dir=\"auto\">\u017dij\u00ed na des\u00edtk\u00e1ch milion\u016f tun sutin pot\u00e9, co Izrael zni\u010dil jejich domovy a m\u011bsta. Z\u00e1rmutek je bude prov\u00e1zet po zbytek \u017eivota, zat\u00edmco budoucnost z\u016fst\u00e1v\u00e1 nejist\u00e1 bez jak\u00e9koli v\u00e1\u017en\u00e9 mezin\u00e1rodn\u00ed v\u016fle obnovit Gazu nebo pohnat izraelsk\u00fd re\u017eim, kter\u00fd sp\u00e1chal v\u0161echna tato zv\u011brstva, k odpov\u011bdnosti za sv\u00e9 zlo\u010diny.<\/span><\/p>\n<p><span dir=\"auto\">Do t\u00e9 doby z\u016fst\u00e1v\u00e1 sv\u011bdectv\u00ed t\u011bchto matek, kter\u00e9 odm\u00edtaj\u00ed redukci po\u010dtu sv\u00fdch d\u011bt\u00ed na pouh\u00e9 \u010d\u00edslo a vyjad\u0159uj\u00ed nepochopitelnou ztr\u00e1tu, je\u017e nad\u00e1le definuje izraelskou genocidu v Gaze.<\/span><\/p>\n<p><span style=\"font-size: 10pt;\"><em><strong>\u00davodn\u00ed fotografie:<\/strong> Palestinsk\u00e1 matka dr\u017e\u00ed v n\u00e1ru\u010d\u00ed t\u011blo sv\u00e9 dcery Ibtissam Elyan, kter\u00e1 byla zabita p\u0159i izraelsk\u00e9m leteck\u00e9m \u00fatoku na rodinn\u00fd d\u016fm v Beit Lahia v severn\u00edm p\u00e1smu Gazy 25. b\u0159ezna 2025 (Bashar Taleb\/AFP)<\/em><\/span><\/p>\n<\/div>\n<div class=\"author-bio\">\n<div class=\"author-bio-content\"><span dir=\"auto\"><strong>Autor: <a href=\"https:\/\/www.middleeasteye.net\/opinion\/what-its-like-survive-gaza-all-children-killed\">Ahmed Abu Artema<\/a><\/strong> je palestinsk\u00fd novin\u00e1\u0159 a m\u00edrov\u00fd aktivista. Abu Artema se narodil v roce 1984 v Raf\u00e1hu a je uprchl\u00edkem z vesnice Al Ramla. Je autorem knihy \u201eOrganizovan\u00fd chaos\u201c.<\/span><\/div>\n<div><\/div>\n<\/div>\n","protected":false},"excerpt":{"rendered":"<p>Prost\u0159ednictv\u00edm p\u0159\u00edsp\u011bvk\u016f a rozhovor\u016f na Facebooku sd\u00edlej\u00ed \u010dty\u0159i poz\u016fstal\u00e9 palestinsk\u00e9 matky sv\u00e9 p\u0159\u00edb\u011bhy o nep\u0159edstaviteln\u00e9&#8230;<\/p>\n","protected":false},"author":2,"featured_media":95458,"comment_status":"closed","ping_status":"closed","sticky":false,"template":"","format":"standard","meta":[],"categories":[7],"tags":[245,348,178,1503],"_links":{"self":[{"href":"https:\/\/www.infokuryr.cz\/n\/wp-json\/wp\/v2\/posts\/95457"}],"collection":[{"href":"https:\/\/www.infokuryr.cz\/n\/wp-json\/wp\/v2\/posts"}],"about":[{"href":"https:\/\/www.infokuryr.cz\/n\/wp-json\/wp\/v2\/types\/post"}],"author":[{"embeddable":true,"href":"https:\/\/www.infokuryr.cz\/n\/wp-json\/wp\/v2\/users\/2"}],"replies":[{"embeddable":true,"href":"https:\/\/www.infokuryr.cz\/n\/wp-json\/wp\/v2\/comments?post=95457"}],"version-history":[{"count":1,"href":"https:\/\/www.infokuryr.cz\/n\/wp-json\/wp\/v2\/posts\/95457\/revisions"}],"predecessor-version":[{"id":95459,"href":"https:\/\/www.infokuryr.cz\/n\/wp-json\/wp\/v2\/posts\/95457\/revisions\/95459"}],"wp:featuredmedia":[{"embeddable":true,"href":"https:\/\/www.infokuryr.cz\/n\/wp-json\/wp\/v2\/media\/95458"}],"wp:attachment":[{"href":"https:\/\/www.infokuryr.cz\/n\/wp-json\/wp\/v2\/media?parent=95457"}],"wp:term":[{"taxonomy":"category","embeddable":true,"href":"https:\/\/www.infokuryr.cz\/n\/wp-json\/wp\/v2\/categories?post=95457"},{"taxonomy":"post_tag","embeddable":true,"href":"https:\/\/www.infokuryr.cz\/n\/wp-json\/wp\/v2\/tags?post=95457"}],"curies":[{"name":"wp","href":"https:\/\/api.w.org\/{rel}","templated":true}]}}