{"id":95454,"date":"2025-12-27T00:18:32","date_gmt":"2025-12-26T23:18:32","guid":{"rendered":"https:\/\/www.infokuryr.cz\/n\/?p=95454"},"modified":"2025-12-26T11:19:15","modified_gmt":"2025-12-26T10:19:15","slug":"toto-predefinovalo-globalni-identitu-izraele-izraelsky-zbrojni-prumysl-je-po-genocide-optimisticky","status":"publish","type":"post","link":"https:\/\/www.infokuryr.cz\/n\/2025\/12\/27\/toto-predefinovalo-globalni-identitu-izraele-izraelsky-zbrojni-prumysl-je-po-genocide-optimisticky\/","title":{"rendered":"\u201eToto p\u0159edefinovalo glob\u00e1ln\u00ed identitu Izraele\u201c: Izraelsk\u00fd zbrojn\u00ed pr\u016fmysl je po genocid\u011b optimistick\u00fd"},"content":{"rendered":"<div id=\"fb-root\"><\/div>\n<p><span dir=\"auto\">Na ned\u00e1vn\u00e9 konferenci o vojensk\u00fdch technologi\u00edch v Tel Avivu izraelsk\u00e9 zbrojn\u00ed spole\u010dnosti u\u010dinily n\u011bkter\u00e9 ze sv\u00fdch dosud nejexplicitn\u011bj\u0161\u00edch prohl\u00e1\u0161en\u00ed, v nich\u017e spojily hodnotu sv\u00fdch produkt\u016f s re\u00e1ln\u00fdm testov\u00e1n\u00edm t\u00e9to palebn\u00e9 s\u00edly na Palestinc\u00edch v Gaze. Z\u00e1znam prohl\u00e1\u0161en\u00ed z konference z\u00edskala agentura Drop Site News a obsahuje koment\u00e1\u0159e prezidenta a gener\u00e1ln\u00edho \u0159editele spole\u010dnosti Israel Aerospace Industries, jako\u017e i vedouc\u00edch pracovn\u00edk\u016f spole\u010dnost\u00ed Elbit Systems, RAFAEL Advanced Defense Systems a dal\u0161\u00edch. Konference\u00a0<\/span><a href=\"https:\/\/defensetech-week.com\/\" rel=\"\"><span dir=\"auto\">se jmenovala DefenseTech Week\u00a0<\/span><\/a><span dir=\"auto\">a konala se za\u010d\u00e1tkem prosince. Drop Site sd\u00edlel zvuk s nez\u00e1visl\u00fdmi zpravodajsk\u00fdmi agenturami v Braz\u00edlii, Irsku, Austr\u00e1lii a dal\u0161\u00edch zem\u00edch; tyto agentury budou vytv\u00e1\u0159et vlastn\u00ed vy\u0161et\u0159ov\u00e1n\u00ed.<\/span><\/p>\n<p><span dir=\"auto\">Izraelsk\u00fd zbrojn\u00ed pr\u016fmysl se ji\u017e d\u0159\u00edve stal ter\u010dem kritiky za svou ochotu chlubit se, \u017ee jeho v\u00fdrobky jsou \u201elaboratorn\u011b testov\u00e1ny\u201c na lidech v okupaci, a to zejm\u00e9na ze strany australsk\u00e9ho novin\u00e1\u0159e Anthonyho Lowensteina. Jeho kniha\u00a0<\/span><a href=\"https:\/\/www.versobooks.com\/products\/2684-the-palestine-laboratory?srsltid=AfmBOooneBCa7SQPBZ9Y6OO4iCnkYaDoPUTiNRZqUZLyTaY28eDWSpb1\" rel=\"\"><span dir=\"auto\">Palestinsk\u00e1 laborato\u0159 byla\u00a0<\/span><\/a><span dir=\"auto\"><a href=\"https:\/\/podcasts.apple.com\/us\/podcast\/the-palestine-laboratory-podcast\/id1777263936\" rel=\"\">loni\u00a0<\/a><\/span><span dir=\"auto\">adaptov\u00e1na do podcastu Drop Site\u00a0<\/span><span dir=\"auto\">.<\/span><\/p>\n<p><span dir=\"auto\"><img decoding=\"async\" loading=\"lazy\" class=\"aligncenter\" src=\"https:\/\/substackcdn.com\/image\/fetch\/$s_!kw9w!,w_1456,c_limit,f_auto,q_auto:good,fl_progressive:steep\/https%3A%2F%2Fsubstack-post-media.s3.amazonaws.com%2Fpublic%2Fimages%2Fb899c7e6-ea2f-4423-9270-7034437362a6_1576x952.png\" width=\"733\" height=\"443\" \/><\/span><\/p>\n<p style=\"text-align: center;\"><em>\u0158e\u010dn\u00edci na konferenci o zbran\u00edch v Tel Avivu, kter\u00e1 se konala tento m\u011bs\u00edc. Zdroj: DefenseTech-Week.com<\/em><\/p>\n<p><span dir=\"auto\">Nov\u011b odhalen\u00e9 pozn\u00e1mky nazna\u010duj\u00ed, \u017ee zbrojn\u00ed pr\u016fmysl zem\u011b nebyl potrest\u00e1n glob\u00e1ln\u00edm odsouzen\u00edm genocidy v Gaze, ale naopak j\u00edm povzbuzen. \u201eV\u00e1lka, kter\u00e9 jsme \u010delili v posledn\u00edch dvou letech, umo\u017e\u0148uje, aby se v\u011bt\u0161ina na\u0161ich produkt\u016f stala platnou pro zbytek sv\u011bta,\u201c chlubil se prvn\u00ed den konference Boaz Levy, \u0161\u00e9f spole\u010dnosti Israel Aerospace Industries (IAI). \u201ePo\u010d\u00ednaje Gazou a p\u0159esunuv se k \u00cdr\u00e1nu a Jemenu, \u0159ekl bych, \u017ee tam bylo mnoho, mnoho produkt\u016f IAI.\u201c<\/span><\/p>\n<p><span dir=\"auto\">Samotn\u00e1 arm\u00e1da byla na setk\u00e1n\u00ed dob\u0159e zastoupena. Gener\u00e1lmajor (rez.) Amir Baram je gener\u00e1ln\u00edm \u0159editelem izraelsk\u00e9ho ministerstva obrany a prvn\u00ed den tak\u00e9 pronesl projev. \u201eNejedn\u00e1 se o laboratorn\u00ed projekty ani koncepty v PowerPointu,\u201c \u0159ekl. \u201eJsou to syst\u00e9my osv\u011bd\u010den\u00e9 v boji. To je to, co obrann\u00e9 technologie v Izraeli znamenaj\u00ed, a to nov\u011b definovalo glob\u00e1ln\u00ed identitu Izraele. Izrael byl po l\u00e9ta celosv\u011btov\u011b zn\u00e1m\u00fd jako kybernetick\u00fd n\u00e1rod. Dnes jsme se vyvinuli ve skute\u010dn\u00fd n\u00e1rod obrann\u00fdch technologi\u00ed.\u201c<\/span><\/p>\n<p><span dir=\"auto\">Gili Drob-Heistein, v\u00fdkonn\u00fd \u0159editel Blavatnikova interdisciplin\u00e1rn\u00edho centra pro kybernetick\u00fd v\u00fdzkum, uvedl, \u017ee dva roky, b\u011bhem nich\u017e Izrael vyu\u017e\u00edval zbrojn\u00ed technologie proti Palestinc\u016fm, pomohly Izraeli transformovat se z \u201estartup n\u00e1roda\u201c na glob\u00e1ln\u00edho hr\u00e1\u010de v obrann\u00e9m pr\u016fmyslu. \u201eIzrael je zn\u00e1m\u00fd jako startup n\u00e1rod a v\u0161ichni v\u011b\u0159\u00edme, \u017ee obrann\u00e9 technologie maj\u00ed potenci\u00e1l st\u00e1t se dal\u0161\u00edm velk\u00fdm ekonomick\u00fdm motorem Izraele i dal\u0161\u00edch zem\u00ed,\u201c \u0159ekl. \u201eTechnologick\u00e9 v\u016fd\u010d\u00ed postaven\u00ed Izraele v kombinaci s chytrost\u00ed, odvahou a nekonven\u010dn\u00edm my\u0161len\u00edm nad\u00e1le p\u0159in\u00e1\u0161\u00ed ohromuj\u00edc\u00ed v\u00fdsledky, jak jsme ned\u00e1vno vid\u011bli na boji\u0161ti b\u011bhem v\u00e1lky, kter\u00e1 n\u00e1m byla vnucena na n\u011bkolika r\u016fzn\u00fdch front\u00e1ch sou\u010dasn\u011b. Mnoho z t\u011bchto technologi\u00ed m\u00e1 vojensk\u00e9 i civiln\u00ed vyu\u017eit\u00ed.\u201c<\/span><\/p>\n<p><a href=\"https:\/\/www.sipri.org\/media\/press-release\/2025\/sipri-top-100-arms-producers-see-combined-revenues-surge-states-rush-modernize-and-expand-arsenals\" rel=\"\"><span dir=\"auto\">Data o glob\u00e1ln\u00edm prodeji zbran\u00ed\u00a0<\/span><\/a><span dir=\"auto\">nazna\u010duj\u00ed, \u017ee chluben\u00ed se na konferenci odr\u00e1\u017e\u00ed skute\u010dn\u00fd vzestupn\u00fd trend izraelsk\u00e9ho zbrojn\u00edho pr\u016fmyslu. Podle Stockholmsk\u00e9ho mezin\u00e1rodn\u00edho institutu pro v\u00fdzkum m\u00edru (SIPRI) t\u0159i izraelsk\u00e9 zbrojn\u00ed spole\u010dnosti zv\u00fd\u0161ily sv\u00e9 kombinovan\u00e9 tr\u017eby ze zbran\u00ed o 16 procent na 16,2 miliardy dolar\u016f. \u201eRostouc\u00ed negativn\u00ed reakce na izraelsk\u00e9 akce v Gaze z\u0159ejm\u011b m\u011bla jen mal\u00fd vliv na z\u00e1jem o izraelsk\u00e9 zbran\u011b,\u201c uvedla Zubaida Karimov\u00e1,\u00a0<\/span><a href=\"https:\/\/www.sipri.org\/media\/press-release\/2025\/sipri-top-100-arms-producers-see-combined-revenues-surge-states-rush-modernize-and-expand-arsenals\" rel=\"\"><span dir=\"auto\">v\u00fdzkumnice z Programu vojensk\u00fdch v\u00fddaj\u016f a v\u00fdroby zbran\u00ed SIPRI\u00a0<\/span><\/a><span dir=\"auto\">.<\/span><\/p>\n<p><span dir=\"auto\">Siln\u00e9 zastoupen\u00ed na konferenci m\u011bla tak\u00e9\u00a0izraelsk\u00e1 zbrojn\u00ed spole\u010dnost Elbit Systems,\u00a0<\/span><a href=\"https:\/\/www.calcalistech.com\/ctechnews\/article\/sj6hsbjmwl\" rel=\"\"><span dir=\"auto\">kter\u00e1 \u00fadajn\u011b podepsala se Spojen\u00fdmi arabsk\u00fdmi emir\u00e1ty smlouvu v hodnot\u011b n\u011bkolika miliard dolar\u016f . V\u00fdkonn\u00fd viceprezident\u00a0<\/span><\/a><span dir=\"auto\"><a href=\"https:\/\/defensetech-week.com\/speaker\/yehoshua-shuki-yehuda\/\" rel=\"\">Jeho\u0161ua Jehuda\u00a0<\/a>se chlubil \u201ebojov\u011b osv\u011bd\u010den\u00fdmi technologiemi\u201c, kter\u00e9 umo\u017e\u0148uj\u00ed zas\u00e1hnout lidi, i kdy\u017e jsou \u201ec\u00edle men\u0161\u00ed ne\u017e pixel\u201c.<\/span><\/p>\n<p><span dir=\"auto\">Spojen\u00e9 arabsk\u00e9 emir\u00e1ty financuj\u00ed a vyzbrojuj\u00ed Rychl\u00e9 podp\u016frn\u00e9 s\u00edly v S\u00fad\u00e1nu, militantn\u00ed skupinu prov\u00e1d\u011bj\u00edc\u00ed\u00a0<\/span><a href=\"https:\/\/www.youtube.com\/watch?v=PMZ4AODOfFc\" rel=\"\"><span dir=\"auto\">kampa\u0148 masov\u00e9ho masakru\u00a0<\/span><\/a><span dir=\"auto\">, kter\u00e1 je na cest\u011b zast\u00ednit genocidu v Gaze, pokud se tak ji\u017e nestalo.<\/span><\/p>\n<p><span dir=\"auto\">Izraelsk\u00e9 zbran\u011b hraj\u00ed v glob\u00e1ln\u00edch konfliktech st\u00e1le v\u011bt\u0161\u00ed roli, \u0159ekl Levy publiku. \u201eOsmdes\u00e1t procent na\u0161ich aktivit je skute\u010dn\u011b na export \u2013 pouze 20 procent na\u0161ich aktivit jde na izraelsk\u00fd trh,\u201c \u0159ekl. \u201eMysl\u00edm, \u017ee v\u0161echny v\u011bci, kter\u00e9 jsme se b\u011bhem t\u00e9to v\u00e1lky v Izraeli nau\u010dili, ovliv\u0148uj\u00ed na\u0161e budouc\u00ed obchodn\u00ed schopnosti. A IAI m\u00e1 v sou\u010dasnosti nov\u00e9 objedn\u00e1vky v hodnot\u011b 27 miliard dolar\u016f a ro\u010dn\u00ed tr\u017eby kolem 7 miliard dolar\u016f.\u201c<\/span><\/p>\n<p><span dir=\"auto\">Z\u00e1rove\u0148 v\u00fdrobci zbran\u00ed uznali, \u017ee rostouc\u00ed bojkot p\u0159edstavuje hrozbu pro jejich podnik\u00e1n\u00ed. \u201eMysl\u00edm, \u017ee Izrael za\u017e\u00edv\u00e1 bojkot,\u201c \u0159ekl\u00a0<\/span><a href=\"https:\/\/defensetech-week.com\/speaker\/shlomo-toaff\/\" rel=\"\"><span dir=\"auto\">\u0160lomo Toaff\u00a0<\/span><\/a><span dir=\"auto\">, v\u00fdkonn\u00fd viceprezident divize gener\u00e1ln\u00edho \u0159editele protivzdu\u0161n\u00e9 a protiraketov\u00e9 obrann\u00e9 syst\u00e9my spole\u010dnosti RAFAEL Advanced Defense Systems Ltd. \u201eVid\u011bli jsme to na pa\u0159\u00ed\u017esk\u00e9 leteck\u00e9 show v \u010dervnu lo\u0148sk\u00e9ho roku, kde n\u00e1s Francouzi zastavili.\u201c<\/span><\/p>\n<p><span dir=\"auto\">\u201eTo je n\u011bco, co mus\u00edme vz\u00edt v \u00favahu, kdy\u017e mluv\u00edme o tom, co d\u011bl\u00e1me tady v tomto odv\u011btv\u00ed,\u201c \u0159ekl.<\/span><\/p>\n<p><span style=\"font-size: 10pt;\"><a href=\"https:\/\/www.dropsitenews.com\/p\/this-has-redefined-israels-global\">ZDROJ<\/a><\/span><\/p>\n<p>&nbsp;<\/p>\n","protected":false},"excerpt":{"rendered":"<p>Na ned\u00e1vn\u00e9 konferenci o vojensk\u00fdch technologi\u00edch v Tel Avivu izraelsk\u00e9 zbrojn\u00ed spole\u010dnosti u\u010dinily n\u011bkter\u00e9 ze&#8230;<\/p>\n","protected":false},"author":2,"featured_media":53395,"comment_status":"closed","ping_status":"closed","sticky":false,"template":"","format":"standard","meta":[],"categories":[7],"tags":[1042,178,107,4164],"_links":{"self":[{"href":"https:\/\/www.infokuryr.cz\/n\/wp-json\/wp\/v2\/posts\/95454"}],"collection":[{"href":"https:\/\/www.infokuryr.cz\/n\/wp-json\/wp\/v2\/posts"}],"about":[{"href":"https:\/\/www.infokuryr.cz\/n\/wp-json\/wp\/v2\/types\/post"}],"author":[{"embeddable":true,"href":"https:\/\/www.infokuryr.cz\/n\/wp-json\/wp\/v2\/users\/2"}],"replies":[{"embeddable":true,"href":"https:\/\/www.infokuryr.cz\/n\/wp-json\/wp\/v2\/comments?post=95454"}],"version-history":[{"count":0,"href":"https:\/\/www.infokuryr.cz\/n\/wp-json\/wp\/v2\/posts\/95454\/revisions"}],"wp:featuredmedia":[{"embeddable":true,"href":"https:\/\/www.infokuryr.cz\/n\/wp-json\/wp\/v2\/media\/53395"}],"wp:attachment":[{"href":"https:\/\/www.infokuryr.cz\/n\/wp-json\/wp\/v2\/media?parent=95454"}],"wp:term":[{"taxonomy":"category","embeddable":true,"href":"https:\/\/www.infokuryr.cz\/n\/wp-json\/wp\/v2\/categories?post=95454"},{"taxonomy":"post_tag","embeddable":true,"href":"https:\/\/www.infokuryr.cz\/n\/wp-json\/wp\/v2\/tags?post=95454"}],"curies":[{"name":"wp","href":"https:\/\/api.w.org\/{rel}","templated":true}]}}