{"id":95422,"date":"2025-12-26T04:53:06","date_gmt":"2025-12-26T03:53:06","guid":{"rendered":"https:\/\/www.infokuryr.cz\/n\/?p=95422"},"modified":"2025-12-26T04:53:06","modified_gmt":"2025-12-26T03:53:06","slug":"alzirsko-prijalo-zakon-kriminalizujici-francouzskou-kolonizaci","status":"publish","type":"post","link":"https:\/\/www.infokuryr.cz\/n\/2025\/12\/26\/alzirsko-prijalo-zakon-kriminalizujici-francouzskou-kolonizaci\/","title":{"rendered":"Al\u017e\u00edrsko p\u0159ijalo z\u00e1kon kriminalizuj\u00edc\u00ed francouzskou kolonizaci"},"content":{"rendered":"<div id=\"fb-root\"><\/div>\n<p><strong><span dir=\"auto\">Al\u017e\u00edrsk\u00fd parlament jednomysln\u011b schv\u00e1lil z\u00e1kon, kter\u00fd klasifikuje francouzskou kolonizaci jako zlo\u010din a po\u017eaduje od Francie form\u00e1ln\u00ed omluvu. Text se zmi\u0148uje o n\u011bkolika praktik\u00e1ch pova\u017eovan\u00fdch za neproml\u010diteln\u00e9 a p\u0159ich\u00e1z\u00ed uprost\u0159ed ji\u017e tak napjat\u00fdch diplomatick\u00fdch vztah\u016f mezi Al\u017e\u00edrem a Pa\u0159\u00ed\u017e\u00ed.<\/span><\/strong><\/p>\n<p><span dir=\"auto\">Al\u017e\u00edrsk\u00fd parlament u\u010dinil 24. prosince velmi symbolick\u00fd krok p\u0159ijet\u00edm z\u00e1kona v\u011bnovan\u00e9ho koloni\u00e1ln\u00ed pam\u011bti a jej\u00edm d\u016fsledk\u016fm. Text, kter\u00fd byl jednomysln\u011b schv\u00e1len, odr\u00e1\u017e\u00ed pevn\u00fd z\u00e1vazek ofici\u00e1ln\u011b uznat n\u00e1sil\u00ed a odpov\u011bdnost spojenou s obdob\u00edm francouzsk\u00e9 vl\u00e1dy v Al\u017e\u00edrsku v letech 1830 a\u017e 1962. V ji\u017e tak napjat\u00e9m diplomatick\u00e9m kontextu toto institucion\u00e1ln\u00ed rozhodnut\u00ed slou\u017e\u00ed jako p\u0159ipom\u00ednka toho, jak koloni\u00e1ln\u00ed minulost z\u016fst\u00e1v\u00e1 pal\u010div\u00fdm a ur\u010duj\u00edc\u00edm t\u00e9matem ve vztaz\u00edch mezi Al\u017e\u00edrem a Pa\u0159\u00ed\u017e\u00ed.<\/span><\/p>\n<p><span dir=\"auto\">J\u00e1drem t\u00e9to legislativn\u00ed iniciativy je snaha pr\u00e1vn\u011b definovat francouzskou kolonizaci a zakotvit ji jako z\u00e1le\u017eitost st\u00e1tn\u00ed odpov\u011bdnosti. P\u0159ijet\u00edm tohoto z\u00e1kona hodlaj\u00ed al\u017e\u00edr\u0161t\u00ed poslanci zakotvit v n\u00e1rodn\u00edm pr\u00e1vu jasn\u00fd a jednozna\u010dn\u00fd v\u00fdklad historie, zalo\u017een\u00fd na uzn\u00e1n\u00ed utrpen\u00ed, kter\u00e9 al\u017e\u00edrsk\u00e9 obyvatelstvo sn\u00e1\u0161\u00ed po v\u00edce ne\u017e stolet\u00ed. Text jde nad r\u00e1mec symbolick\u00e9ho odsouzen\u00ed: v\u00fdslovn\u011b po\u017eaduje od Francie \u201e\u00a0<\/span><em><span dir=\"auto\">ofici\u00e1ln\u00ed omluvu<\/span><\/em><span dir=\"auto\">\u00a0\u201c, a t\u00edm nastoluje ot\u00e1zku politick\u00e9ho a mor\u00e1ln\u00edho uzn\u00e1n\u00ed v mezin\u00e1rodn\u00edm m\u011b\u0159\u00edtku.<\/span><\/p>\n<p><span dir=\"auto\">Sc\u00e9na v zasedac\u00ed s\u00edni ilustruje emocion\u00e1ln\u00ed a historickou v\u00e1hu tohoto hlasov\u00e1n\u00ed. \u010clenov\u00e9 parlamentu ve stoje, se \u0161\u00e1tky v barv\u00e1ch al\u017e\u00edrsk\u00e9 vlajky kolem krku, tleskali p\u0159ijet\u00ed textu a demonstrovali tak jednotu v t\u00e9to historick\u00e9 ot\u00e1zce.<\/span><\/p>\n<figure class=\"wp-block-embed is-type-rich is-provider-twitter wp-block-embed-twitter\">\n<div class=\"wp-block-embed__wrapper\">\n<div class=\"embed-twitter\">\n<div class=\"twitter-tweet twitter-tweet-rendered\"><iframe id=\"twitter-widget-0\" class=\"\" title=\"X Post\" src=\"https:\/\/platform.twitter.com\/embed\/Tweet.html?dnt=true&amp;embedId=twitter-widget-0&amp;features=eyJ0ZndfdGltZWxpbmVfbGlzdCI6eyJidWNrZXQiOltdLCJ2ZXJzaW9uIjpudWxsfSwidGZ3X2ZvbGxvd2VyX2NvdW50X3N1bnNldCI6eyJidWNrZXQiOnRydWUsInZlcnNpb24iOm51bGx9LCJ0ZndfdHdlZXRfZWRpdF9iYWNrZW5kIjp7ImJ1Y2tldCI6Im9uIiwidmVyc2lvbiI6bnVsbH0sInRmd19yZWZzcmNfc2Vzc2lvbiI6eyJidWNrZXQiOiJvbiIsInZlcnNpb24iOm51bGx9LCJ0ZndfZm9zbnJfc29mdF9pbnRlcnZlbnRpb25zX2VuYWJsZWQiOnsiYnVja2V0Ijoib24iLCJ2ZXJzaW9uIjpudWxsfSwidGZ3X21peGVkX21lZGlhXzE1ODk3Ijp7ImJ1Y2tldCI6InRyZWF0bWVudCIsInZlcnNpb24iOm51bGx9LCJ0ZndfZXhwZXJpbWVudHNfY29va2llX2V4cGlyYXRpb24iOnsiYnVja2V0IjoxMjA5NjAwLCJ2ZXJzaW9uIjpudWxsfSwidGZ3X3Nob3dfYmlyZHdhdGNoX3Bpdm90c19lbmFibGVkIjp7ImJ1Y2tldCI6Im9uIiwidmVyc2lvbiI6bnVsbH0sInRmd19kdXBsaWNhdGVfc2NyaWJlc190b19zZXR0aW5ncyI6eyJidWNrZXQiOiJvbiIsInZlcnNpb24iOm51bGx9LCJ0ZndfdXNlX3Byb2ZpbGVfaW1hZ2Vfc2hhcGVfZW5hYmxlZCI6eyJidWNrZXQiOiJvbiIsInZlcnNpb24iOm51bGx9LCJ0ZndfdmlkZW9faGxzX2R5bmFtaWNfbWFuaWZlc3RzXzE1MDgyIjp7ImJ1Y2tldCI6InRydWVfYml0cmF0ZSIsInZlcnNpb24iOm51bGx9LCJ0ZndfbGVnYWN5X3RpbWVsaW5lX3N1bnNldCI6eyJidWNrZXQiOnRydWUsInZlcnNpb24iOm51bGx9LCJ0ZndfdHdlZXRfZWRpdF9mcm9udGVuZCI6eyJidWNrZXQiOiJvbiIsInZlcnNpb24iOm51bGx9fQ%3D%3D&amp;frame=false&amp;hideCard=false&amp;hideThread=false&amp;id=2003838253825200493&amp;lang=cs&amp;origin=https%3A%2F%2Freseauinternational.net%2Flalgerie-adopte-une-loi-criminalisant-la-colonisation-francaise%2F&amp;sessionId=7536edb67725b04351d97d8a911b9669cbd5313f&amp;theme=light&amp;widgetsVersion=2615f7e52b7e0%3A1702314776716&amp;width=550px\" frameborder=\"0\" scrolling=\"no\" allowfullscreen=\"allowfullscreen\" data-tweet-id=\"2003838253825200493\" data-mce-fragment=\"1\"><\/iframe><\/div>\n<\/div>\n<\/div>\n<\/figure>\n<p><span dir=\"auto\">P\u0159ijat\u00fd z\u00e1kon p\u0159isuzuje francouzsk\u00e9mu st\u00e1tu \u201e\u00a0<\/span><em><span dir=\"auto\">pr\u00e1vn\u00ed odpov\u011bdnost za jeho koloni\u00e1ln\u00ed minulost v Al\u017e\u00edrsku a trag\u00e9die, kter\u00e9 zp\u016fsobil<\/span><\/em><span dir=\"auto\">\u00a0\u201c.<\/span><\/p>\n<p><span dir=\"auto\">V tomto duchu text vypracov\u00e1v\u00e1 p\u0159esn\u00fd seznam \u201e\u00a0<\/span><em><span dir=\"auto\">zlo\u010din\u016f francouzsk\u00e9 kolonizace<\/span><\/em><span dir=\"auto\">\u00a0\u201c, kter\u00e9 jsou pova\u017eov\u00e1ny za neproml\u010diteln\u00e9. Zmi\u0148uje zejm\u00e9na jadern\u00e9 testy, mimosoudn\u00ed popravy, roz\u0161\u00ed\u0159enou praxi fyzick\u00e9ho a psychick\u00e9ho mu\u010den\u00ed a tak\u00e9 systematick\u00e9 drancov\u00e1n\u00ed zdroj\u016f.<\/span><\/p>\n<p><span dir=\"auto\">Pro p\u0159ipomenut\u00ed, diplomatick\u00e9 a politick\u00e9 vztahy mezi Franci\u00ed a Al\u017e\u00edrskem jsou od \u0159\u00edjna 2024, kdy Francie uznala marockou svrchovanost nad Z\u00e1padn\u00ed Saharou, v trosk\u00e1ch. Mezi Pa\u0159\u00ed\u017e\u00ed a Al\u017e\u00edrem n\u00e1sledovaly epizody nap\u011bt\u00ed, kter\u00e9 o\u017eivila zejm\u00e9na rozhodnut\u00ed b\u00fdval\u00e9ho francouzsk\u00e9ho ministra vnitra Bruna Retailleaua, kter\u00e1 al\u017e\u00edrsk\u00e9 \u00fa\u0159ady pova\u017eovaly za nep\u0159\u00e1telsk\u00e1.<\/span><\/p>\n<p><img decoding=\"async\" loading=\"lazy\" class=\"alignnone size-full wp-image-1185\" src=\"http:\/\/www.infokuryr.cz\/n\/wp-content\/uploads\/2021\/04\/kuryr-podpis.png\" alt=\"\" width=\"84\" height=\"24\" \/><\/p>\n<p>&nbsp;<\/p>\n","protected":false},"excerpt":{"rendered":"<p>Al\u017e\u00edrsk\u00fd parlament jednomysln\u011b schv\u00e1lil z\u00e1kon, kter\u00fd klasifikuje francouzskou kolonizaci jako zlo\u010din a po\u017eaduje od Francie&#8230;<\/p>\n","protected":false},"author":2,"featured_media":95423,"comment_status":"closed","ping_status":"closed","sticky":false,"template":"","format":"standard","meta":[],"categories":[7],"tags":[1092,130,609],"_links":{"self":[{"href":"https:\/\/www.infokuryr.cz\/n\/wp-json\/wp\/v2\/posts\/95422"}],"collection":[{"href":"https:\/\/www.infokuryr.cz\/n\/wp-json\/wp\/v2\/posts"}],"about":[{"href":"https:\/\/www.infokuryr.cz\/n\/wp-json\/wp\/v2\/types\/post"}],"author":[{"embeddable":true,"href":"https:\/\/www.infokuryr.cz\/n\/wp-json\/wp\/v2\/users\/2"}],"replies":[{"embeddable":true,"href":"https:\/\/www.infokuryr.cz\/n\/wp-json\/wp\/v2\/comments?post=95422"}],"version-history":[{"count":0,"href":"https:\/\/www.infokuryr.cz\/n\/wp-json\/wp\/v2\/posts\/95422\/revisions"}],"wp:featuredmedia":[{"embeddable":true,"href":"https:\/\/www.infokuryr.cz\/n\/wp-json\/wp\/v2\/media\/95423"}],"wp:attachment":[{"href":"https:\/\/www.infokuryr.cz\/n\/wp-json\/wp\/v2\/media?parent=95422"}],"wp:term":[{"taxonomy":"category","embeddable":true,"href":"https:\/\/www.infokuryr.cz\/n\/wp-json\/wp\/v2\/categories?post=95422"},{"taxonomy":"post_tag","embeddable":true,"href":"https:\/\/www.infokuryr.cz\/n\/wp-json\/wp\/v2\/tags?post=95422"}],"curies":[{"name":"wp","href":"https:\/\/api.w.org\/{rel}","templated":true}]}}