{"id":95420,"date":"2025-12-26T04:51:20","date_gmt":"2025-12-26T03:51:20","guid":{"rendered":"https:\/\/www.infokuryr.cz\/n\/?p=95420"},"modified":"2025-12-26T04:51:20","modified_gmt":"2025-12-26T03:51:20","slug":"cina-spusti-nejvetsi-vodni-projekt-jaky-kdy-byl-zkonstruovan","status":"publish","type":"post","link":"https:\/\/www.infokuryr.cz\/n\/2025\/12\/26\/cina-spusti-nejvetsi-vodni-projekt-jaky-kdy-byl-zkonstruovan\/","title":{"rendered":"\u010c\u00edna spust\u00ed nejv\u011bt\u0161\u00ed vodn\u00ed projekt, jak\u00fd kdy byl zkonstruov\u00e1n"},"content":{"rendered":"<div id=\"fb-root\"><\/div>\n<p><strong><span dir=\"auto\">V odlehl\u00e9 oblasti Tibetu \u010c\u00edna podle CNN \u00fadajn\u011b p\u0159ipravuje vodn\u00ed elektr\u00e1rnu neb\u00fdval\u00e9ho rozsahu. Projekt m\u00e1 uspokojit budouc\u00ed energetick\u00e9 pot\u0159eby zem\u011b a bude sou\u010d\u00e1st\u00ed celost\u00e1tn\u00ed strategie rozvoje \u010dist\u00e9 energie, podpory technologick\u00fdch inovac\u00ed a modernizace infrastruktury.<\/span><\/strong><\/p>\n<p><span dir=\"auto\">V jedn\u00e9 z nejizolovan\u011bj\u0161\u00edch horsk\u00fdch oblast\u00ed Tibetsk\u00e9 plo\u0161iny se \u010c\u00edna p\u0159ipravuje na realizaci energetick\u00e9ho projektu mimo\u0159\u00e1dn\u00e9ho rozsahu,\u00a0<\/span><a title=\"\" href=\"https:\/\/edition.cnn.com\/2025\/12\/17\/china\/china-largest-hydropower-dam-intl-hnk-dst\" target=\"_blank\" rel=\"noopener\"><span dir=\"auto\">informuje\u00a0<\/span><em><span dir=\"auto\">CNN<\/span><\/em><\/a><span dir=\"auto\">\u00a0. Pod\u00e9l \u0159eky Jarlung Tsangpo se stav\u00ed rozs\u00e1hl\u00e1 vodn\u00ed elektr\u00e1rna, jej\u00edm\u017e c\u00edlem je st\u00e1t se nejv\u011bt\u0161\u00edm zdrojem v\u00fdroby elekt\u0159iny na sv\u011bt\u011b.<\/span><\/p>\n<p><span dir=\"auto\">Projekt, jeho\u017e hodnota se odhaduje na 168 miliard dolar\u016f, je prezentov\u00e1n jako v\u00fdznamn\u00e9 strategick\u00e9 aktivum na podporu energetick\u00e9 transformace zem\u011b. Podle americk\u00fdch m\u00e9di\u00ed by m\u011bl podpo\u0159it r\u016fst elektromobil\u016f a uspokojit rostouc\u00ed popt\u00e1vku po technologi\u00edch um\u011bl\u00e9 inteligence, kter\u00e9 jsou v kontextu zv\u00fd\u0161en\u00e9 mezin\u00e1rodn\u00ed technologick\u00e9 konkurence obzvl\u00e1\u0161t\u011b energeticky n\u00e1ro\u010dn\u00e9.<\/span><\/p>\n<p><span dir=\"auto\">Z technick\u00e9ho hlediska je tento projekt \u0159adou odborn\u00edk\u016f pops\u00e1n jako bezprecedentn\u00ed in\u017een\u00fdrsk\u00fd po\u010din. Vyu\u017eit\u00edm v\u00fd\u0161kov\u00e9ho rozd\u00edlu p\u0159ibli\u017en\u011b 2000 metr\u016f, a to hlouben\u00edm tunel\u016f skrz horu, by syst\u00e9m umo\u017enil zachytit energii velk\u00e9 \u0159eky nach\u00e1zej\u00edc\u00ed se v srdci oblasti, kter\u00e1 je \u010dasto ozna\u010dov\u00e1na jako \u201evod\u00e1rensk\u00e1 v\u011b\u017e Asie\u201c.<\/span><\/p>\n<p><span dir=\"auto\">Jej\u00ed zast\u00e1nci tak\u00e9 zd\u016fraz\u0148uj\u00ed jej\u00ed klimatick\u00fd potenci\u00e1l. D\u00edky sn\u00ed\u017een\u00ed z\u00e1vislosti na uhl\u00ed by tato infrastruktura mohla p\u0159isp\u011bt k \u00fasil\u00ed o omezen\u00ed klimatick\u00fdch zm\u011bn, jeliko\u017e \u010c\u00edna z\u016fst\u00e1v\u00e1 nejv\u011bt\u0161\u00edm producentem uhl\u00edku na sv\u011bt\u011b. Tyto sliby v\u0161ak podle\u00a0<\/span><em><span dir=\"auto\">CNN<\/span><\/em><span dir=\"auto\">\u00a0p\u0159in\u00e1\u0161ej\u00ed zna\u010dn\u00e1 rizika . V\u00fdstavba by mohla naru\u0161it vz\u00e1cn\u00fd a do zna\u010dn\u00e9 m\u00edry zachoval\u00fd ekosyst\u00e9m a z\u00e1rove\u0148 ovlivnit p\u016fdu p\u0159edk\u016f domorod\u00e9ho obyvatelstva. V Indii a Banglad\u00e9\u0161i jsou na \u0159ece z\u00e1visl\u00e9 des\u00edtky milion\u016f lid\u00ed, pokud jde o rybolov a zem\u011bd\u011blstv\u00ed.<\/span><\/p>\n<p><span dir=\"auto\">N\u011bkte\u0159\u00ed experti, citovan\u00ed\u00a0<\/span><em><span dir=\"auto\">CNN<\/span><\/em><span dir=\"auto\">\u00a0, varuj\u00ed p\u0159ed nedostatkem hloubkov\u00fdch studi\u00ed t\u00fdkaj\u00edc\u00edch se potenci\u00e1ln\u00edch ekologick\u00fdch a soci\u00e1ln\u00edch d\u016fsledk\u016f. Z\u00e1rove\u0148 projekt snadno ozna\u010duj\u00ed za nejinovativn\u011bj\u0161\u00ed hydroelektrick\u00fd syst\u00e9m, jak\u00fd kdy byl vymy\u0161len.<\/span><\/p>\n<p><span dir=\"auto\">Peking tuto kritiku zpochyb\u0148uje. \u010c\u00ednsk\u00e9 \u00fa\u0159ady tvrd\u00ed, \u017ee projekt je zalo\u017een na desetilet\u00edch v\u00fdzkumu, zahrnuje p\u0159\u00edsn\u00e1 bezpe\u010dnostn\u00ed a environment\u00e1ln\u00ed opat\u0159en\u00ed a nepo\u0161kod\u00ed oblasti po proudu.<\/span><\/p>\n<p><span dir=\"auto\">\u010c\u00edna tak\u00e9 udr\u017euje dialog se z\u00fa\u010dastn\u011bn\u00fdmi zem\u011bmi a slibuje, \u017ee bude sd\u00edlet pot\u0159ebn\u00e9 informace v pr\u016fb\u011bhu projektu. Podle jej\u00edch p\u0159edstavitel\u016f je c\u00edl jasn\u00fd: urychlit rozvoj \u010dist\u00e9 energie, zlep\u0161it m\u00edstn\u00ed \u017eivotn\u00ed podm\u00ednky a aktivn\u011b se zapojit do boje proti zm\u011bn\u011b klimatu.<\/span><\/p>\n<p><img decoding=\"async\" loading=\"lazy\" class=\"alignnone size-full wp-image-1185\" src=\"http:\/\/www.infokuryr.cz\/n\/wp-content\/uploads\/2021\/04\/kuryr-podpis.png\" alt=\"\" width=\"84\" height=\"24\" \/><\/p>\n<p>&nbsp;<\/p>\n","protected":false},"excerpt":{"rendered":"<p>V odlehl\u00e9 oblasti Tibetu \u010c\u00edna podle CNN \u00fadajn\u011b p\u0159ipravuje vodn\u00ed elektr\u00e1rnu neb\u00fdval\u00e9ho rozsahu. Projekt m\u00e1&#8230;<\/p>\n","protected":false},"author":2,"featured_media":95421,"comment_status":"closed","ping_status":"closed","sticky":false,"template":"","format":"standard","meta":[],"categories":[7],"tags":[30,5109,3639],"_links":{"self":[{"href":"https:\/\/www.infokuryr.cz\/n\/wp-json\/wp\/v2\/posts\/95420"}],"collection":[{"href":"https:\/\/www.infokuryr.cz\/n\/wp-json\/wp\/v2\/posts"}],"about":[{"href":"https:\/\/www.infokuryr.cz\/n\/wp-json\/wp\/v2\/types\/post"}],"author":[{"embeddable":true,"href":"https:\/\/www.infokuryr.cz\/n\/wp-json\/wp\/v2\/users\/2"}],"replies":[{"embeddable":true,"href":"https:\/\/www.infokuryr.cz\/n\/wp-json\/wp\/v2\/comments?post=95420"}],"version-history":[{"count":0,"href":"https:\/\/www.infokuryr.cz\/n\/wp-json\/wp\/v2\/posts\/95420\/revisions"}],"wp:featuredmedia":[{"embeddable":true,"href":"https:\/\/www.infokuryr.cz\/n\/wp-json\/wp\/v2\/media\/95421"}],"wp:attachment":[{"href":"https:\/\/www.infokuryr.cz\/n\/wp-json\/wp\/v2\/media?parent=95420"}],"wp:term":[{"taxonomy":"category","embeddable":true,"href":"https:\/\/www.infokuryr.cz\/n\/wp-json\/wp\/v2\/categories?post=95420"},{"taxonomy":"post_tag","embeddable":true,"href":"https:\/\/www.infokuryr.cz\/n\/wp-json\/wp\/v2\/tags?post=95420"}],"curies":[{"name":"wp","href":"https:\/\/api.w.org\/{rel}","templated":true}]}}