{"id":95417,"date":"2025-12-26T04:44:41","date_gmt":"2025-12-26T03:44:41","guid":{"rendered":"https:\/\/www.infokuryr.cz\/n\/?p=95417"},"modified":"2025-12-26T04:44:41","modified_gmt":"2025-12-26T03:44:41","slug":"mosad-vyrovnal-stare-ucty-v-libanonu-zmizel-dustojnik-ve-vysluzbe-ktery-byl-spojen-se-zajetim-izraelskeho-pilota","status":"publish","type":"post","link":"https:\/\/www.infokuryr.cz\/n\/2025\/12\/26\/mosad-vyrovnal-stare-ucty-v-libanonu-zmizel-dustojnik-ve-vysluzbe-ktery-byl-spojen-se-zajetim-izraelskeho-pilota\/","title":{"rendered":"Mosad vyrovnal star\u00e9 \u00fa\u010dty v Libanonu: Zmizel d\u016fstojn\u00edk ve v\u00fdslu\u017eb\u011b, kter\u00fd byl spojen se zajet\u00edm izraelsk\u00e9ho pilota"},"content":{"rendered":"<div id=\"fb-root\"><\/div>\n<p><strong><span dir=\"auto\">Libanonsk\u00e9 \u00fa\u0159ady vy\u0161et\u0159uj\u00ed ned\u00e1vn\u00e9 zmizen\u00ed vyslou\u017eil\u00e9ho bezpe\u010dnostn\u00edho d\u016fstojn\u00edka, jeho\u017e bratr se z\u0159ejm\u011b pod\u00edlel na zajet\u00ed navig\u00e1tora izraelsk\u00e9ho letectva Rona Arada v roce 1986, \u0159ekl 23. prosince agentu\u0159e AFP libanonsk\u00fd soudn\u00ed \u00fa\u0159edn\u00edk.<\/span><\/strong><\/p>\n<p><span dir=\"auto\">Arad a pilot Ji\u0161aj Aviram byli 16. \u0159\u00edjna 1986 na misi s c\u00edlem za\u00fato\u010dit na palestinsk\u00e9 c\u00edle v okol\u00ed m\u011bsta Magd\u00fa\u0161 v ji\u017en\u00edm Libanonu, kdy\u017e se z\u0159\u00edtil jejich letoun F-4 Phantom II. Izrael tvrd\u00ed, \u017ee bomba shozen\u00e1 v\u00e1le\u010dn\u00fdm letounem explodovala p\u0159ed\u010dasn\u011b a donutila oba \u010dleny pos\u00e1dky se katapultovat. Libanonsk\u00e1 m\u00e9dia v\u0161ak v t\u00e9 dob\u011b informovala, \u017ee v\u00e1le\u010dn\u00fd letoun byl zasa\u017een protiletadlovou palbou.<\/span><\/p>\n<p><span dir=\"auto\">Avirama o n\u011bkolik hodin pozd\u011bji lokalizoval izraelsk\u00fd letoun Bell AH-1 Cobra a unikl tak, \u017ee se dr\u017eel jedn\u00e9 z jeho p\u0159ist\u00e1vac\u00edch ly\u017ein, kdy\u017e odl\u00e9tal pod t\u011b\u017ekou nep\u0159\u00e1telskou palbou. Arada v\u0161ak zajal libanonsk\u00fd Amal. Dlouho byl pova\u017eov\u00e1n za mrtv\u00e9ho, ale jeho ostatky nebyly nikdy vr\u00e1ceny.<\/span><\/p>\n<p><span dir=\"auto\">Ned\u00e1vn\u00e9 zmizen\u00ed libanonsk\u00e9ho d\u016fstojn\u00edka gener\u00e1ln\u00ed bezpe\u010dnosti ve v\u00fdslu\u017eb\u011b Ahmada \u0160ukra znovu p\u0159ivedlo osud Aradu do centra pozornosti.<\/span><\/p>\n<p><span dir=\"auto\">Libanonsk\u00fd soudn\u00ed \u00fa\u0159edn\u00edk, kter\u00fd hovo\u0159il s AFP, uvedl, \u017ee \u0160ukr \u201ebyl vyl\u00e1k\u00e1n ze sv\u00e9ho rodn\u00e9ho m\u011bsta Nabi \u0160\u00edt\u201c na m\u00edsto pobl\u00ed\u017e m\u011bsta Zahle na v\u00fdchod\u011b zem\u011b, kde zmizel.<\/span><\/p>\n<p><span dir=\"auto\">\u0160ukr je bratrem Hasana \u0160ukra, kter\u00fd \u201ebyl bojovn\u00edkem ve skupin\u011b, je\u017e se pod\u00edlela na zajet\u00ed izraelsk\u00e9ho pilota Rona Arada pot\u00e9, co bylo jeho letadlo sest\u0159eleno,\u201c uvedl zdroj bl\u00edzk\u00fd rodin\u011b francouzsk\u00e9 tiskov\u00e9 agentu\u0159e a dodal, \u017ee Hassan byl zabit v roce 1988 v bitv\u011b mezi izraelsk\u00fdmi silami a m\u00edstn\u00edmi bojovn\u00edky, v\u010detn\u011b \u010dlen\u016f Hizball\u00e1hu.<\/span><\/p>\n<p><span dir=\"auto\">Doty\u010dnou skupinu vedl tehdej\u0161\u00ed velitel Amalu Mustafa Dirani, kter\u00fd pozd\u011bji p\u0159eb\u011bhl a p\u0159idal se k \u0159ad\u00e1m Hizball\u00e1hu.<\/span><\/p>\n<p><span dir=\"auto\">Soudn\u00ed \u00fa\u0159edn\u00edk uvedl, \u017ee informace nazna\u010duj\u00ed, \u017ee Ahmad \u0160ukr \u201ebyl nal\u00e1k\u00e1n dv\u011bma \u0160v\u00e9dy, kte\u0159\u00ed do Libanonu p\u0159ijeli dva dny p\u0159ed jeho \u00fanosem, a \u017ee jeden z nich odlet\u011bl p\u0159es leti\u0161t\u011b v Bejr\u00fatu v den, kdy \u0160ukr zmizel\u201c.<\/span><\/p>\n<p><span dir=\"auto\">Vy\u0161et\u0159ovatel\u00e9 podle \u00fa\u0159edn\u00edka prov\u011b\u0159uj\u00ed mo\u017enost, \u017ee byl zabit izraelsk\u00fdmi agenty nebo p\u0159evezen do Izraele.<\/span><\/p>\n<p><span dir=\"auto\">V\u00edce podrobnost\u00ed o \u0160ukrovi a jeho zmizen\u00ed zve\u0159ejnily 24. prosince britsk\u00e9 arabsk\u00e9 noviny Asharq al-Awsat.<\/span><\/p>\n<p><span dir=\"auto\">\u0160ukr\u016fv bratr Abdel Salam novin\u00e1m prozradil, \u017ee na vyl\u00e1k\u00e1n\u00ed jeho bratra se pod\u00edlel libanonsk\u00fd emigrant \u017eij\u00edc\u00ed v Kongu.<\/span><\/p>\n<p><span dir=\"auto\">Expatriovan\u00fd o n\u011bkolik m\u011bs\u00edc\u016f d\u0159\u00edve kontaktoval \u0160ukra, aby si od n\u011bj pronajal byt, a pozd\u011bji ho po\u017e\u00e1dal, aby pomohl bohat\u00e9mu africk\u00e9mu podnikateli jm\u00e9nem Salim Kassab koupit pozemek v Libanonu.<\/span><\/p>\n<p><em><span dir=\"auto\">\u201eExpatriovan\u00fd se tam vydal a prohl\u00e9dl si pozemek. Dva t\u00fddny po sv\u00e9m odjezdu zavolal, \u017ee bohat\u00fd Kassab souhlasil s koup\u00ed pozemku a \u017ee nav\u0161t\u00edv\u00ed Libanon. Po\u017e\u00e1dal o setk\u00e1n\u00ed s n\u00edm v den, kdy Ahmed zmizel [17. prosince], v 16:30,\u201c \u0159ekl Abdel Salam.<\/span><\/em><\/p>\n<p><span dir=\"auto\">Poznamenal, \u017ee cizinec \u201etrval na tomto \u010dase, proto\u017ee to kupuj\u00edc\u00edmu vyhovovalo, a to i p\u0159es Ahmedovo nal\u00e9h\u00e1n\u00ed, \u017ee v t\u00e9 dob\u011b u\u017e bude v oblasti tma a charakter pozemku bude nejasn\u00fd.\u201c<\/span><\/p>\n<p><span dir=\"auto\">\u0158ekl, \u017ee se expatriovan\u00fd \u201eomluvil za ne\u00fa\u010dast s t\u00edm, \u017ee m\u00e1 zlomenou nohu, a \u017ee obchodn\u00edk m\u00edsto nav\u0161t\u00edv\u00ed s\u00e1m v doprovodu Ahmeda\u201c.<\/span><\/p>\n<p><em><span dir=\"auto\">\u201eNev\u00edme o n\u011bm nic krom\u011b \u00fanik\u016f informac\u00ed z bezpe\u010dnostn\u00edch a soudn\u00edch org\u00e1n\u016f,\u201c dodal, \u201ev\u00edme jen to, \u017ee \u00fanosci si pronajali d\u016fm v Zahle a po \u00fanosu Ahmeda z n\u011bj odstranili v\u0161echny otisky prst\u016f,\u201c a \u017ee \u201ekamery zaznamenaly pohyb auta sm\u011brem k obci Sawira v z\u00e1padn\u00ed Bek\u00e1a, kde pot\u00e9 d\u016fkazy zmizely,\u201c s t\u00edm, \u017ee Sawira slou\u017eila jako pa\u0161er\u00e1ck\u00e1 trasa mezi Libanonem a S\u00fdri\u00ed.<\/span><\/em><\/p>\n<p><span dir=\"auto\">Stejn\u00e1 zpr\u00e1va odhalila, \u017ee \u0160ukr je p\u0159\u00edbuzn\u00fdm vojensk\u00e9ho velitele Hizball\u00e1hu Fu\u00e1da \u0160ukra, kter\u00e9ho Izrael loni zavra\u017edil.<\/span><\/p>\n<p><span dir=\"auto\">Noviny tak\u00e9 potvrdily, \u017ee Arad byl n\u011bjakou dobu dr\u017een v dom\u011b pat\u0159\u00edc\u00edm rodin\u011b \u0160ukr\u016f ve m\u011bst\u011b Nabi \u010cit v ji\u017en\u00edm Libanonu.<\/span><\/p>\n<p><span dir=\"auto\">Arad je pova\u017eov\u00e1n za mrtv\u00e9ho p\u0159inejmen\u0161\u00edm od poloviny 90. let. Posledn\u00ed d\u016fkaz o jeho \u017eivot\u011b se objevil v roce 1988 a objevily se zpr\u00e1vy o tom, \u017ee ho Amal p\u0159edala \u00cdr\u00e1nu nebo Hizball\u00e1hu. Izrael v\u0161ak jeho ostatky nep\u0159estal hledat.<\/span><\/p>\n<p><span dir=\"auto\">Dirani s\u00e1m byl v roce 1994 unesen Izraelem a o deset let pozd\u011bji propu\u0161t\u011bn ve v\u00fdm\u011bn\u011b s Hizball\u00e1hem. V ned\u00e1vn\u00e9 dob\u011b, v roce 2021, se objevily zpr\u00e1vy, \u017ee agenti Mossadu unesli \u00edr\u00e1nsk\u00e9ho gener\u00e1la ze S\u00fdrie, aby z\u00edskali nov\u00e9 informace o Aradovi. Gener\u00e1l byl p\u0159evezen do Ji\u017en\u00ed Afriky a pozd\u011bji propu\u0161t\u011bn.<\/span><\/p>\n<p><span dir=\"auto\">Vzhledem k t\u011bmto incident\u016fm je nejpravd\u011bpodobn\u011bj\u0161\u00edm sc\u00e9n\u00e1\u0159em to, \u017ee \u0160ukr byl unesen Mosadem z Libanonu a p\u0159em\u00edst\u011bn do t\u0159et\u00ed zem\u011b. Stejn\u011b jako Dirani a \u00edr\u00e1nsk\u00fd gener\u00e1l bude pravd\u011bpodobn\u011b nakonec propu\u0161t\u011bn.<\/span><\/p>\n<p><span dir=\"auto\">Incident v\u0161ak ukazuje, \u017ee Izrael se po hlubok\u00e9m oslaben\u00ed Hizball\u00e1hu stal odv\u00e1\u017en\u011bj\u0161\u00edm ve sv\u00fdch zpravodajsk\u00fdch operac\u00edch v Libanonu.<\/span><\/p>\n<p><img decoding=\"async\" loading=\"lazy\" class=\"alignnone size-full wp-image-1185\" src=\"http:\/\/www.infokuryr.cz\/n\/wp-content\/uploads\/2021\/04\/kuryr-podpis.png\" alt=\"\" width=\"84\" height=\"24\" \/><\/p>\n<p>&nbsp;<\/p>\n","protected":false},"excerpt":{"rendered":"<p>Libanonsk\u00e9 \u00fa\u0159ady vy\u0161et\u0159uj\u00ed ned\u00e1vn\u00e9 zmizen\u00ed vyslou\u017eil\u00e9ho bezpe\u010dnostn\u00edho d\u016fstojn\u00edka, jeho\u017e bratr se z\u0159ejm\u011b pod\u00edlel na zajet\u00ed&#8230;<\/p>\n","protected":false},"author":2,"featured_media":95418,"comment_status":"closed","ping_status":"closed","sticky":false,"template":"","format":"standard","meta":[],"categories":[7],"tags":[4842,405,3269],"_links":{"self":[{"href":"https:\/\/www.infokuryr.cz\/n\/wp-json\/wp\/v2\/posts\/95417"}],"collection":[{"href":"https:\/\/www.infokuryr.cz\/n\/wp-json\/wp\/v2\/posts"}],"about":[{"href":"https:\/\/www.infokuryr.cz\/n\/wp-json\/wp\/v2\/types\/post"}],"author":[{"embeddable":true,"href":"https:\/\/www.infokuryr.cz\/n\/wp-json\/wp\/v2\/users\/2"}],"replies":[{"embeddable":true,"href":"https:\/\/www.infokuryr.cz\/n\/wp-json\/wp\/v2\/comments?post=95417"}],"version-history":[{"count":0,"href":"https:\/\/www.infokuryr.cz\/n\/wp-json\/wp\/v2\/posts\/95417\/revisions"}],"wp:featuredmedia":[{"embeddable":true,"href":"https:\/\/www.infokuryr.cz\/n\/wp-json\/wp\/v2\/media\/95418"}],"wp:attachment":[{"href":"https:\/\/www.infokuryr.cz\/n\/wp-json\/wp\/v2\/media?parent=95417"}],"wp:term":[{"taxonomy":"category","embeddable":true,"href":"https:\/\/www.infokuryr.cz\/n\/wp-json\/wp\/v2\/categories?post=95417"},{"taxonomy":"post_tag","embeddable":true,"href":"https:\/\/www.infokuryr.cz\/n\/wp-json\/wp\/v2\/tags?post=95417"}],"curies":[{"name":"wp","href":"https:\/\/api.w.org\/{rel}","templated":true}]}}