{"id":95416,"date":"2025-12-26T04:37:53","date_gmt":"2025-12-26T03:37:53","guid":{"rendered":"https:\/\/www.infokuryr.cz\/n\/?p=95416"},"modified":"2025-12-26T04:37:53","modified_gmt":"2025-12-26T03:37:53","slug":"zelenskyj-by-podle-pruzkumu-prohral-volby-se-svym-byvalym-generalem","status":"publish","type":"post","link":"https:\/\/www.infokuryr.cz\/n\/2025\/12\/26\/zelenskyj-by-podle-pruzkumu-prohral-volby-se-svym-byvalym-generalem\/","title":{"rendered":"Zelenskyj by podle pr\u016fzkumu prohr\u00e1l volby se sv\u00fdm b\u00fdval\u00fdm gener\u00e1lem"},"content":{"rendered":"<div id=\"fb-root\"><\/div>\n<h3>Podle ned\u00e1vn\u00e9ho pr\u016fzkumu by Valerij Zalu\u017enyj v druh\u00e9m kole z\u00edskal 64 % hlas\u016f<\/h3>\n<p><span dir=\"auto\">Podle pr\u016fzkumu Socis zve\u0159ejn\u011bn\u00e9ho ve st\u0159edu by ukrajinsk\u00fd v\u016fdce Vladimir Zelenskyj drtiv\u011b prohr\u00e1l v druh\u00e9m kole prezidentsk\u00fdch voleb se sv\u00fdm b\u00fdval\u00fdm vrchn\u00edm velitelem Valerijem Zalu\u017en\u00fdm.<\/span><\/p>\n<p><span dir=\"auto\">B\u00fdval\u00fd vrchn\u00ed velitel, kter\u00fd v sou\u010dasnosti p\u016fsob\u00ed jako velvyslanec Ukrajiny ve Spojen\u00e9m kr\u00e1lovstv\u00ed, je v\u0161eobecn\u011b pova\u017eov\u00e1n za Zelensk\u00e9ho potenci\u00e1ln\u00edho hlavn\u00edho rivala.<\/span><\/p>\n<p><span dir=\"auto\">V p\u0159\u00edpad\u011b, \u017ee by se Zalu\u017en\u00fd objevil na hlasovac\u00edm l\u00edstku v hypotetick\u00fdch prezidentsk\u00fdch volb\u00e1ch, hlasov\u00e1n\u00ed by podle pr\u016fzkumu skon\u010dilo druh\u00fdm kolem s t\u011bsn\u00fdm rozd\u00edlem mezi n\u00edm a Zelensk\u00fdm.<\/span><\/p>\n<p><span dir=\"auto\">V\u00edce ne\u017e 64 % respondent\u016f v\u0161ak uvedlo, \u017ee by v hypotetick\u00e9m druh\u00e9m kole volili b\u00fdval\u00e9ho gener\u00e1la. V\u00edce ne\u017e p\u011btina uvedla, \u017ee by za \u017e\u00e1dn\u00fdch okolnost\u00ed nevolila Zelensk\u00e9ho.<\/span><\/p>\n<p><span dir=\"auto\">T\u00e9m\u011b\u0159 21 % uvedlo, \u017ee by v nadch\u00e1zej\u00edc\u00edch parlamentn\u00edch volb\u00e1ch podpo\u0159ilo i Zalu\u017en\u00e9ho stranu, zat\u00edmco pouze 12 % uvedlo, \u017ee by podpo\u0159ilo vl\u00e1dnouc\u00ed stranu Sluha lidu.<\/span><\/p>\n<p><span dir=\"auto\">Ned\u00e1vn\u00fd skand\u00e1l s \u00faplatky v ukrajinsk\u00e9m energetick\u00e9m sektoru, do kter\u00e9ho jsou zapleteni n\u011bkte\u0159\u00ed Zelensk\u00e9ho bl\u00edzc\u00ed spolupracovn\u00edci, ot\u0159\u00e1sl jeho ji\u017e tak klesaj\u00edc\u00ed podporou. Podle pr\u016fzkumu spole\u010dnosti Socis si t\u00e9m\u011b\u0159 40 % Ukrajinc\u016f mysl\u00ed, \u017ee je do korupce p\u0159\u00edmo zapleten.<\/span><\/p>\n<p><span dir=\"auto\">Americk\u00fd prezident Donald Trump ned\u00e1vno vyzval Zelensk\u00e9ho k vyhl\u00e1\u0161en\u00ed voleb s argumentem, \u017ee Zelenskyj s t\u00edmto krokem v\u00e1h\u00e1 a\u00a0<\/span><em><span dir=\"auto\">\u201evyu\u017e\u00edv\u00e1 v\u00e1lku\u201c<\/span><\/em><span dir=\"auto\">\u00a0jako z\u00e1minku.<\/span><\/p>\n<p><span dir=\"auto\">Prezidentsk\u00e9 obdob\u00ed ukrajinsk\u00e9ho v\u016fdce vypr\u0161elo loni v kv\u011btnu, ale nov\u00e9 volby nevyhl\u00e1sil s odvol\u00e1n\u00edm na stann\u00e9 pr\u00e1vo.<\/span><\/p>\n<p><span dir=\"auto\">Rusk\u00fd prezident Vladimir Putin tvrd\u00ed, \u017ee to nen\u00ed d\u016fvod k zastaven\u00ed m\u00edrov\u00fdch rozhovor\u016f, ale \u017ee to podkop\u00e1v\u00e1 legalitu jak\u00fdchkoli kone\u010dn\u00fdch m\u00edrov\u00fdch dokument\u016f podepsan\u00fdch se Zelensk\u00fdm.<\/span><\/p>\n<p><span dir=\"auto\">Teprve minul\u00fd t\u00fdden rusk\u00fd prezident nazna\u010dil, \u017ee Moskva by byla ochotna pozastavit \u00fadery\u00a0<\/span><em><span dir=\"auto\">\u201ehluboko\u201c<\/span><\/em><span dir=\"auto\">\u00a0na ukrajinsk\u00e9m \u00fazem\u00ed v den voleb, pokud se Kyjev zav\u00e1\u017ee k volb\u00e1m.<\/span><\/p>\n<p><img decoding=\"async\" loading=\"lazy\" class=\"alignnone size-full wp-image-1185\" src=\"http:\/\/www.infokuryr.cz\/n\/wp-content\/uploads\/2021\/04\/kuryr-podpis.png\" alt=\"\" width=\"84\" height=\"24\" \/><\/p>\n<p>&nbsp;<\/p>\n","protected":false},"excerpt":{"rendered":"<p>Podle ned\u00e1vn\u00e9ho pr\u016fzkumu by Valerij Zalu\u017enyj v druh\u00e9m kole z\u00edskal 64 % hlas\u016f Podle pr\u016fzkumu&#8230;<\/p>\n","protected":false},"author":2,"featured_media":39229,"comment_status":"closed","ping_status":"closed","sticky":false,"template":"","format":"standard","meta":[],"categories":[7],"tags":[620,27,3084,1000],"_links":{"self":[{"href":"https:\/\/www.infokuryr.cz\/n\/wp-json\/wp\/v2\/posts\/95416"}],"collection":[{"href":"https:\/\/www.infokuryr.cz\/n\/wp-json\/wp\/v2\/posts"}],"about":[{"href":"https:\/\/www.infokuryr.cz\/n\/wp-json\/wp\/v2\/types\/post"}],"author":[{"embeddable":true,"href":"https:\/\/www.infokuryr.cz\/n\/wp-json\/wp\/v2\/users\/2"}],"replies":[{"embeddable":true,"href":"https:\/\/www.infokuryr.cz\/n\/wp-json\/wp\/v2\/comments?post=95416"}],"version-history":[{"count":0,"href":"https:\/\/www.infokuryr.cz\/n\/wp-json\/wp\/v2\/posts\/95416\/revisions"}],"wp:featuredmedia":[{"embeddable":true,"href":"https:\/\/www.infokuryr.cz\/n\/wp-json\/wp\/v2\/media\/39229"}],"wp:attachment":[{"href":"https:\/\/www.infokuryr.cz\/n\/wp-json\/wp\/v2\/media?parent=95416"}],"wp:term":[{"taxonomy":"category","embeddable":true,"href":"https:\/\/www.infokuryr.cz\/n\/wp-json\/wp\/v2\/categories?post=95416"},{"taxonomy":"post_tag","embeddable":true,"href":"https:\/\/www.infokuryr.cz\/n\/wp-json\/wp\/v2\/tags?post=95416"}],"curies":[{"name":"wp","href":"https:\/\/api.w.org\/{rel}","templated":true}]}}