{"id":95414,"date":"2025-12-26T04:36:02","date_gmt":"2025-12-26T03:36:02","guid":{"rendered":"https:\/\/www.infokuryr.cz\/n\/?p=95414"},"modified":"2025-12-26T04:36:02","modified_gmt":"2025-12-26T03:36:02","slug":"vetsina-izraelcu-je-zklamana-svym-statem-tvrdi-pruzkum","status":"publish","type":"post","link":"https:\/\/www.infokuryr.cz\/n\/2025\/12\/26\/vetsina-izraelcu-je-zklamana-svym-statem-tvrdi-pruzkum\/","title":{"rendered":"V\u011bt\u0161ina Izraelc\u016f je zklaman\u00e1 sv\u00fdm st\u00e1tem, tvrd\u00ed pr\u016fzkum"},"content":{"rendered":"<div id=\"fb-root\"><\/div>\n<h3>Pr\u016fzkum uk\u00e1zal, \u017ee lid\u00e9 v\u011b\u0159\u00ed, \u017ee demokracie je na \u00fastupu, proto\u017ee d\u016fv\u011bra ve vl\u00e1du je st\u00e1le n\u00edzk\u00e1<\/h3>\n<p><span dir=\"auto\">Pr\u016fzkum zve\u0159ejn\u011bn\u00fd tento t\u00fdden nazna\u010duje, \u017ee v\u011bt\u0161ina Izraelc\u016f nesouhlas\u00ed se stavem demokracie ve sv\u00e9 zemi. Lid\u00e9 tvrd\u00ed, \u017ee se nemohou spol\u00e9hat na st\u00e1t, proto\u017ee d\u016fv\u011bra ve\u0159ejnosti v r\u016fzn\u00e9 vl\u00e1dn\u00ed instituce je i nad\u00e1le n\u00edzk\u00e1, jak vypl\u00fdv\u00e1 z pr\u016fzkumu Izraelsk\u00e9ho institutu pro demokracii (IDI).<\/span><\/p>\n<p><span dir=\"auto\">Podle IDI, na z\u00e1klad\u011b pr\u016fzkum\u016f proveden\u00fdch v kv\u011btnu a listopadu, pouze zhruba \u010dtvrtina \u017eidovsk\u00fdch Izraelc\u016f ozna\u010dila \u00farove\u0148 n\u00e1rodn\u00ed demokracie za\u00a0<\/span><em><span dir=\"auto\">\u201edobrou\u201c<\/span><\/em><span dir=\"auto\">\u00a0nebo\u00a0<\/span><em><span dir=\"auto\">\u201evynikaj\u00edc\u00ed\u201c.<\/span><\/em><span dir=\"auto\">\u00a0V\u00fdsledky pr\u016fzkumu podle institutu potvrzuj\u00ed klesaj\u00edc\u00ed trend posledn\u00edch let. Mezi arabsk\u00fdmi Izraelci dos\u00e1hlo pozitivn\u00ed hodnocen\u00ed stavu demokracie rekordn\u011b n\u00edzk\u00e9 \u00farovn\u011b, pouh\u00fdch 12 %, uv\u00e1d\u00ed zpr\u00e1va.<\/span><\/p>\n<p><span dir=\"auto\">Pr\u016fzkum uk\u00e1zal, \u017ee v\u011bt\u0161in\u011b vl\u00e1dn\u00edch instituc\u00ed d\u016fv\u011b\u0159uje pouze 10 % a\u017e 41 % respondent\u016f. Izraelsk\u00e9 obrann\u00e9 s\u00edly jsou jedinou v\u00fdjimkou u \u017eidovsk\u00fdch respondent\u016f, kde 81 % z nich uvedlo, \u017ee d\u016fv\u011b\u0159uj\u00ed n\u00e1rodn\u00ed arm\u00e1d\u011b.<\/span><\/p>\n<p><span dir=\"auto\">Podle pr\u016fzkumu m\u00e1 vl\u00e1da premi\u00e9ra Benjamina Netanjahua d\u016fv\u011bru \u010dtvrtiny izraelsk\u00fdch \u017did\u016f a n\u011bco m\u00e1lo p\u0159es 17 % izraelsk\u00fdch Arab\u016f. Netanjahu tak\u00e9 z\u016fst\u00e1v\u00e1 kontroverzn\u00ed postavou. Nejd\u00e9le slou\u017e\u00edc\u00ed premi\u00e9r v zemi v sou\u010dasn\u00e9 dob\u011b \u010del\u00ed soudu ve t\u0159ech p\u0159\u00edpadech korupce, v nich\u017e jak\u00e9koli provin\u011bn\u00ed pop\u00edr\u00e1. V \u0159\u00edjnu ozn\u00e1mil pl\u00e1ny uch\u00e1zet se o dal\u0161\u00ed funk\u010dn\u00ed obdob\u00ed.<\/span><\/p>\n<p><span dir=\"auto\">T\u00e9m\u011b\u0159 t\u0159etina v\u0161ech respondent\u016f, 35 %, uvedla, \u017ee se m\u016f\u017ee spolehnout na st\u00e1t\u00a0<\/span><em><span dir=\"auto\">\u201ev t\u011b\u017ek\u00fdch \u010dasech\u201c.<\/span><\/em><span dir=\"auto\">\u00a0V\u011bt\u0161ina, 67,5 % \u017eidovsk\u00fdch Izraelc\u016f a 76 % arabsk\u00fdch Izraelc\u016f, tak\u00e9 uvedla, \u017ee neexistuje \u017e\u00e1dn\u00e1 strana, kter\u00e1 by mohla v\u011brn\u011b reprezentovat jejich n\u00e1zory.<\/span><\/p>\n<p><span dir=\"auto\">Mezin\u00e1rodn\u00ed image z\u00e1padn\u00edho Jeruzal\u00e9ma v\u00e1\u017en\u011b po\u0161kodil konflikt v Gaze, kter\u00fd byl vyvol\u00e1n p\u0159ekvapiv\u00fdm \u00fatokem palestinsk\u00e9 militantn\u00ed skupiny Ham\u00e1s na jih zem\u011b v \u0159\u00edjnu 2023 a p\u0159i kter\u00e9m zem\u0159elo 1200 lid\u00ed. Izrael reagoval t\u011b\u017ek\u00fdm bombardov\u00e1n\u00edm a pozemn\u00edmi operacemi v palestinsk\u00e9 enkl\u00e1v\u011b v n\u00e1sleduj\u00edc\u00edch dvou letech, kter\u00e9 si podle m\u00edstn\u00edch zdravotnick\u00fdch \u00fa\u0159ad\u016f vy\u017e\u00e1daly \u017eivoty 70 000 Palestinc\u016f.<\/span><\/p>\n<p><img decoding=\"async\" loading=\"lazy\" class=\"alignnone size-full wp-image-1185\" src=\"http:\/\/www.infokuryr.cz\/n\/wp-content\/uploads\/2021\/04\/kuryr-podpis.png\" alt=\"\" width=\"84\" height=\"24\" \/><\/p>\n<p>&nbsp;<\/p>\n","protected":false},"excerpt":{"rendered":"<p>Pr\u016fzkum uk\u00e1zal, \u017ee lid\u00e9 v\u011b\u0159\u00ed, \u017ee demokracie je na \u00fastupu, proto\u017ee d\u016fv\u011bra ve vl\u00e1du je&#8230;<\/p>\n","protected":false},"author":2,"featured_media":95415,"comment_status":"closed","ping_status":"closed","sticky":false,"template":"","format":"standard","meta":[],"categories":[7],"tags":[6091,3968,620],"_links":{"self":[{"href":"https:\/\/www.infokuryr.cz\/n\/wp-json\/wp\/v2\/posts\/95414"}],"collection":[{"href":"https:\/\/www.infokuryr.cz\/n\/wp-json\/wp\/v2\/posts"}],"about":[{"href":"https:\/\/www.infokuryr.cz\/n\/wp-json\/wp\/v2\/types\/post"}],"author":[{"embeddable":true,"href":"https:\/\/www.infokuryr.cz\/n\/wp-json\/wp\/v2\/users\/2"}],"replies":[{"embeddable":true,"href":"https:\/\/www.infokuryr.cz\/n\/wp-json\/wp\/v2\/comments?post=95414"}],"version-history":[{"count":0,"href":"https:\/\/www.infokuryr.cz\/n\/wp-json\/wp\/v2\/posts\/95414\/revisions"}],"wp:featuredmedia":[{"embeddable":true,"href":"https:\/\/www.infokuryr.cz\/n\/wp-json\/wp\/v2\/media\/95415"}],"wp:attachment":[{"href":"https:\/\/www.infokuryr.cz\/n\/wp-json\/wp\/v2\/media?parent=95414"}],"wp:term":[{"taxonomy":"category","embeddable":true,"href":"https:\/\/www.infokuryr.cz\/n\/wp-json\/wp\/v2\/categories?post=95414"},{"taxonomy":"post_tag","embeddable":true,"href":"https:\/\/www.infokuryr.cz\/n\/wp-json\/wp\/v2\/tags?post=95414"}],"curies":[{"name":"wp","href":"https:\/\/api.w.org\/{rel}","templated":true}]}}