{"id":95411,"date":"2025-12-26T04:30:01","date_gmt":"2025-12-26T03:30:01","guid":{"rendered":"https:\/\/www.infokuryr.cz\/n\/?p=95411"},"modified":"2025-12-26T04:30:01","modified_gmt":"2025-12-26T03:30:01","slug":"krestane-v-gaze-oslavuji-vanoce-poprve-po-dvou-letech","status":"publish","type":"post","link":"https:\/\/www.infokuryr.cz\/n\/2025\/12\/26\/krestane-v-gaze-oslavuji-vanoce-poprve-po-dvou-letech\/","title":{"rendered":"K\u0159es\u0165an\u00e9 v Gaze oslavuj\u00ed V\u00e1noce poprv\u00e9 po dvou letech"},"content":{"rendered":"<div id=\"fb-root\"><\/div>\n<h3>Kostel Svat\u00e9 Rodiny, kter\u00fd byl b\u011bhem v\u00e1lky opakovan\u011b ost\u0159elov\u00e1n, uspo\u0159\u00e1dal tichou bohoslu\u017ebu pro malou katolickou komunitu v enkl\u00e1v\u011b<\/h3>\n<p><span dir=\"auto\">K\u0159es\u0165ansk\u00e1 komunita v Gaze uspo\u0159\u00e1dala svou prvn\u00ed v\u00e1no\u010dn\u00ed bohoslu\u017ebu od za\u010d\u00e1tku v\u00e1lky mezi Ham\u00e1sem a Izraelem p\u0159ed dv\u011bma lety, shrom\u00e1\u017edila se k tlumen\u00e9 m\u0161i uprost\u0159ed p\u0159\u00edm\u011b\u0159\u00ed, kter\u00e9 pozastavilo hlavn\u00ed bojov\u00e9 operace v enkl\u00e1v\u011b.<\/span><\/p>\n<p><span dir=\"auto\">Bohoslu\u017eba se konala v kostele Svat\u00e9 Rodiny, jedin\u00e9 katolick\u00e9 farnosti v Gaze, kter\u00e1 byla b\u011bhem konfliktu opakovan\u011b ost\u0159elov\u00e1na, zat\u00edmco slou\u017eila jako \u00fato\u010di\u0161t\u011b pro vys\u00eddlen\u00e9 rodiny. Oslavy se konaly v\u00fdhradn\u011b uvnit\u0159 kostela, kde se krom\u011b modliteb zdobil v\u00e1no\u010dn\u00ed strom a zp\u00edvaly se koledy.<\/span><\/p>\n<div class=\"article__cover\">\n<div class=\"media\"><picture><img decoding=\"async\" loading=\"lazy\" class=\"read-more__cover lazyautosizes lazyloaded aligncenter\" src=\"https:\/\/mf.b37mrtl.ru\/files\/2025.12\/original\/694d9b1985f5405bd26084df.jpg\" sizes=\"991px\" alt=\"RT\" width=\"717\" height=\"478\" data-sizes=\"auto\" data-src=\"https:\/\/mf.b37mrtl.ru\/files\/2025.12\/original\/694d9b1985f5405bd26084df.jpg\" \/><\/picture>\n<div class=\"media__footer media__footer_bottom \">\n<div class=\"media__title media__title_footer\"><span dir=\"auto\">V\u00e1no\u010dn\u00ed m\u0161e v kostele Svat\u00e9 Rodiny v Gaze, 24. prosince 2025. \u00a9 Getty Images \/ Anadolu \/ P\u0159isp\u011bvatel<\/span><\/div>\n<\/div>\n<\/div>\n<\/div>\n<p><span dir=\"auto\">Izraelsk\u00e9 s\u00edly opakovan\u011b bombardovaly kostel Svat\u00e9 rodiny a dal\u0161\u00ed m\u00edsta bohoslu\u017eeb v Gaze. V \u010dervenci izraelsk\u00fd tank vyp\u00e1lil na are\u00e1l kostela gran\u00e1t, p\u0159i kter\u00e9m zabil t\u0159i lidi a deset dal\u0161\u00edch, v\u010detn\u011b m\u00edstn\u00edho kn\u011bze, zranil. IDF ozna\u010dila tento \u00fatok za ne\u00famysln\u00fd, zat\u00edmco izraelsk\u00fd premi\u00e9r Benjamin Netanjahu se omluvil pape\u017ei Franti\u0161kovi a ozna\u010dil jej za\u00a0<\/span><em><span dir=\"auto\">\u201ezbloudilou munici\u201c<\/span><\/em><span dir=\"auto\">\u00a0.<\/span><\/p>\n<p><em><span dir=\"auto\">\u201eSt\u00e1le se zotavujeme z n\u00e1sledk\u016f v\u00e1lky,\u201c<\/span><\/em><span dir=\"auto\">\u00a0\u0159ekl NBC koordin\u00e1tor komunity George Anton s t\u00edm, \u017ee v\u0161echny tradi\u010dn\u00ed slavnostn\u00ed aktivity mimo samotnou bohoslu\u017ebu byly zru\u0161eny.<\/span><\/p>\n<p><span dir=\"auto\">Po\u010det k\u0159es\u0165an\u016f v Gaze prudce poklesl. Vedouc\u00ed p\u0159edstavitel\u00e9 komunity odhaduj\u00ed, \u017ee zb\u00fdv\u00e1 jen asi 1 000 \u010dlen\u016f, oproti p\u0159ibli\u017en\u011b 3 000 v roce 2007.<\/span><\/p>\n<div class=\"rtcode\">\n<div class=\"twitter-tweet twitter-tweet-rendered\"><iframe id=\"twitter-widget-0\" class=\"\" title=\"X P\u0159\u00edsp\u011bvek\" src=\"https:\/\/platform.twitter.com\/embed\/Tweet.html?creatorScreenName=RT_com&amp;dnt=false&amp;embedId=twitter-widget-0&amp;features=eyJ0ZndfdGltZWxpbmVfbGlzdCI6eyJidWNrZXQiOltdLCJ2ZXJzaW9uIjpudWxsfSwidGZ3X2ZvbGxvd2VyX2NvdW50X3N1bnNldCI6eyJidWNrZXQiOnRydWUsInZlcnNpb24iOm51bGx9LCJ0ZndfdHdlZXRfZWRpdF9iYWNrZW5kIjp7ImJ1Y2tldCI6Im9uIiwidmVyc2lvbiI6bnVsbH0sInRmd19yZWZzcmNfc2Vzc2lvbiI6eyJidWNrZXQiOiJvbiIsInZlcnNpb24iOm51bGx9LCJ0ZndfZm9zbnJfc29mdF9pbnRlcnZlbnRpb25zX2VuYWJsZWQiOnsiYnVja2V0Ijoib24iLCJ2ZXJzaW9uIjpudWxsfSwidGZ3X21peGVkX21lZGlhXzE1ODk3Ijp7ImJ1Y2tldCI6InRyZWF0bWVudCIsInZlcnNpb24iOm51bGx9LCJ0ZndfZXhwZXJpbWVudHNfY29va2llX2V4cGlyYXRpb24iOnsiYnVja2V0IjoxMjA5NjAwLCJ2ZXJzaW9uIjpudWxsfSwidGZ3X3Nob3dfYmlyZHdhdGNoX3Bpdm90c19lbmFibGVkIjp7ImJ1Y2tldCI6Im9uIiwidmVyc2lvbiI6bnVsbH0sInRmd19kdXBsaWNhdGVfc2NyaWJlc190b19zZXR0aW5ncyI6eyJidWNrZXQiOiJvbiIsInZlcnNpb24iOm51bGx9LCJ0ZndfdXNlX3Byb2ZpbGVfaW1hZ2Vfc2hhcGVfZW5hYmxlZCI6eyJidWNrZXQiOiJvbiIsInZlcnNpb24iOm51bGx9LCJ0ZndfdmlkZW9faGxzX2R5bmFtaWNfbWFuaWZlc3RzXzE1MDgyIjp7ImJ1Y2tldCI6InRydWVfYml0cmF0ZSIsInZlcnNpb24iOm51bGx9LCJ0ZndfbGVnYWN5X3RpbWVsaW5lX3N1bnNldCI6eyJidWNrZXQiOnRydWUsInZlcnNpb24iOm51bGx9LCJ0ZndfdHdlZXRfZWRpdF9mcm9udGVuZCI6eyJidWNrZXQiOiJvbiIsInZlcnNpb24iOm51bGx9fQ%3D%3D&amp;frame=false&amp;hideCard=false&amp;hideThread=false&amp;id=2004219781298151681&amp;lang=cs&amp;maxWidth=560px&amp;origin=https%3A%2F%2Fwww.rt.com%2Fnews%2F630023-gaza-war-christmas-celebration%2F&amp;sessionId=e6d49d52218ad64882e18958f60e0fb5553a6386&amp;siteScreenName=RT_com&amp;theme=light&amp;widgetsVersion=2615f7e52b7e0%3A1702314776716&amp;width=550px\" frameborder=\"0\" scrolling=\"no\" allowfullscreen=\"allowfullscreen\" data-tweet-id=\"2004219781298151681\" data-mce-fragment=\"1\"><\/iframe><\/div>\n<\/div>\n<p><span dir=\"auto\">Izrael zah\u00e1jil vojenskou kampa\u0148 v palestinsk\u00e9 enkl\u00e1v\u011b v reakci na p\u0159ekvapiv\u00fd \u00fatok Ham\u00e1su v \u0159\u00edjnu 2023, p\u0159i kter\u00e9m bylo zabito 1200 lid\u00ed a 250 dal\u0161\u00edch zajato jako rukojm\u00ed. Zdravotnick\u00e9 org\u00e1ny v Gaze, kter\u00e9 provozuje Ham\u00e1s, uv\u00e1d\u011bj\u00ed, \u017ee izraelsk\u00e9 operace si vy\u017e\u00e1daly p\u0159es 70 000 ob\u011bt\u00ed.<\/span><\/p>\n<p><span dir=\"auto\">Sou\u010dasn\u00e9 p\u0159\u00edm\u011b\u0159\u00ed zprost\u0159edkovan\u00e9 USA, kter\u00e9 vstoupilo v platnost 10. \u0159\u00edjna, vyzvalo izraelsk\u00e9 s\u00edly ke sta\u017een\u00ed z \u010d\u00e1st\u00ed enkl\u00e1vy a k v\u00fdm\u011bn\u011b v\u011bz\u0148\u016f. Navzdory p\u0159\u00edm\u011b\u0159\u00ed izraelsk\u00e9 n\u00e1lety pokra\u010duj\u00ed a humanit\u00e1rn\u00ed pomoc zaost\u00e1v\u00e1, co\u017e podle agentur OSN a region\u00e1ln\u00edch medi\u00e1tor\u016f zhor\u0161uje podm\u00ednky v Gaze. Palestinci obvi\u0148uj\u00ed z\u00e1padn\u00ed Jeruzal\u00e9m z poru\u0161en\u00ed dohody.<\/span><\/p>\n<p><span dir=\"auto\">Podle ned\u00e1vn\u00e9 zpr\u00e1vy OSN trp\u00ed Gaza po dvou letech v\u00e1lky nejhor\u0161\u00edm ekonomick\u00fdm kolapsem v historii, p\u0159i\u010dem\u017e je po\u0161kozeno p\u0159ibli\u017en\u011b 70 % v\u0161ech staveb a v\u011bt\u0161ina lid\u00ed je nucena \u017e\u00edt ve stanech a trosk\u00e1ch.<\/span><\/p>\n<p><img decoding=\"async\" loading=\"lazy\" class=\"alignnone size-full wp-image-1185\" src=\"http:\/\/www.infokuryr.cz\/n\/wp-content\/uploads\/2021\/04\/kuryr-podpis.png\" alt=\"\" width=\"84\" height=\"24\" \/><\/p>\n<p>&nbsp;<\/p>\n","protected":false},"excerpt":{"rendered":"<p>Kostel Svat\u00e9 Rodiny, kter\u00fd byl b\u011bhem v\u00e1lky opakovan\u011b ost\u0159elov\u00e1n, uspo\u0159\u00e1dal tichou bohoslu\u017ebu pro malou katolickou&#8230;<\/p>\n","protected":false},"author":2,"featured_media":95412,"comment_status":"closed","ping_status":"closed","sticky":false,"template":"","format":"standard","meta":[],"categories":[7],"tags":[348,167,1056,1471],"_links":{"self":[{"href":"https:\/\/www.infokuryr.cz\/n\/wp-json\/wp\/v2\/posts\/95411"}],"collection":[{"href":"https:\/\/www.infokuryr.cz\/n\/wp-json\/wp\/v2\/posts"}],"about":[{"href":"https:\/\/www.infokuryr.cz\/n\/wp-json\/wp\/v2\/types\/post"}],"author":[{"embeddable":true,"href":"https:\/\/www.infokuryr.cz\/n\/wp-json\/wp\/v2\/users\/2"}],"replies":[{"embeddable":true,"href":"https:\/\/www.infokuryr.cz\/n\/wp-json\/wp\/v2\/comments?post=95411"}],"version-history":[{"count":0,"href":"https:\/\/www.infokuryr.cz\/n\/wp-json\/wp\/v2\/posts\/95411\/revisions"}],"wp:featuredmedia":[{"embeddable":true,"href":"https:\/\/www.infokuryr.cz\/n\/wp-json\/wp\/v2\/media\/95412"}],"wp:attachment":[{"href":"https:\/\/www.infokuryr.cz\/n\/wp-json\/wp\/v2\/media?parent=95411"}],"wp:term":[{"taxonomy":"category","embeddable":true,"href":"https:\/\/www.infokuryr.cz\/n\/wp-json\/wp\/v2\/categories?post=95411"},{"taxonomy":"post_tag","embeddable":true,"href":"https:\/\/www.infokuryr.cz\/n\/wp-json\/wp\/v2\/tags?post=95411"}],"curies":[{"name":"wp","href":"https:\/\/api.w.org\/{rel}","templated":true}]}}