{"id":95404,"date":"2025-12-26T04:10:36","date_gmt":"2025-12-26T03:10:36","guid":{"rendered":"https:\/\/www.infokuryr.cz\/n\/?p=95404"},"modified":"2025-12-26T04:10:36","modified_gmt":"2025-12-26T03:10:36","slug":"ondrej-prokop-jaky-je-zivot-herce-mimo-zari-reflektoru-stanislav-lehky","status":"publish","type":"post","link":"https:\/\/www.infokuryr.cz\/n\/2025\/12\/26\/ondrej-prokop-jaky-je-zivot-herce-mimo-zari-reflektoru-stanislav-lehky\/","title":{"rendered":"Ond\u0159ej Prokop: Jak\u00fd je \u017eivot herce mimo z\u00e1\u0159i reflektor\u016f? | Stanislav Lehk\u00fd"},"content":{"rendered":"<div id=\"fb-root\"><\/div>\n<p>\u201eJako herec m\u00e1te plat v nejni\u017e\u0161\u00ed tabulkov\u00e9 t\u0159\u00edd\u011b, jste pod neust\u00e1l\u00fdm tlakem a nev\u00edte, jestli z\u00edtra budete m\u00edt pr\u00e1ci. Ale p\u0159esto tu profesi milujete a nem\u011bnili byste.&#8220;<\/p>\n<p>\ud83d\udc49 Jak vypad\u00e1 hereck\u00fd \u017eivot mimo z\u00e1\u0159i reflektor\u016f a co je na n\u011bm nejt\u011b\u017e\u0161\u00ed?<br \/>\n\ud83d\udc49 Pro\u010d se herc\u016fm v Praze finan\u010dn\u011b neda\u0159\u00ed a pro\u010d Praha d\u00e1v\u00e1 na kulturu m\u00e9n\u011b ne\u017e Brno?<br \/>\n\ud83d\udc49 Jak\u00e9 to je, kdy\u017e v\u00e1s vyhod\u00ed z divadla jen proto, \u017ee pouk\u00e1\u017eete na chyby veden\u00ed?<br \/>\n\ud83d\udc49 Jak se z jadern\u00e9ho technika stane herec, kter\u00e9ho u\u010dily legendy jako Jana Hlav\u00e1\u010dov\u00e1?<\/p>\n<p>O tom i o dal\u0161\u00edch t\u00e9matech jsme se bavili v podcastu \u010cau Praho s hostem \ud83d\udde3\ufe0f, kde v\u00e1m pr\u016fb\u011b\u017en\u011b p\u0159edstavuji zaj\u00edmav\u00e9 osobnosti. Budu moc r\u00e1d, kdy\u017e si dne\u0161n\u00ed d\u00edl pust\u00edte a nap\u00ed\u0161ete n\u00e1m v\u00e1\u0161 n\u00e1zor nebo post\u0159eh do koment\u00e1\u0159\u016f. Pros\u00edm tak\u00e9 o sd\u00edlen\u00ed. P\u0159edem moc d\u011bkuji!<\/p>\n<p><strong>Stanislav Lehk\u00fd<\/strong>\u00a0je herec, kter\u00fd u\u017e \u010dtvrt stolet\u00ed p\u016fsob\u00ed v M\u011bstsk\u00fdch divadlech pra\u017esk\u00fdch. Zn\u00e1 divadeln\u00ed sv\u011bt zbl\u00edzka a neboj\u00ed se mluvit i o jeho stinn\u00fdch str\u00e1nk\u00e1ch.<\/p>\n<p><iframe loading=\"lazy\" title=\"Jak\u00fd je \u017eivot herce mimo z\u00e1\u0159i reflektor\u016f? | Stanislav Lehk\u00fd\" width=\"640\" height=\"360\" src=\"https:\/\/www.youtube.com\/embed\/oKbL07wEu_k?feature=oembed\" frameborder=\"0\" allow=\"accelerometer; autoplay; clipboard-write; encrypted-media; gyroscope; picture-in-picture; web-share\" referrerpolicy=\"strict-origin-when-cross-origin\" allowfullscreen><\/iframe><\/p>\n<h4>Ing. Ond\u0159ej Prokop<\/h4>\n<p><img decoding=\"async\" loading=\"lazy\" class=\"wp-image-94843 aligncenter\" src=\"http:\/\/www.infokuryr.cz\/n\/wp-content\/uploads\/2025\/12\/popelka-hrad-300x141.jpg\" alt=\"\" width=\"1134\" height=\"533\" srcset=\"https:\/\/www.infokuryr.cz\/n\/wp-content\/uploads\/2025\/12\/popelka-hrad-300x141.jpg 300w, https:\/\/www.infokuryr.cz\/n\/wp-content\/uploads\/2025\/12\/popelka-hrad-768x360.jpg 768w, https:\/\/www.infokuryr.cz\/n\/wp-content\/uploads\/2025\/12\/popelka-hrad.jpg 977w\" sizes=\"(max-width: 1134px) 100vw, 1134px\" \/><\/p>\n<p>&nbsp;<\/p>\n","protected":false},"excerpt":{"rendered":"<p>\u201eJako herec m\u00e1te plat v nejni\u017e\u0161\u00ed tabulkov\u00e9 t\u0159\u00edd\u011b, jste pod neust\u00e1l\u00fdm tlakem a nev\u00edte, jestli&#8230;<\/p>\n","protected":false},"author":2,"featured_media":95405,"comment_status":"closed","ping_status":"closed","sticky":false,"template":"","format":"standard","meta":[],"categories":[6],"tags":[2673,1052,889],"_links":{"self":[{"href":"https:\/\/www.infokuryr.cz\/n\/wp-json\/wp\/v2\/posts\/95404"}],"collection":[{"href":"https:\/\/www.infokuryr.cz\/n\/wp-json\/wp\/v2\/posts"}],"about":[{"href":"https:\/\/www.infokuryr.cz\/n\/wp-json\/wp\/v2\/types\/post"}],"author":[{"embeddable":true,"href":"https:\/\/www.infokuryr.cz\/n\/wp-json\/wp\/v2\/users\/2"}],"replies":[{"embeddable":true,"href":"https:\/\/www.infokuryr.cz\/n\/wp-json\/wp\/v2\/comments?post=95404"}],"version-history":[{"count":0,"href":"https:\/\/www.infokuryr.cz\/n\/wp-json\/wp\/v2\/posts\/95404\/revisions"}],"wp:featuredmedia":[{"embeddable":true,"href":"https:\/\/www.infokuryr.cz\/n\/wp-json\/wp\/v2\/media\/95405"}],"wp:attachment":[{"href":"https:\/\/www.infokuryr.cz\/n\/wp-json\/wp\/v2\/media?parent=95404"}],"wp:term":[{"taxonomy":"category","embeddable":true,"href":"https:\/\/www.infokuryr.cz\/n\/wp-json\/wp\/v2\/categories?post=95404"},{"taxonomy":"post_tag","embeddable":true,"href":"https:\/\/www.infokuryr.cz\/n\/wp-json\/wp\/v2\/tags?post=95404"}],"curies":[{"name":"wp","href":"https:\/\/api.w.org\/{rel}","templated":true}]}}