{"id":95398,"date":"2025-12-26T04:03:04","date_gmt":"2025-12-26T03:03:04","guid":{"rendered":"https:\/\/www.infokuryr.cz\/n\/?p=95398"},"modified":"2025-12-26T04:03:04","modified_gmt":"2025-12-26T03:03:04","slug":"digitalni-euro-toto-neni-pokrok-to-je-postupna-zmena-systemu","status":"publish","type":"post","link":"https:\/\/www.infokuryr.cz\/n\/2025\/12\/26\/digitalni-euro-toto-neni-pokrok-to-je-postupna-zmena-systemu\/","title":{"rendered":"Digit\u00e1ln\u00ed euro: \u201eToto nen\u00ed pokrok, to je postupn\u00e1 zm\u011bna syst\u00e9mu\u201c"},"content":{"rendered":"<div id=\"fb-root\"><\/div>\n<p><strong><span dir=\"auto\">Ne\u0161kodn\u00fd \u201ep\u0159\u00eddavek\u201c, nebo nov\u00fd kontroln\u00ed n\u00e1stroj? Roman Haider, poslanec Evropsk\u00e9ho parlamentu za Stranu svobody, ost\u0159e kritizuje ned\u00e1vnou dohodu Rady EU o zaveden\u00ed digit\u00e1ln\u00edho eura: Varuje, \u017ee digit\u00e1ln\u00ed euro nen\u00ed jen dal\u0161\u00edm krokem k tot\u00e1ln\u00edmu dohledu a koncentraci moci v EU, ale mohlo by tak\u00e9 slou\u017eit jako prost\u0159edek k dal\u0161\u00edmu zat\u011b\u017eov\u00e1n\u00ed ob\u010dan\u016f dodate\u010dn\u00fdmi n\u00e1klady.<\/span><\/strong><\/p>\n<p><em><span dir=\"auto\">N\u00ed\u017ee si m\u016f\u017eete p\u0159e\u010d\u00edst tiskovou zpr\u00e1vu FP\u00d6:<\/span><\/em><\/p>\n<p><span dir=\"auto\">\u201eDigit\u00e1ln\u00ed euro nen\u00ed ne\u0161kodn\u00fd dopln\u011bk, ale politick\u00fd projekt s dalekos\u00e1hl\u00fdmi d\u016fsledky pro svobodu, soukrom\u00ed a hotovost,\u201c kritizuje p\u00e1te\u010dn\u00ed dohodu Rady o zaveden\u00ed digit\u00e1ln\u00edho eura Roman Haider, poslanec Evropsk\u00e9ho parlamentu za Stranu svobody. Tvrd\u00ed, \u017ee EU \u010din\u00ed dal\u0161\u00ed krok k tot\u00e1ln\u00edmu dohledu a koncentraci moci v EU.<\/span><\/p>\n<p><span dir=\"auto\">\u201eKdy\u017e ECB a Rada guvern\u00e9r\u016f mluv\u00ed o \u201avysok\u00e9 m\u00ed\u0159e soukrom\u00ed\u2018, je to t\u00e9m\u011b\u0159 ur\u00e1\u017eka ka\u017ed\u00e9ho ob\u010dana, kter\u00fd st\u00e1le mysl\u00ed jasn\u011b. Bu\u010f soukrom\u00ed existuje \u2013 nebo neexistuje. Trocha sledov\u00e1n\u00ed je st\u00e1le sledov\u00e1n\u00ed,\u201c jasn\u011b prohla\u0161uje Haider.<\/span><\/p>\n<p><span dir=\"auto\">Haider pova\u017euje za obzvl\u00e1\u0161t\u011b problematickou v\u00fdslovn\u011b uvedenou mo\u017enost v textu \u00fa\u010dtovat poplatky za tzv. \u201eslu\u017eby s p\u0159idanou hodnotou\u201c. \u201eTo vyvol\u00e1v\u00e1 velmi jednoduchou ot\u00e1zku: Kdo tyto poplatky vyb\u00edr\u00e1? A za co? To siln\u011b nazna\u010duje, \u017ee Evropsk\u00e1 komise hled\u00e1 nov\u00e9 zdroje p\u0159\u00edjm\u016f a chce digit\u00e1ln\u00ed euro vyu\u017e\u00edt jako n\u00e1stroj k tomu, aby ob\u010dan\u00e9 platili,\u201c \u0159ekl Haider.<\/span><\/p>\n<p><span dir=\"auto\">Zat\u00edmco instituce EU prezentuj\u00ed digit\u00e1ln\u00ed euro jako dopln\u011bk hotovosti, ve skute\u010dnosti limity dr\u017een\u00ed, centralizovan\u00e1 kontrola ze strany ECB a po\u017eadavky na technick\u00fd p\u0159\u00edstup pro soukrom\u00e9 poskytovatele vytv\u00e1\u0159ej\u00ed nov\u00e9 pravomoci. \u201eCo se dnes prod\u00e1v\u00e1 jako dobrovoln\u00e9, se z\u00edtra m\u016f\u017ee st\u00e1t povinn\u00fdm. To nen\u00ed pokrok, to je postupn\u00e1 zm\u011bna syst\u00e9mu,\u201c varuje Haider.<\/span><\/p>\n<p><span dir=\"auto\">\u201eHotovost je svoboda. Hotovost je anonymn\u00ed. Hotovost funguje i bez elekt\u0159iny, internetu a kontroly EU. Ka\u017ed\u00fd, kdo ji chce skute\u010dn\u011b chr\u00e1nit, nepot\u0159ebuje vedle n\u00ed digit\u00e1ln\u00ed euro, ale jasn\u00e1 politick\u00e1 prohl\u00e1\u0161en\u00ed,\u201c zd\u016fraz\u0148uje Haider.<\/span><\/p>\n<p><span dir=\"auto\">Svobodn\u00e1 strana v Evropsk\u00e9m parlamentu se proto jasn\u011b stav\u00ed proti digit\u00e1ln\u00edmu euru a nad\u00e1le d\u016fsledn\u011b prosazuje zachov\u00e1n\u00ed a pos\u00edlen\u00ed hotovosti. \u201eNechceme transparentn\u00edho ob\u010dana ani v\u0161emocnou centr\u00e1ln\u00ed banku. Pen\u00edze pat\u0159\u00ed lidem, ne ECB a ne Bruselu,\u201c uzav\u00edr\u00e1 Haider.<\/span><\/p>\n<p><img decoding=\"async\" loading=\"lazy\" class=\"alignnone size-full wp-image-1185\" src=\"http:\/\/www.infokuryr.cz\/n\/wp-content\/uploads\/2021\/04\/kuryr-podpis.png\" alt=\"\" width=\"84\" height=\"24\" \/><\/p>\n<p>&nbsp;<\/p>\n","protected":false},"excerpt":{"rendered":"<p>Ne\u0161kodn\u00fd \u201ep\u0159\u00eddavek\u201c, nebo nov\u00fd kontroln\u00ed n\u00e1stroj? Roman Haider, poslanec Evropsk\u00e9ho parlamentu za Stranu svobody, ost\u0159e&#8230;<\/p>\n","protected":false},"author":2,"featured_media":95399,"comment_status":"closed","ping_status":"closed","sticky":false,"template":"","format":"standard","meta":[],"categories":[7],"tags":[4828,1503,331],"_links":{"self":[{"href":"https:\/\/www.infokuryr.cz\/n\/wp-json\/wp\/v2\/posts\/95398"}],"collection":[{"href":"https:\/\/www.infokuryr.cz\/n\/wp-json\/wp\/v2\/posts"}],"about":[{"href":"https:\/\/www.infokuryr.cz\/n\/wp-json\/wp\/v2\/types\/post"}],"author":[{"embeddable":true,"href":"https:\/\/www.infokuryr.cz\/n\/wp-json\/wp\/v2\/users\/2"}],"replies":[{"embeddable":true,"href":"https:\/\/www.infokuryr.cz\/n\/wp-json\/wp\/v2\/comments?post=95398"}],"version-history":[{"count":0,"href":"https:\/\/www.infokuryr.cz\/n\/wp-json\/wp\/v2\/posts\/95398\/revisions"}],"wp:featuredmedia":[{"embeddable":true,"href":"https:\/\/www.infokuryr.cz\/n\/wp-json\/wp\/v2\/media\/95399"}],"wp:attachment":[{"href":"https:\/\/www.infokuryr.cz\/n\/wp-json\/wp\/v2\/media?parent=95398"}],"wp:term":[{"taxonomy":"category","embeddable":true,"href":"https:\/\/www.infokuryr.cz\/n\/wp-json\/wp\/v2\/categories?post=95398"},{"taxonomy":"post_tag","embeddable":true,"href":"https:\/\/www.infokuryr.cz\/n\/wp-json\/wp\/v2\/tags?post=95398"}],"curies":[{"name":"wp","href":"https:\/\/api.w.org\/{rel}","templated":true}]}}