{"id":95385,"date":"2025-12-26T00:24:11","date_gmt":"2025-12-25T23:24:11","guid":{"rendered":"https:\/\/www.infokuryr.cz\/n\/?p=95385"},"modified":"2025-12-25T15:17:04","modified_gmt":"2025-12-25T14:17:04","slug":"severni-korea-predvedla-svou-prvni-jadernou-ponorku","status":"publish","type":"post","link":"https:\/\/www.infokuryr.cz\/n\/2025\/12\/26\/severni-korea-predvedla-svou-prvni-jadernou-ponorku\/","title":{"rendered":"Severn\u00ed Korea p\u0159edvedla svou prvn\u00ed jadernou ponorku"},"content":{"rendered":"<div id=\"fb-root\"><\/div>\n<p><strong><span dir=\"auto\">Severn\u00ed Korea 25. prosince zve\u0159ejnila nov\u00e9 fotografie sv\u00e9 prvn\u00ed jadern\u00e9 ponorky, kter\u00e9 odhalily, \u017ee plavidlo, kter\u00e9 bude vyzbrojeno \u0159\u00edzen\u00fdmi st\u0159elami, se bl\u00ed\u017e\u00ed ke dokon\u010den\u00ed.<\/span><\/strong><\/p>\n<p><span dir=\"auto\">Fotografie zve\u0159ejn\u011bn\u00e9 st\u00e1tn\u00ed Korejskou \u00fast\u0159edn\u00ed tiskovou agenturou (KCNA) ukazuj\u00ed v\u016fdce Kim \u010cong-una, jak si prohl\u00ed\u017e\u00ed ponorku v kryt\u00e9m stavebn\u00edm za\u0159\u00edzen\u00ed. Nazna\u010duj\u00ed, \u017ee na ponorce, jej\u00ed\u017e existence byla poprv\u00e9 ozn\u00e1mena v b\u0159eznu, bylo dosa\u017eeno zna\u010dn\u00e9ho pokroku.<\/span><\/p>\n<p><span dir=\"auto\">KCNA uvedla, \u017ee ponorka m\u00e1 v\u00fdtlak 8 700 tun, co\u017e je v\u00edce ne\u017e \u010dty\u0159n\u00e1sobek v\u00fdtlaku \u00fato\u010dn\u00e9 ponorky t\u0159\u00eddy Sinpo s \u0159\u00edzen\u00fdmi st\u0159elami a naftov\u00fdm motorem, kter\u00e1 je v sou\u010dasnosti nejv\u011bt\u0161\u00ed v provozu v Korejsk\u00e9m lidov\u00e9m n\u00e1mo\u0159nictvu.<\/span><\/p>\n<p><span dir=\"auto\">Alespo\u0148 co se t\u00fd\u010de velikosti, zd\u00e1 se, \u017ee nov\u00e1 severokorejsk\u00e1 ponorka je srovnateln\u00e1 s nejnov\u011bj\u0161\u00edmi \u00fato\u010dn\u00fdmi jadern\u00fdmi ponorkami z cel\u00e9ho sv\u011bta, v\u010detn\u011b ponorek t\u0159\u00eddy Virginia americk\u00e9ho n\u00e1mo\u0159nictva a ponorek t\u0159\u00eddy Jasen rusk\u00e9ho n\u00e1mo\u0159nictva.<\/span><\/p>\n<p><span dir=\"auto\">Celkov\u00e1 konstrukce ponorky m\u00e1 tak\u00e9 n\u011bkter\u00e9 modern\u011bj\u0161\u00ed prvky, z nich\u017e nejpozoruhodn\u011bj\u0161\u00ed jsou velk\u00e9 bo\u010dn\u00ed sonary.<\/span><\/p>\n<div id=\"attachment_237057\" class=\"wp-caption aligncenter\" style=\"width: 597px;\"><a href=\"https:\/\/s1.cdnstatic.space\/wp-content\/uploads\/2025\/12\/G9Ah4WUW0AA5vMa.jpg\" target=\"_blank\" rel=\"noopener\"><img decoding=\"async\" loading=\"lazy\" class=\"wp-image-237057\" src=\"https:\/\/s1.cdnstatic.space\/wp-content\/uploads\/2025\/12\/G9Ah4WUW0AA5vMa-1024x680.jpg\" sizes=\"(max-width: 600px) 100vw, 600px\" srcset=\"https:\/\/s5.cdnstatic.space\/wp-content\/uploads\/2025\/12\/G9Ah4WUW0AA5vMa-1024x680.jpg 1024w, https:\/\/s5.cdnstatic.space\/wp-content\/uploads\/2025\/12\/G9Ah4WUW0AA5vMa-452x300.jpg 452w, https:\/\/s5.cdnstatic.space\/wp-content\/uploads\/2025\/12\/G9Ah4WUW0AA5vMa-768x510.jpg 768w, https:\/\/s5.cdnstatic.space\/wp-content\/uploads\/2025\/12\/G9Ah4WUW0AA5vMa.jpg 1280w\" alt=\"\" width=\"597\" height=\"396\" aria-describedby=\"caption-attachment-237057\" \/><\/a><\/p>\n<p id=\"caption-attachment-237057\" class=\"wp-caption-text\"><span dir=\"auto\">Kliknut\u00edm zobraz\u00edte obr\u00e1zek v pln\u00e9 velikosti. (Korejsk\u00e1 \u00fast\u0159edn\u00ed tiskov\u00e1 agentura)<\/span><\/p>\n<\/div>\n<p><span dir=\"auto\">V\u00fdstavba jadern\u00e9 ponorky je dlouhodob\u00fdm c\u00edlem Severn\u00ed Koreje, kter\u00e1 o tom poprv\u00e9 diskutovala na sjezdu vl\u00e1dnouc\u00ed strany v roce 2021.<\/span><\/p>\n<p><span dir=\"auto\">D\u00edky neomezen\u00e9mu doletu, vylep\u0161en\u00e9 nen\u00e1padnosti a n\u011bkolikam\u011bs\u00ed\u010dn\u00ed v\u00fddr\u017ei nab\u00edzej\u00ed jadern\u00e9 ponorky schopnost prom\u00edtat s\u00edlu po cel\u00e9m sv\u011bt\u011b. V sou\u010dasn\u00e9 dob\u011b tuto technologii vlastn\u00ed pouze USA, Rusko, \u010c\u00edna, Francie, Spojen\u00e9 kr\u00e1lovstv\u00ed a Indie.<\/span><\/p>\n<p><span dir=\"auto\">V \u0159\u00edjnu v\u0161ak Ji\u017en\u00ed Korea z\u00edskala od administrativy americk\u00e9ho prezidenta Donalda Trumpa souhlas s v\u00fdstavbou vlastn\u00ed jadern\u00e9 ponorky.<\/span><\/p>\n<p><span dir=\"auto\">Kim p\u0159i prohl\u00eddce nov\u00e9 jadern\u00e9 ponorky prohl\u00e1sil, \u017ee dohoda mezi USA a Ji\u017en\u00ed Koreou p\u0159edstavuje hrozbu pro stabilitu v regionu a ozna\u010dil ji za \u201e\u00fato\u010dn\u00fd \u010din\u201c, uvedla agentura KCNA.<\/span><\/p>\n<p><span dir=\"auto\">\u0158ekl, \u017ee pl\u00e1n Soulu na stavbu jadern\u00fdch ponorek \u201ezhor\u0161\u00ed nestabilitu v oblasti Korejsk\u00e9ho poloostrova\u201c a zd\u016fraznil, \u017ee Pchjongjang to pova\u017euje \u201eza \u00fato\u010dn\u00fd \u010din, kter\u00fd v\u00e1\u017en\u011b naru\u0161uje jeho bezpe\u010dnost a n\u00e1mo\u0159n\u00ed suverenitu, a za hrozbu pro jeho bezpe\u010dnost, kter\u00e9 je t\u0159eba \u010delit\u201c.<\/span><\/p>\n<p><span dir=\"auto\">Kim uvedl, \u017ee vzhledem k sou\u010dasn\u00e9 situaci je \u201enal\u00e9hav\u00fdm \u00fakolem a nezbytnou mo\u017enost\u00ed d\u00e1le urychlit radik\u00e1ln\u00ed rozvoj modernizace a jadern\u00e9ho zbrojen\u00ed n\u00e1mo\u0159n\u00edch sil\u201c Severn\u00ed Koreje.<\/span><\/p>\n<p><span dir=\"auto\">Na rozd\u00edl od Soulu je Pchjongjang jadernou mocnost\u00ed, co\u017e znamen\u00e1, \u017ee jadern\u00e9 ponorky by mu umo\u017enily zajistit si schopnost druh\u00e9ho \u00faderu.<\/span><\/p>\n<p><span dir=\"auto\">Fotografie sd\u00edlen\u00e9 agenturou KCNA nazna\u010duj\u00ed, \u017ee nov\u00e1 ponorka je vybavena p\u011bti otvory pro balistick\u00e9 st\u0159ely odpalovan\u00e9 z ponorek (SLBM) a \u0161esti torp\u00e9domety r\u00e1\u017ee 533 mm. Severn\u00ed Korea ji\u017e otestovala \u0159adu SLBM, v\u010detn\u011b Pukguksong-6, o kter\u00e9 se \u0159\u00edk\u00e1, \u017ee m\u00e1 dolet a\u017e 12 000 kilometr\u016f, a pravd\u011bpodobn\u011b vyv\u00edj\u00ed jadern\u00e9 st\u0159ely s plochou dr\u00e1hou letu, kter\u00e9 lze odpalovat z torp\u00e9domet\u016f.<\/span><\/p>\n<div id=\"attachment_237058\" class=\"wp-caption aligncenter\" style=\"width: 602px;\"><a href=\"https:\/\/s1.cdnstatic.space\/wp-content\/uploads\/2025\/12\/G9Ah4UOWQAARXUF.jpg\" target=\"_blank\" rel=\"noopener\"><img decoding=\"async\" loading=\"lazy\" class=\"wp-image-237058\" src=\"https:\/\/s1.cdnstatic.space\/wp-content\/uploads\/2025\/12\/G9Ah4UOWQAARXUF-1024x679.jpg\" sizes=\"(max-width: 600px) 100vw, 600px\" srcset=\"https:\/\/s5.cdnstatic.space\/wp-content\/uploads\/2025\/12\/G9Ah4UOWQAARXUF-1024x679.jpg 1024w, https:\/\/s5.cdnstatic.space\/wp-content\/uploads\/2025\/12\/G9Ah4UOWQAARXUF-452x300.jpg 452w, https:\/\/s5.cdnstatic.space\/wp-content\/uploads\/2025\/12\/G9Ah4UOWQAARXUF-768x509.jpg 768w, https:\/\/s5.cdnstatic.space\/wp-content\/uploads\/2025\/12\/G9Ah4UOWQAARXUF.jpg 1280w\" alt=\"\" width=\"602\" height=\"399\" aria-describedby=\"caption-attachment-237058\" \/><\/a><\/p>\n<p id=\"caption-attachment-237058\" class=\"wp-caption-text\"><span dir=\"auto\">Kliknut\u00edm zobraz\u00edte obr\u00e1zek v pln\u00e9 velikosti. (Korejsk\u00e1 \u00fast\u0159edn\u00ed tiskov\u00e1 agentura)<\/span><\/p>\n<\/div>\n<p><span dir=\"auto\">Krom\u011b ponorky Kim 24. prosince tak\u00e9 pozoroval zku\u0161ebn\u00ed odp\u00e1len\u00ed \u201enov\u00e9ho typu protiletadlov\u00e9 st\u0159ely dlouh\u00e9ho doletu pro vysokou v\u00fd\u0161ku\u201c, uvedla agentura KCNA, kter\u00e1 uvedla, \u017ee nov\u00e1 st\u0159ela \u00fasp\u011b\u0161n\u011b zas\u00e1hla simulovan\u00fd c\u00edl ve vzd\u00e1lenosti 200 kilometr\u016f.<\/span><\/p>\n<div id=\"attachment_237056\" class=\"wp-caption aligncenter\" style=\"width: 602px;\"><a href=\"https:\/\/s1.cdnstatic.space\/wp-content\/uploads\/2025\/12\/G9AR15fb0AQqEd5.jpg\" target=\"_blank\" rel=\"noopener\"><img decoding=\"async\" loading=\"lazy\" class=\"wp-image-237056\" src=\"https:\/\/s1.cdnstatic.space\/wp-content\/uploads\/2025\/12\/G9AR15fb0AQqEd5.jpg\" sizes=\"auto, (max-width: 600px) 100vw, 600px\" srcset=\"https:\/\/s5.cdnstatic.space\/wp-content\/uploads\/2025\/12\/G9AR15fb0AQqEd5.jpg 1000w, https:\/\/s5.cdnstatic.space\/wp-content\/uploads\/2025\/12\/G9AR15fb0AQqEd5-450x300.jpg 450w, https:\/\/s5.cdnstatic.space\/wp-content\/uploads\/2025\/12\/G9AR15fb0AQqEd5-768x511.jpg 768w\" alt=\"\" width=\"602\" height=\"401\" aria-describedby=\"caption-attachment-237056\" \/><\/a><\/p>\n<p id=\"caption-attachment-237056\" class=\"wp-caption-text\"><span dir=\"auto\">Kliknut\u00edm zobraz\u00edte obr\u00e1zek v pln\u00e9 velikosti. (Korejsk\u00e1 \u00fast\u0159edn\u00ed tiskov\u00e1 agentura)<\/span><\/p>\n<\/div>\n<div id=\"attachment_237054\" class=\"wp-caption aligncenter\" style=\"width: 605px;\"><a href=\"https:\/\/s1.cdnstatic.space\/wp-content\/uploads\/2025\/12\/G9AR4LebcAE18dU.jpg\" target=\"_blank\" rel=\"noopener\"><img decoding=\"async\" loading=\"lazy\" class=\"wp-image-237054\" src=\"https:\/\/s1.cdnstatic.space\/wp-content\/uploads\/2025\/12\/G9AR4LebcAE18dU.jpg\" sizes=\"auto, (max-width: 600px) 100vw, 600px\" srcset=\"https:\/\/s5.cdnstatic.space\/wp-content\/uploads\/2025\/12\/G9AR4LebcAE18dU.jpg 1000w, https:\/\/s5.cdnstatic.space\/wp-content\/uploads\/2025\/12\/G9AR4LebcAE18dU-450x300.jpg 450w, https:\/\/s5.cdnstatic.space\/wp-content\/uploads\/2025\/12\/G9AR4LebcAE18dU-768x511.jpg 768w\" alt=\"\" width=\"605\" height=\"403\" aria-describedby=\"caption-attachment-237054\" \/><\/a><\/p>\n<p id=\"caption-attachment-237054\" class=\"wp-caption-text\"><span dir=\"auto\">Kliknut\u00edm zobraz\u00edte obr\u00e1zek v pln\u00e9 velikosti. (Korejsk\u00e1 \u00fast\u0159edn\u00ed tiskov\u00e1 agentura)<\/span><\/p>\n<\/div>\n<div id=\"attachment_237055\" class=\"wp-caption aligncenter\" style=\"width: 602px;\"><a href=\"https:\/\/s1.cdnstatic.space\/wp-content\/uploads\/2025\/12\/G9AR2_obAAIiDEr.jpg\" target=\"_blank\" rel=\"noopener\"><img decoding=\"async\" loading=\"lazy\" class=\"wp-image-237055\" src=\"https:\/\/s1.cdnstatic.space\/wp-content\/uploads\/2025\/12\/G9AR2_obAAIiDEr.jpg\" sizes=\"auto, (max-width: 600px) 100vw, 600px\" srcset=\"https:\/\/s5.cdnstatic.space\/wp-content\/uploads\/2025\/12\/G9AR2_obAAIiDEr.jpg 1000w, https:\/\/s5.cdnstatic.space\/wp-content\/uploads\/2025\/12\/G9AR2_obAAIiDEr-450x300.jpg 450w, https:\/\/s5.cdnstatic.space\/wp-content\/uploads\/2025\/12\/G9AR2_obAAIiDEr-768x511.jpg 768w\" alt=\"\" width=\"602\" height=\"401\" aria-describedby=\"caption-attachment-237055\" \/><\/a><\/p>\n<p id=\"caption-attachment-237055\" class=\"wp-caption-text\"><span dir=\"auto\">Kliknut\u00edm zobraz\u00edte obr\u00e1zek v pln\u00e9 velikosti. (Korejsk\u00e1 \u00fast\u0159edn\u00ed tiskov\u00e1 agentura)<\/span><\/p>\n<\/div>\n<p><span dir=\"auto\">Celkov\u011b vzato se zd\u00e1, \u017ee prvn\u00ed severokorejsk\u00e1 jadern\u00e1 ponorka se bl\u00ed\u017e\u00ed ke konci. Ponorka by mohla b\u00fdt spu\u0161t\u011bna na vodu brzy, mo\u017en\u00e1 i p\u0159\u00ed\u0161t\u00ed rok. Uveden\u00ed do slu\u017eby v\u0161ak bude pravd\u011bpodobn\u011b trvat mnohem d\u00e9le, proto\u017ee bude muset proj\u00edt rozs\u00e1hl\u00fdm testov\u00e1n\u00edm. Ji\u017en\u00ed Korea mezit\u00edm nemus\u00ed m\u00edt svou prvn\u00ed jadernou ponorku d\u0159\u00edve ne\u017e v roce 2035.<\/span><\/p>\n<p><img decoding=\"async\" loading=\"lazy\" class=\"alignnone size-full wp-image-1185\" src=\"http:\/\/www.infokuryr.cz\/n\/wp-content\/uploads\/2021\/04\/kuryr-podpis.png\" alt=\"\" width=\"84\" height=\"24\" \/><\/p>\n<p>&nbsp;<\/p>\n","protected":false},"excerpt":{"rendered":"<p>Severn\u00ed Korea 25. prosince zve\u0159ejnila nov\u00e9 fotografie sv\u00e9 prvn\u00ed jadern\u00e9 ponorky, kter\u00e9 odhalily, \u017ee plavidlo,&#8230;<\/p>\n","protected":false},"author":2,"featured_media":95386,"comment_status":"closed","ping_status":"closed","sticky":false,"template":"","format":"standard","meta":[],"categories":[7],"tags":[1003,3756,502],"_links":{"self":[{"href":"https:\/\/www.infokuryr.cz\/n\/wp-json\/wp\/v2\/posts\/95385"}],"collection":[{"href":"https:\/\/www.infokuryr.cz\/n\/wp-json\/wp\/v2\/posts"}],"about":[{"href":"https:\/\/www.infokuryr.cz\/n\/wp-json\/wp\/v2\/types\/post"}],"author":[{"embeddable":true,"href":"https:\/\/www.infokuryr.cz\/n\/wp-json\/wp\/v2\/users\/2"}],"replies":[{"embeddable":true,"href":"https:\/\/www.infokuryr.cz\/n\/wp-json\/wp\/v2\/comments?post=95385"}],"version-history":[{"count":0,"href":"https:\/\/www.infokuryr.cz\/n\/wp-json\/wp\/v2\/posts\/95385\/revisions"}],"wp:featuredmedia":[{"embeddable":true,"href":"https:\/\/www.infokuryr.cz\/n\/wp-json\/wp\/v2\/media\/95386"}],"wp:attachment":[{"href":"https:\/\/www.infokuryr.cz\/n\/wp-json\/wp\/v2\/media?parent=95385"}],"wp:term":[{"taxonomy":"category","embeddable":true,"href":"https:\/\/www.infokuryr.cz\/n\/wp-json\/wp\/v2\/categories?post=95385"},{"taxonomy":"post_tag","embeddable":true,"href":"https:\/\/www.infokuryr.cz\/n\/wp-json\/wp\/v2\/tags?post=95385"}],"curies":[{"name":"wp","href":"https:\/\/api.w.org\/{rel}","templated":true}]}}