{"id":95383,"date":"2025-12-26T00:24:06","date_gmt":"2025-12-25T23:24:06","guid":{"rendered":"https:\/\/www.infokuryr.cz\/n\/?p=95383"},"modified":"2025-12-25T15:14:55","modified_gmt":"2025-12-25T14:14:55","slug":"byvaly-velitel-tygrich-sil-zabit-v-libanonu-existuje-podezreni-na-zapojeni-syrskych-tajnych-sluzeb","status":"publish","type":"post","link":"https:\/\/www.infokuryr.cz\/n\/2025\/12\/26\/byvaly-velitel-tygrich-sil-zabit-v-libanonu-existuje-podezreni-na-zapojeni-syrskych-tajnych-sluzeb\/","title":{"rendered":"B\u00fdval\u00fd velitel \u201eTygr\u00edch sil\u201c zabit v Libanonu, existuje podez\u0159en\u00ed na zapojen\u00ed syrsk\u00fdch tajn\u00fdch slu\u017eeb"},"content":{"rendered":"<div id=\"fb-root\"><\/div>\n<p><strong><span dir=\"auto\">Velitel jedn\u00e9 z nejelitn\u011bj\u0161\u00edch jednotek b\u00fdval\u00e9 syrsk\u00e9 arm\u00e1dy byl zavra\u017ed\u011bn v Libanonu, kam se uch\u00fdlil po p\u00e1du re\u017eimu b\u00fdval\u00e9ho prezidenta Ba\u0161\u00e1ra Asada. Existuj\u00ed d\u016fkazy, \u017ee za spiknut\u00edm st\u00e1ly zpravodajsk\u00e9 slu\u017eby nov\u00e9 islamistick\u00e9 vl\u00e1dy v Dama\u0161ku.<\/span><\/strong><\/p>\n<p><span dir=\"auto\">Mrtv\u00e9 t\u011blo Ghassana Naasana al-Sakhniho na\u0161ly libanonsk\u00e9 bezpe\u010dnostn\u00ed s\u00edly v okrese Keserwan v centr\u00e1ln\u00edm governor\u00e1tu Keserwan-D\u017eejbajl.<\/span><\/p>\n<p><span dir=\"auto\">Al-Sakhni velel skupin\u011b Termah, \u00fato\u010dn\u00e9 jednotce 25. divize speci\u00e1ln\u00edch mis\u00ed, zn\u00e1m\u011bj\u0161\u00ed jako \u201eTyg\u0159\u00ed s\u00edly\u201c.<\/span><\/p>\n<p><span dir=\"auto\">M\u011bl velmi bl\u00edzk\u00e9 vztahy se zakladatelem a velitelem divize, gener\u00e1lmajorem Suheilem al-Hass\u00e1nem, nejv\u00fdznamn\u011bj\u0161\u00edm d\u016fstojn\u00edkem za Asadovy \u00e9ry.<\/span><\/p>\n<p><span dir=\"auto\">Na sv\u00e9m vrcholu m\u011bla skupina Termah p\u0159ibli\u017en\u011b 2 000 bojovn\u00edk\u016f. Stejn\u011b jako as-Sachn\u00ed poch\u00e1zela v\u011bt\u0161ina bojovn\u00edk\u016f jednotky z muslimsk\u00e9ho sunnitsk\u00e9ho m\u011bsta Qomhane na venkov\u011b v centr\u00e1ln\u00ed syrsk\u00e9 guvernor\u00e1tu Ham\u00e1. Spojenectv\u00ed mezi m\u011bstem a al-Hassanem, \u010dlenem alavitsk\u00e9 men\u0161iny, ke kter\u00e9 pat\u0159il i Asad, bylo kl\u00ed\u010dov\u00e9 pro \u00fasp\u011bch Tygr\u00edch sil v jejich ran\u00fdch letech.<\/span><\/p>\n<div id=\"attachment_236984\" class=\"wp-caption aligncenter\" style=\"width: 553px;\"><a href=\"https:\/\/s1.cdnstatic.space\/wp-content\/uploads\/2025\/12\/473192006_122109783158697355_4830205272097309329_n.jpg\" target=\"_blank\" rel=\"noopener\"><img decoding=\"async\" loading=\"lazy\" class=\"wp-image-236984\" src=\"https:\/\/s1.cdnstatic.space\/wp-content\/uploads\/2025\/12\/473192006_122109783158697355_4830205272097309329_n-681x1024.jpg\" sizes=\"(max-width: 600px) 100vw, 600px\" srcset=\"https:\/\/s5.cdnstatic.space\/wp-content\/uploads\/2025\/12\/473192006_122109783158697355_4830205272097309329_n-681x1024.jpg 681w, https:\/\/s5.cdnstatic.space\/wp-content\/uploads\/2025\/12\/473192006_122109783158697355_4830205272097309329_n-200x300.jpg 200w, https:\/\/s5.cdnstatic.space\/wp-content\/uploads\/2025\/12\/473192006_122109783158697355_4830205272097309329_n-768x1154.jpg 768w, https:\/\/s5.cdnstatic.space\/wp-content\/uploads\/2025\/12\/473192006_122109783158697355_4830205272097309329_n.jpg 875w\" alt=\"\" width=\"553\" height=\"831\" aria-describedby=\"caption-attachment-236984\" \/><\/a><\/p>\n<p id=\"caption-attachment-236984\" class=\"wp-caption-text\"><span dir=\"auto\">Kliknut\u00edm zobraz\u00edte obr\u00e1zek v pln\u00e9 velikosti. (X)<\/span><\/p>\n<\/div>\n<p><span dir=\"auto\">Po p\u00e1du Asadova re\u017eimu v lo\u0148sk\u00e9m roce se mnoho osobnost\u00ed, kter\u00e9 b\u00fdval\u00e9ho prezidenta podporovaly, jako nap\u0159\u00edklad as-Sachn\u00ed, uch\u00fdlilo do Libanonu.<\/span><\/p>\n<p><span dir=\"auto\">Libanonsk\u00e9 \u00fa\u0159ady rychle zah\u00e1jily vy\u0161et\u0159ov\u00e1n\u00ed, aby zjistily, zda zabit\u00ed as-Sachn\u00edho bylo \u010dist\u011b krimin\u00e1ln\u00ed, nebo m\u011blo politick\u00fd podtext.<\/span><\/p>\n<p><span dir=\"auto\">23. prosince, den po ozn\u00e1men\u00ed atent\u00e1tu, libanonsk\u00e1 arm\u00e1da ozn\u00e1mila zat\u010den\u00ed podez\u0159el\u00e9ho, syrsk\u00e9ho ob\u010dana.<\/span><\/p>\n<p><span dir=\"auto\">Ve sv\u00e9m prohl\u00e1\u0161en\u00ed uvedla, \u017ee podez\u0159el\u00fd 22. prosince vyl\u00e1kal as-Sakhn\u00edho na okraj m\u011bsta Kfar Jas\u00edn v Keserv\u00e1nu. Zast\u0159elil ho kv\u016fli \u201efinan\u010dn\u00edmu sporu\u201c a z m\u00edsta \u010dinu uprchl. Byl zat\u010den v pohrani\u010dn\u00edm m\u011bst\u011b Tal Bire v severn\u00edm governor\u00e1tu Akkar.<\/span><\/p>\n<p><span dir=\"auto\">Syrsk\u00fd novin\u00e1\u0159 Wahid Yazbk poskytl 24. prosince v\u00edce podrobnost\u00ed o atent\u00e1tu a dokonce identifikoval podez\u0159el\u00e9ho jako l\u00e9ka\u0159e jm\u00e9nem Wadih Dagher z pob\u0159e\u017en\u00edho syrsk\u00e9ho guvernor\u00e1tu Lat\u00e1kie.<\/span><\/p>\n<p><span dir=\"auto\">Podle novin\u00e1\u0159e Dagher p\u016fvodn\u011b pl\u00e1noval \u00fanos al-Sakhniho spolu se skupinou dal\u0161\u00edch pachatel\u016f. Mu\u017e se v\u0161ak br\u00e1nil a byl zast\u0159elen.<\/span><\/p>\n<p><span dir=\"auto\">Yazbk spojil l\u00e9ka\u0159e s tzv. Ob\u010dansk\u00fdm m\u00edrov\u00fdm v\u00fdborem, kter\u00fd byl zalo\u017een Dama\u0161kem po b\u0159eznov\u00fdch masakrech na pob\u0159e\u017e\u00ed, je\u017e si vy\u017e\u00e1daly \u017eivoty p\u0159es 1400 alavit\u016f. Syr\u0161t\u00ed opozi\u010dn\u00ed aktivist\u00e9 ned\u00e1vno spojili v\u00fdbor se syrskou tajnou slu\u017ebou a uvedli, \u017ee je vyu\u017e\u00edv\u00e1n k nal\u00e1k\u00e1n\u00ed zp\u011bt postav z Asadovy \u00e9ry k zat\u010den\u00ed pot\u00e9, co jim fale\u0161n\u011b sl\u00edbil amnestii.<\/span><\/p>\n<p><em><span dir=\"auto\">\u201eGangy de facto autority v Dama\u0161ku a jejich skupiny ze skupiny Ob\u010dansk\u00fd m\u00edr, kter\u00e9 ned\u00e1vno vstoupily do Libanonu pod z\u00e1minkou, \u017ee byly vyho\u0161t\u011bny ze S\u00fdrie nebo se p\u0159ed autoritou skr\u00fdvaj\u00ed, v koordinaci s touto autoritou p\u0159edv\u00e1d\u011bj\u00ed zjevnou \u0161ar\u00e1du, aby unesly a zabily jej\u00ed odp\u016frce v Libanonu. Informace nazna\u010duj\u00ed, \u017ee za t\u00edm, co se d\u011bje, stoj\u00ed a \u017ee byli za t\u00edmto \u00fa\u010delem vysl\u00e1ni,\u201c uvedl Yazbk v p\u0159\u00edsp\u011bvku na Telegramu.<\/span><\/em><\/p>\n<p><span dir=\"auto\">Al-Sakhni nebyl prvn\u00ed ob\u011bt\u00ed podobn\u00e9ho spiknut\u00ed v Libanonu. Za\u010d\u00e1tkem m\u011bs\u00edce syrsk\u00e9 bezpe\u010dnostn\u00ed s\u00edly ozn\u00e1mily, \u017ee zatkly Samiho Aubryho, b\u00fdval\u00e9ho velitele N\u00e1rodn\u00edch obrann\u00fdch sil z doby Asada v severosyrsk\u00e9m guvernor\u00e1tu Aleppo. Pozd\u011bji se uk\u00e1zalo, \u017ee mu\u017e, rovn\u011b\u017e sunnitsk\u00fd muslim, byl unesen z Libanonu.<\/span><\/p>\n<p><span dir=\"auto\">Tyto ned\u00e1vn\u00e9 incidenty vedly k v\u00e1\u017en\u00fdm obav\u00e1m v Libanonu, zemi s dlouhou histori\u00ed toho, \u017ee byla d\u011bji\u0161t\u011bm zpravodajsk\u00fdch operac\u00ed S\u00fdrie a dal\u0161\u00edch region\u00e1ln\u00edch mocnost\u00ed.<\/span><\/p>\n<p><span dir=\"auto\">Syrsk\u00fd prezident Ahmad a\u0161-\u0160ar\u00e1a, kter\u00fd vedl islamistick\u00e9 rebely, je\u017e svrhli Asad\u016fv re\u017eim, opakovan\u011b vyzval k nastolen\u00ed respektuj\u00edc\u00edch vztah\u016f s Libanonem a sl\u00edbil, \u017ee nebude \u017e\u00e1dn\u00fdm zp\u016fsobem zasahovat do d\u011bn\u00ed v sousedn\u00edch zem\u00edch.<\/span><\/p>\n<p><span dir=\"auto\">Atent\u00e1t na as-Sakhn\u00edho a \u00fanos Aubryho ukazuj\u00ed prav\u00fd opak. Syrsk\u00e9 zpravodajsk\u00e9 slu\u017eby evidentn\u011b op\u011bt operuj\u00ed v Libanonu a to, co za\u010d\u00edn\u00e1 jako kampa\u0148 zam\u011b\u0159en\u00e1 na osobnosti z Asadovy \u00e9ry, by se nakonec mohlo vyvinout v operace proti libanonsk\u00fdm osobnostem, kter\u00e9 se stav\u011bly proti Dama\u0161ku.<\/span><\/p>\n<p><span dir=\"auto\">Rychl\u00e1 reakce libanonsk\u00e9 arm\u00e1dy a bezpe\u010dnostn\u00edch slo\u017eek ukazuje, \u017ee si Bejr\u00fat dob\u0159e uv\u011bdomuje, \u017ee jak\u00e1koli shov\u00edvavost p\u0159i \u0159e\u0161en\u00ed takov\u00fdch intervenc\u00ed by mohla syrsk\u00e9 tajn\u00e9 slu\u017eby povzbudit.<\/span><\/p>\n<p><span dir=\"auto\">Probl\u00e9m se v\u0161ak pravd\u011bpodobn\u011b \u010dasem prohloub\u00ed a nakonec by se mohl st\u00e1t skute\u010dnou kriz\u00ed mezi ob\u011bma zem\u011bmi, zejm\u00e9na proto, \u017ee n\u011bkte\u0159\u00ed lid\u00e9 v Libanonu ji\u017e pracuj\u00ed na vytvo\u0159en\u00ed aliance se S\u00fdri\u00ed a vyu\u017e\u00edvaj\u00ed ji jako z\u00e1va\u017e\u00ed proti sv\u00fdm politick\u00fdm konkurent\u016fm. To je zcela z\u0159ejm\u00e9 v t\u00e1bo\u0159e odporuj\u00edc\u00edm Hizball\u00e1hu, kter\u00fd ji\u017e n\u011bjakou dobu po\u017eaduje vyd\u00e1n\u00ed postav z doby Asada Dama\u0161ku.<\/span><\/p>\n<p><img decoding=\"async\" loading=\"lazy\" class=\"alignnone size-full wp-image-1185\" src=\"http:\/\/www.infokuryr.cz\/n\/wp-content\/uploads\/2021\/04\/kuryr-podpis.png\" alt=\"\" width=\"84\" height=\"24\" \/><\/p>\n<p>&nbsp;<\/p>\n","protected":false},"excerpt":{"rendered":"<p>Velitel jedn\u00e9 z nejelitn\u011bj\u0161\u00edch jednotek b\u00fdval\u00e9 syrsk\u00e9 arm\u00e1dy byl zavra\u017ed\u011bn v Libanonu, kam se uch\u00fdlil&#8230;<\/p>\n","protected":false},"author":2,"featured_media":95384,"comment_status":"closed","ping_status":"closed","sticky":false,"template":"","format":"standard","meta":[],"categories":[7],"tags":[468,405,147,3526],"_links":{"self":[{"href":"https:\/\/www.infokuryr.cz\/n\/wp-json\/wp\/v2\/posts\/95383"}],"collection":[{"href":"https:\/\/www.infokuryr.cz\/n\/wp-json\/wp\/v2\/posts"}],"about":[{"href":"https:\/\/www.infokuryr.cz\/n\/wp-json\/wp\/v2\/types\/post"}],"author":[{"embeddable":true,"href":"https:\/\/www.infokuryr.cz\/n\/wp-json\/wp\/v2\/users\/2"}],"replies":[{"embeddable":true,"href":"https:\/\/www.infokuryr.cz\/n\/wp-json\/wp\/v2\/comments?post=95383"}],"version-history":[{"count":0,"href":"https:\/\/www.infokuryr.cz\/n\/wp-json\/wp\/v2\/posts\/95383\/revisions"}],"wp:featuredmedia":[{"embeddable":true,"href":"https:\/\/www.infokuryr.cz\/n\/wp-json\/wp\/v2\/media\/95384"}],"wp:attachment":[{"href":"https:\/\/www.infokuryr.cz\/n\/wp-json\/wp\/v2\/media?parent=95383"}],"wp:term":[{"taxonomy":"category","embeddable":true,"href":"https:\/\/www.infokuryr.cz\/n\/wp-json\/wp\/v2\/categories?post=95383"},{"taxonomy":"post_tag","embeddable":true,"href":"https:\/\/www.infokuryr.cz\/n\/wp-json\/wp\/v2\/tags?post=95383"}],"curies":[{"name":"wp","href":"https:\/\/api.w.org\/{rel}","templated":true}]}}