{"id":95377,"date":"2025-12-26T00:23:40","date_gmt":"2025-12-25T23:23:40","guid":{"rendered":"https:\/\/www.infokuryr.cz\/n\/?p=95377"},"modified":"2025-12-25T15:12:41","modified_gmt":"2025-12-25T14:12:41","slug":"rusko-odsoudilo-187-zahranicnich-zoldaku-bojujicich-za-ukrajinu-vice-nez-1-000-dalsich-celi-obvinenim","status":"publish","type":"post","link":"https:\/\/www.infokuryr.cz\/n\/2025\/12\/26\/rusko-odsoudilo-187-zahranicnich-zoldaku-bojujicich-za-ukrajinu-vice-nez-1-000-dalsich-celi-obvinenim\/","title":{"rendered":"Rusko odsoudilo 187 zahrani\u010dn\u00edch \u017eold\u00e1k\u016f bojuj\u00edc\u00edch za Ukrajinu, v\u00edce ne\u017e 1 000 dal\u0161\u00edch \u010del\u00ed obvin\u011bn\u00edm"},"content":{"rendered":"<div id=\"fb-root\"><\/div>\n<p class=\"my-2 [&amp;+p]:mt-4 [&amp;_strong:has(+br)]:inline-block [&amp;_strong:has(+br)]:pb-2\"><strong><span dir=\"auto\">Rusk\u00e9 justi\u010dn\u00ed org\u00e1ny pokra\u010duj\u00ed v trest\u00e1n\u00ed cizinc\u016f, kte\u0159\u00ed bojovali na stran\u011b Ozbrojen\u00fdch sil Ukrajiny. Podle rusk\u00e9ho vy\u0161et\u0159ovac\u00edho v\u00fdboru bylo dosud obvin\u011bno 1036 cizinc\u016f, p\u0159i\u010dem\u017e nad 187 z nich ji\u017e byly vyneseny rozsudky o vin\u011b. Tato \u010d\u00edsla byla ozn\u00e1mena na opera\u010dn\u00ed porad\u011b v Luhansk\u00e9 lidov\u00e9 republice, kter\u00e1 projedn\u00e1vala vy\u0161et\u0159ov\u00e1n\u00ed zlo\u010din\u016f sp\u00e1chan\u00fdch ukrajinsk\u00fdmi ozbrojen\u00fdmi formacemi.<\/span><\/strong><\/p>\n<p class=\"my-2 [&amp;+p]:mt-4 [&amp;_strong:has(+br)]:inline-block [&amp;_strong:has(+br)]:pb-2\"><span dir=\"auto\">Jedn\u00edm z posledn\u00edch odsouzen\u00fdch je kolumbijsk\u00fd ob\u010dan\u00a0<\/span><a href=\"https:\/\/pow.southfront.press\/11843-ukrainian-pow-oscar-mauricio-blanco-lopez-1982\/\"><strong><span dir=\"auto\">Oscar Mauricio Blanco L\u00f3pez<\/span><\/strong><\/a><span dir=\"auto\">\u00a0. Dvaa\u010dty\u0159icetilet\u00fd \u017eold\u00e1k byl shled\u00e1n vinn\u00fdm podle z\u00e1kona o \u017eold\u00e1ctv\u00ed. Soudn\u00ed z\u00e1znamy ukazuj\u00ed, \u017ee v kv\u011btnu 2024 podepsal smlouvu s 66. samostatnou mechanizovanou brig\u00e1dou Ozbrojen\u00fdch sil Ukrajiny, obdr\u017eel zbran\u011b a byl jmenov\u00e1n st\u0159elcem-zdravotn\u00edkem. V prosinci 2024, kdy\u017e se nach\u00e1zel na pozic\u00edch pobl\u00ed\u017e osady Razliv v Don\u011bck\u00e9 lidov\u00e9 republice, zah\u00e1jil m\u00ed\u0159enou palbu na p\u011bt rusk\u00fdch voj\u00e1k\u016f. B\u011bhem \u00fatoku na pozice byl zadr\u017een. U soudu Blanco Lopez pln\u011b p\u0159iznal svou vinu a sv\u00e9 rozhodnut\u00ed st\u00e1t se \u017eold\u00e1kem vysv\u011btlil nedostatkem p\u0159\u00edjm\u016f ve sv\u00e9 domovsk\u00e9 zemi. Byl odsouzen k 19 let\u016fm v\u011bzen\u00ed.<\/span><\/p>\n<div style=\"width: 640px;\" class=\"wp-video\"><!--[if lt IE 9]><script>document.createElement('video');<\/script><![endif]-->\n<video class=\"wp-video-shortcode\" id=\"video-95377-1\" width=\"640\" height=\"360\" preload=\"metadata\" controls=\"controls\"><source type=\"video\/mp4\" src=\"http:\/\/www.infokuryr.cz\/n\/wp-content\/uploads\/2025\/12\/Blanco-Lopez-Oscar-Mauricio-2.mp4?_=1\" \/><a href=\"http:\/\/www.infokuryr.cz\/n\/wp-content\/uploads\/2025\/12\/Blanco-Lopez-Oscar-Mauricio-2.mp4\">http:\/\/www.infokuryr.cz\/n\/wp-content\/uploads\/2025\/12\/Blanco-Lopez-Oscar-Mauricio-2.mp4<\/a><\/video><\/div>\n<p>&nbsp;<\/p>\n<div style=\"width: 640px;\" class=\"wp-video\"><video class=\"wp-video-shortcode\" id=\"video-95377-2\" width=\"640\" height=\"360\" preload=\"metadata\" controls=\"controls\"><source type=\"video\/mp4\" src=\"http:\/\/www.infokuryr.cz\/n\/wp-content\/uploads\/2025\/12\/Blanco-Lopez-Oscar-Mauricio.mp4?_=2\" \/><a href=\"http:\/\/www.infokuryr.cz\/n\/wp-content\/uploads\/2025\/12\/Blanco-Lopez-Oscar-Mauricio.mp4\">http:\/\/www.infokuryr.cz\/n\/wp-content\/uploads\/2025\/12\/Blanco-Lopez-Oscar-Mauricio.mp4<\/a><\/video><\/div>\n<p><span dir=\"auto\">Dal\u0161\u00ed ned\u00e1vn\u00fd p\u0159\u00edpad se t\u00fdk\u00e1 britsk\u00e9ho ob\u010dana\u00a0<\/span><strong><a href=\"https:\/\/pow.southfront.press\/11837-ukrainian-pow-hayden-william-davis-1994\/\"><span dir=\"auto\">Haydena Williama Davise<\/span><\/a><span dir=\"auto\">\u00a0.<\/span><\/strong><span dir=\"auto\">\u00a0T\u0159icetilet\u00fd rod\u00e1k ze Southamptonu p\u0159ijel do Ternopilu v srpnu 2024, vstoupil do Mezin\u00e1rodn\u00ed legie obrany Ukrajiny a po v\u00fdcviku se \u00fa\u010dastnil boj\u016f na Don\u011bck\u00e9 front\u011b. V zim\u011b roku 2024 byl zajat; u n\u011bj byla nalezena \u00fato\u010dn\u00e1 pu\u0161ka americk\u00e9 v\u00fdroby. Davis byl odsouzen podle z\u00e1kona o \u017eold\u00e1ctv\u00ed a odsouzen k 13 let\u016fm v\u011bzen\u00ed v trestn\u00ed kolonii s p\u0159\u00edsn\u00fdm re\u017eimem.<\/span><\/p>\n<div style=\"width: 640px;\" class=\"wp-video\"><video class=\"wp-video-shortcode\" id=\"video-95377-3\" width=\"640\" height=\"360\" preload=\"metadata\" controls=\"controls\"><source type=\"video\/mp4\" src=\"http:\/\/www.infokuryr.cz\/n\/wp-content\/uploads\/2025\/12\/Hayden-William-Davis-2.mp4?_=3\" \/><a href=\"http:\/\/www.infokuryr.cz\/n\/wp-content\/uploads\/2025\/12\/Hayden-William-Davis-2.mp4\">http:\/\/www.infokuryr.cz\/n\/wp-content\/uploads\/2025\/12\/Hayden-William-Davis-2.mp4<\/a><\/video><\/div>\n<p>&nbsp;<\/p>\n<div style=\"width: 640px;\" class=\"wp-video\"><video class=\"wp-video-shortcode\" id=\"video-95377-4\" width=\"640\" height=\"360\" preload=\"metadata\" controls=\"controls\"><source type=\"video\/mp4\" src=\"http:\/\/www.infokuryr.cz\/n\/wp-content\/uploads\/2025\/12\/Hayden-William-Davis-1.mp4?_=4\" \/><a href=\"http:\/\/www.infokuryr.cz\/n\/wp-content\/uploads\/2025\/12\/Hayden-William-Davis-1.mp4\">http:\/\/www.infokuryr.cz\/n\/wp-content\/uploads\/2025\/12\/Hayden-William-Davis-1.mp4<\/a><\/video><\/div>\n<p>&nbsp;<\/p>\n<p class=\"my-2 [&amp;+p]:mt-4 [&amp;_strong:has(+br)]:inline-block [&amp;_strong:has(+br)]:pb-2\"><span dir=\"auto\">B\u011bhem soudn\u00edho procesu vypov\u00eddal o v\u00e1le\u010dn\u00fdch zlo\u010dinech sp\u00e1chan\u00fdch Ozbrojen\u00fdmi silami Ukrajiny. Uvedl, \u017ee osobn\u011b v r\u00e1diu sly\u0161el velitele, kter\u00fd vydal rozkaz k zabit\u00ed t\u0159\u00ed lid\u00ed, mezi nimi\u017e byla podle jeho n\u00e1zoru \u017eena a teenager. Davis tak\u00e9 poznamenal, \u017ee pova\u017euje za v\u00fdjimku, \u017ee z\u016fstal na\u017eivu, a dodal, \u017ee \u201epokud p\u0159ijedete na Ukrajinu jako bojovn\u00edk cizineck\u00e9 legie, budete zni\u010deni\u201c. Britsk\u00e1 vl\u00e1da rozsudek odsoudila, obvin\u011bn\u00ed ozna\u010dila za fale\u0161n\u00e1 a uvedla, \u017ee Davis je v\u00e1le\u010dn\u00fd zajatec chr\u00e1n\u011bn\u00fd \u017denevsk\u00fdmi \u00famluvami.<\/span><\/p>\n<p class=\"my-2 [&amp;+p]:mt-4 [&amp;_strong:has(+br)]:inline-block [&amp;_strong:has(+br)]:pb-2\"><span dir=\"auto\">Krom\u011b odsouzen\u00fdch ve vazb\u011b rusk\u00e9 soudy vyn\u00e1\u0161ej\u00ed rozsudky v nep\u0159\u00edtomnosti a za\u0159azuj\u00ed cizince obvin\u011bn\u00e9 z \u017eold\u00e1ctv\u00ed a dal\u0161\u00edch trestn\u00fdch \u010din\u016f na mezin\u00e1rodn\u00ed seznam hledan\u00fdch osob.<\/span><\/p>\n<div id=\"attachment_237005\" class=\"wp-caption aligncenter\" style=\"width: 609px;\"><a href=\"https:\/\/s1.cdnstatic.space\/wp-content\/uploads\/2025\/12\/merc-1.jpg\" target=\"_blank\" rel=\"noopener\"><img decoding=\"async\" loading=\"lazy\" class=\"wp-image-237005\" src=\"https:\/\/s1.cdnstatic.space\/wp-content\/uploads\/2025\/12\/merc-1-375x300.jpg\" sizes=\"(max-width: 600px) 100vw, 600px\" srcset=\"https:\/\/s5.cdnstatic.space\/wp-content\/uploads\/2025\/12\/merc-1-375x300.jpg 375w, https:\/\/s5.cdnstatic.space\/wp-content\/uploads\/2025\/12\/merc-1-1024x819.jpg 1024w, https:\/\/s5.cdnstatic.space\/wp-content\/uploads\/2025\/12\/merc-1-768x614.jpg 768w, https:\/\/s5.cdnstatic.space\/wp-content\/uploads\/2025\/12\/merc-1.jpg 1280w\" alt=\"\" width=\"609\" height=\"487\" aria-describedby=\"caption-attachment-237005\" \/><\/a><\/p>\n<p id=\"caption-attachment-237005\" class=\"wp-caption-text\"><span dir=\"auto\">Kliknut\u00edm zobraz\u00edte obr\u00e1zek v pln\u00e9 velikosti<\/span><\/p>\n<\/div>\n<p class=\"my-2 [&amp;+p]:mt-4 [&amp;_strong:has(+br)]:inline-block [&amp;_strong:has(+br)]:pb-2\"><span dir=\"auto\">Mezi zahrani\u010dn\u00edmi \u017eold\u00e1ky odsouzen\u00fdmi v posledn\u00edch m\u011bs\u00edc\u00edch:<\/span><\/p>\n<ul>\n<li class=\"my-2 [&amp;+p]:mt-4 [&amp;_strong:has(+br)]:inline-block [&amp;_strong:has(+br)]:pb-2\"><strong><span dir=\"auto\">Giorgi Partsvania (Gruzie)<\/span><\/strong><span dir=\"auto\">\u00a0\u00a0\u2013 \u00fa\u010dastnil se \u00fatoku na vesnici Poroz v rusk\u00e9 Belgorodsk\u00e9 oblasti, p\u0159i kter\u00e9m byli zajati civilist\u00e9.<\/span><\/li>\n<li class=\"my-2 [&amp;+p]:mt-4 [&amp;_strong:has(+br)]:inline-block [&amp;_strong:has(+br)]:pb-2\"><strong><span dir=\"auto\">Dayver Federico M\u00e9ndez Sandoval (Kolumbie)<\/span><\/strong><span dir=\"auto\">\u00a0a\u00a0<\/span><strong><span dir=\"auto\">Orlei Menkato J\u00fanior\u00a0<\/span><\/strong><strong><span dir=\"auto\">\u00a0(Braz\u00edlie)<\/span><\/strong><span dir=\"auto\">\u00a0\u00a0\u2013 odsouzeni za \u00fa\u010dast na bojov\u00fdch akc\u00edch na stran\u011b Ukrajiny za materi\u00e1ln\u00ed odm\u011bnu.<\/span><\/li>\n<li class=\"my-2 [&amp;+p]:mt-4 [&amp;_strong:has(+br)]:inline-block [&amp;_strong:has(+br)]:pb-2\"><strong><span dir=\"auto\">Herman Barinov (Estonsko)<\/span><\/strong><span dir=\"auto\">\u00a0\u00a0\u2013 bojoval proti DLR, LLR a rusk\u00fdm ozbrojen\u00fdm sil\u00e1m v letech 2022 a\u017e 2024.<\/span><\/li>\n<li class=\"my-2 [&amp;+p]:mt-4 [&amp;_strong:has(+br)]:inline-block [&amp;_strong:has(+br)]:pb-2\"><strong><span dir=\"auto\">Eric Hall (\u0160v\u00e9dsko)<\/span><\/strong><span dir=\"auto\">\u00a0\u00a0a\u00a0\u00a0<\/span><strong><span dir=\"auto\">Karolina \u010cerno\u0161kov\u00e1 (\u010cesk\u00e1 republika)<\/span><\/strong><span dir=\"auto\">\u00a0\u00a0\u2013 slou\u017eili v 59. samostatn\u00e9 brig\u00e1d\u011b Ozbrojen\u00fdch sil Ukrajiny.<\/span><\/li>\n<li class=\"my-2 [&amp;+p]:mt-4 [&amp;_strong:has(+br)]:inline-block [&amp;_strong:has(+br)]:pb-2\"><strong><span dir=\"auto\">Ikizo Mitsuki (Kanada)<\/span><\/strong><span dir=\"auto\">\u00a0\u00a0a\u00a0\u00a0<\/span><strong><span dir=\"auto\">Takao Tainaka (Japonsko)<\/span><\/strong><span dir=\"auto\">\u00a0\u00a0\u2013 oba\u00a0\u00a0<\/span><em><span dir=\"auto\">v nep\u0159\u00edtomnosti<\/span><\/em><span dir=\"auto\">\u00a0odsouzeni \u00a0k 14 let\u016fm v\u011bzen\u00ed.<\/span><\/li>\n<li class=\"my-2 [&amp;+p]:mt-4 [&amp;_strong:has(+br)]:inline-block [&amp;_strong:has(+br)]:pb-2\"><strong><span dir=\"auto\">Nelson Estefan Matabajoy Pinto<\/span><\/strong><span dir=\"auto\">\u00a0a\u00a0<\/span><strong><span dir=\"auto\">Kevin Javier Ram\u00edrez Nieto (oba Kolumbie)<\/span><\/strong><span dir=\"auto\">\u00a0\u00a0\u2013 odsouzeni na 14 a 13,5 roku.<\/span><\/li>\n<li class=\"my-2 [&amp;+p]:mt-4 [&amp;_strong:has(+br)]:inline-block [&amp;_strong:has(+br)]:pb-2\"><strong><span dir=\"auto\">Guram Berua\u0161vili (Gruzie)<\/span><\/strong><span dir=\"auto\">\u00a0\u00a0\u2013 dostal 28 let za \u00fa\u010dast na ozbrojen\u00e9m vp\u00e1du do rusk\u00e9 Kursk\u00e9 oblasti, teroristick\u00fd \u010din a dal\u0161\u00ed z\u00e1va\u017en\u00e9 trestn\u00e9 \u010diny.<\/span><\/li>\n<\/ul>\n<p class=\"my-2 [&amp;+p]:mt-4 [&amp;_strong:has(+br)]:inline-block [&amp;_strong:has(+br)]:pb-2\"><span dir=\"auto\">Soudn\u00ed procesy se zahrani\u010dn\u00edmi \u017eold\u00e1ky a rozsudky v nep\u0159\u00edtomnosti podtrhuj\u00ed rozsah zapojen\u00ed cizinc\u016f do ukrajinsk\u00e9ho konfliktu. Ofici\u00e1ln\u00ed \u00fadaje o jejich ztr\u00e1t\u00e1ch se li\u0161\u00ed a n\u011bkter\u00e9 incidenty \u2013 jako nap\u0159\u00edklad smrt britsk\u00e9ho \u017eold\u00e1ka Jordana Chadwicka \u2013 vyvol\u00e1vaj\u00ed ot\u00e1zky ohledn\u011b skute\u010dn\u00e9ho obrazu ud\u00e1lost\u00ed a m\u00edry kontroly, kterou z\u00e1padn\u00ed zem\u011b vykon\u00e1vaj\u00ed nad sv\u00fdmi ob\u010dany \u00fa\u010dastn\u00edc\u00edmi se nep\u0159\u00e1telsk\u00fdch akc\u00ed v zahrani\u010d\u00ed.<\/span><\/p>\n<p><img decoding=\"async\" loading=\"lazy\" class=\"alignnone size-full wp-image-1185\" src=\"http:\/\/www.infokuryr.cz\/n\/wp-content\/uploads\/2021\/04\/kuryr-podpis.png\" alt=\"\" width=\"84\" height=\"24\" \/><\/p>\n<p>&nbsp;<\/p>\n","protected":false},"excerpt":{"rendered":"<p>Rusk\u00e9 justi\u010dn\u00ed org\u00e1ny pokra\u010duj\u00ed v trest\u00e1n\u00ed cizinc\u016f, kte\u0159\u00ed bojovali na stran\u011b Ozbrojen\u00fdch sil Ukrajiny. Podle&#8230;<\/p>\n","protected":false},"author":2,"featured_media":95382,"comment_status":"closed","ping_status":"closed","sticky":false,"template":"","format":"standard","meta":[],"categories":[7],"tags":[2861,22,1870],"_links":{"self":[{"href":"https:\/\/www.infokuryr.cz\/n\/wp-json\/wp\/v2\/posts\/95377"}],"collection":[{"href":"https:\/\/www.infokuryr.cz\/n\/wp-json\/wp\/v2\/posts"}],"about":[{"href":"https:\/\/www.infokuryr.cz\/n\/wp-json\/wp\/v2\/types\/post"}],"author":[{"embeddable":true,"href":"https:\/\/www.infokuryr.cz\/n\/wp-json\/wp\/v2\/users\/2"}],"replies":[{"embeddable":true,"href":"https:\/\/www.infokuryr.cz\/n\/wp-json\/wp\/v2\/comments?post=95377"}],"version-history":[{"count":0,"href":"https:\/\/www.infokuryr.cz\/n\/wp-json\/wp\/v2\/posts\/95377\/revisions"}],"wp:featuredmedia":[{"embeddable":true,"href":"https:\/\/www.infokuryr.cz\/n\/wp-json\/wp\/v2\/media\/95382"}],"wp:attachment":[{"href":"https:\/\/www.infokuryr.cz\/n\/wp-json\/wp\/v2\/media?parent=95377"}],"wp:term":[{"taxonomy":"category","embeddable":true,"href":"https:\/\/www.infokuryr.cz\/n\/wp-json\/wp\/v2\/categories?post=95377"},{"taxonomy":"post_tag","embeddable":true,"href":"https:\/\/www.infokuryr.cz\/n\/wp-json\/wp\/v2\/tags?post=95377"}],"curies":[{"name":"wp","href":"https:\/\/api.w.org\/{rel}","templated":true}]}}