{"id":95375,"date":"2025-12-26T00:21:32","date_gmt":"2025-12-25T23:21:32","guid":{"rendered":"https:\/\/www.infokuryr.cz\/n\/?p=95375"},"modified":"2025-12-25T15:44:24","modified_gmt":"2025-12-25T14:44:24","slug":"ztracena-dekada-170-000-pracovnich-mist-v-prumyslu-ztraceno-za-jediny-rok","status":"publish","type":"post","link":"https:\/\/www.infokuryr.cz\/n\/2025\/12\/26\/ztracena-dekada-170-000-pracovnich-mist-v-prumyslu-ztraceno-za-jediny-rok\/","title":{"rendered":"\u201eZtracen\u00e1 dek\u00e1da\u201c: 170 000 pracovn\u00edch m\u00edst v pr\u016fmyslu ztraceno za jedin\u00fd rok"},"content":{"rendered":"<div id=\"fb-root\"><\/div>\n<p><strong><span dir=\"auto\">Dramatick\u00fd z\u00e1v\u011br pro N\u011bmecko v roce 2025: 170 000 ztracen\u00fdch pracovn\u00edch m\u00edst v pr\u016fmyslu kone\u010dn\u011b nut\u00ed i jinak vl\u00e1d\u011b loaj\u00e1ln\u00ed podnikatelsk\u00e9 l\u00eddry, aby si toho v\u0161imli. M\u00e1 ale sou\u010dasn\u00e1 vl\u00e1da velk\u00e9 koalice z\u00e1jem o seri\u00f3zn\u00ed reformy, kter\u00e9 jsou po\u017eadov\u00e1ny s rostouc\u00ed vervou?<\/span><\/strong><\/p>\n<p><span dir=\"auto\">P\u0159\u00edli\u0161 dlouho ml\u010deli \u2013 nebo ve sv\u00e9 oddanosti etablovan\u00fdm stran\u00e1m a vl\u00e1d\u011b hanobili AfD jako \u00fadajnou hrozbu pro \u201eN\u011bmecko jako obchodn\u00ed centrum\u201c. N\u011bmecko jako obchodn\u00ed centrum? St\u00e1le v\u00edce obchodn\u00edm l\u00eddr\u016fm za\u010d\u00edn\u00e1 doch\u00e1zet, \u017ee se tento term\u00edn stal synonymem pro \u201etam d\u0159\u00edve st\u00e1lo N\u011bmecko!\u201c.<\/span><\/p>\n<p><span dir=\"auto\">Nyn\u00ed Peter Adrian, prezident N\u011bmeck\u00e9 pr\u016fmyslov\u00e9 a obchodn\u00ed komory (DIHK), kone\u010dn\u011b pochopil: \u201ePokud budeme takto pokra\u010dovat, pokud ekonomika bude i nad\u00e1le stagnovat nebo pokud bude hospod\u00e1\u0159sk\u00fd r\u016fst i nad\u00e1le tak utlumen\u00fd, pak ztrat\u00edme na\u0161i mezin\u00e1rodn\u00ed konkurenceschopnost,\u201c \u0159ekl N\u011bmeck\u00e9 tiskov\u00e9 agentu\u0159e (dpa).<\/span><\/p>\n<p><span dir=\"auto\">Prezident Federace n\u011bmeck\u00e9ho pr\u016fmyslu (BDI) Peter Leibinger vn\u00edm\u00e1 N\u011bmecko jako obchodn\u00ed lokalitu \u201ev p\u00e1du\u201c.<\/span><\/p>\n<h3 id=\"h-170-000-verlorene-industrie-jobs-in-einem-jahr\" class=\"wp-block-heading\"><span dir=\"auto\">170 000 pracovn\u00edch m\u00edst v pr\u016fmyslu ztraceno za jeden rok<\/span><\/h3>\n<p><span dir=\"auto\">Odkud se vzaly tyto n\u00e1hl\u00e9 poznatky? \u0160\u00e9fov\u00e9 u\u017e nemohou zav\u00edrat o\u010di p\u0159ed realitou. \u201eV pr\u016fmyslu jsme za jedin\u00fd rok ztratili dal\u0161\u00edch 170 000 pracovn\u00edch m\u00edst,\u201c na\u0159\u00edk\u00e1 Adrian. Investice do v\u00fdrobn\u00edch za\u0159\u00edzen\u00ed klesly na \u00farove\u0148 roku 2015. \u201eTo znamen\u00e1, \u017ee jsme z hlediska investic ztratili desetilet\u00ed,\u201c je ho\u0159k\u00e9 hodnocen\u00ed prezidenta DIHK (Sdru\u017een\u00ed n\u011bmeck\u00fdch pr\u016fmyslov\u00fdch a obchodn\u00edch komor). Podle agentury DPA varuje, \u017ee N\u011bmecko je ji\u017e mezin\u00e1rodn\u011b sotva konkurenceschopn\u00e9 jako investi\u010dn\u00ed m\u00edsto, a to \u010d\u00e1ste\u010dn\u011b kv\u016fli vysok\u00fdm n\u00e1klad\u016fm na energie a da\u0148ov\u00e9 z\u00e1t\u011b\u017ei a poplatk\u016fm.<\/span><\/p>\n<p>Adrian apeloval na \u010derno-\u010dervenou feder\u00e1ln\u00ed vl\u00e1du, aby se \u201enyn\u00ed dala dohromady a pracovala na seri\u00f3zn\u00edch reform\u00e1ch\u201c. Zd\u00e1 se, \u017ee i prezident DIHK v\u011b\u0159\u00ed v Santa Clause\u2026<\/p>\n<p><em><span dir=\"auto\">\u010cl\u00e1nek se poprv\u00e9 objevil v den\u00edku <\/span><a href=\"https:\/\/deutschlandkurier.de\/2025\/12\/wirtschaftsbosse-wachen-auf-ein-verlorenes-jahrzehnt-fuer-deutschland\/\"><span dir=\"auto\">Deutschlandkurier<\/span><\/a><span dir=\"auto\">\u00a0<\/span><\/em><\/p>\n<p>&nbsp;<\/p>\n","protected":false},"excerpt":{"rendered":"<p>Dramatick\u00fd z\u00e1v\u011br pro N\u011bmecko v roce 2025: 170 000 ztracen\u00fdch pracovn\u00edch m\u00edst v pr\u016fmyslu kone\u010dn\u011b&#8230;<\/p>\n","protected":false},"author":2,"featured_media":95376,"comment_status":"closed","ping_status":"closed","sticky":false,"template":"","format":"standard","meta":[],"categories":[7],"tags":[59,371,84],"_links":{"self":[{"href":"https:\/\/www.infokuryr.cz\/n\/wp-json\/wp\/v2\/posts\/95375"}],"collection":[{"href":"https:\/\/www.infokuryr.cz\/n\/wp-json\/wp\/v2\/posts"}],"about":[{"href":"https:\/\/www.infokuryr.cz\/n\/wp-json\/wp\/v2\/types\/post"}],"author":[{"embeddable":true,"href":"https:\/\/www.infokuryr.cz\/n\/wp-json\/wp\/v2\/users\/2"}],"replies":[{"embeddable":true,"href":"https:\/\/www.infokuryr.cz\/n\/wp-json\/wp\/v2\/comments?post=95375"}],"version-history":[{"count":0,"href":"https:\/\/www.infokuryr.cz\/n\/wp-json\/wp\/v2\/posts\/95375\/revisions"}],"wp:featuredmedia":[{"embeddable":true,"href":"https:\/\/www.infokuryr.cz\/n\/wp-json\/wp\/v2\/media\/95376"}],"wp:attachment":[{"href":"https:\/\/www.infokuryr.cz\/n\/wp-json\/wp\/v2\/media?parent=95375"}],"wp:term":[{"taxonomy":"category","embeddable":true,"href":"https:\/\/www.infokuryr.cz\/n\/wp-json\/wp\/v2\/categories?post=95375"},{"taxonomy":"post_tag","embeddable":true,"href":"https:\/\/www.infokuryr.cz\/n\/wp-json\/wp\/v2\/tags?post=95375"}],"curies":[{"name":"wp","href":"https:\/\/api.w.org\/{rel}","templated":true}]}}