{"id":95373,"date":"2025-12-26T00:21:09","date_gmt":"2025-12-25T23:21:09","guid":{"rendered":"https:\/\/www.infokuryr.cz\/n\/?p=95373"},"modified":"2025-12-25T14:31:49","modified_gmt":"2025-12-25T13:31:49","slug":"nemecko-financni-pobidky-k-ockovani-asociace-vyzyva-k-odporu","status":"publish","type":"post","link":"https:\/\/www.infokuryr.cz\/n\/2025\/12\/26\/nemecko-financni-pobidky-k-ockovani-asociace-vyzyva-k-odporu\/","title":{"rendered":"N\u011bmecko: Finan\u010dn\u00ed pob\u00eddky k o\u010dkov\u00e1n\u00ed &#8211; Asociace vyz\u00fdv\u00e1 k odporu"},"content":{"rendered":"<div id=\"fb-root\"><\/div>\n<p><strong><span dir=\"auto\">Nov\u00e9 na\u0159\u00edzen\u00ed o tzv. poplatku za pohotovost pro n\u011bmeck\u00e9 praktick\u00e9 l\u00e9ka\u0159e, kter\u00e9 za\u010dne platit od p\u0159\u00ed\u0161t\u00edho roku, vytvo\u0159\u00ed c\u00edlen\u00e9 finan\u010dn\u00ed pob\u00eddky k dosa\u017een\u00ed vysok\u00e9 m\u00edry proo\u010dkovanosti. L\u00e9ka\u0159i, kte\u0159\u00ed tyto kv\u00f3ty nespln\u00ed, budou \u010delit zna\u010dn\u00fdm sankc\u00edm. Sdru\u017een\u00ed vyz\u00fdv\u00e1 k odporu: Kdokoli m\u016f\u017ee podat st\u00ed\u017enost u sv\u00e9 zdravotn\u00ed poji\u0161\u0165ovny p\u00edsemn\u011b.<\/span><\/strong><\/p>\n<p><span dir=\"auto\">Podle dohody mezi N\u00e1rodn\u00ed asociac\u00ed l\u00e9ka\u0159\u016f z\u00e1konn\u00e9ho zdravotn\u00edho poji\u0161t\u011bn\u00ed (KBV) a N\u00e1rodn\u00ed asociac\u00ed fond\u016f z\u00e1konn\u00e9ho zdravotn\u00edho poji\u0161t\u011bn\u00ed (GKV-Spitzenverband) se sn\u00ed\u017e\u00ed tzv. poplatek za pohotovost pro praktick\u00e9 l\u00e9ka\u0159e. Spln\u011bn\u00edm ur\u010dit\u00fdch krit\u00e9ri\u00ed, v\u010detn\u011b m\u00edry proo\u010dkovanosti, v\u0161ak mohou l\u00e9ka\u0159i toto sn\u00ed\u017een\u00ed nejen kompenzovat, ale dokonce dos\u00e1hnout zv\u00fd\u0161en\u00ed poplatku. Dobr\u00e9 pro prodej o\u010dkov\u00e1n\u00ed, \u0161patn\u00e9 pro l\u00e9ka\u0159e, kte\u0159\u00ed prov\u00e1d\u011bj\u00ed \u201ep\u0159\u00edli\u0161 m\u00e1lo\u201c o\u010dkov\u00e1n\u00ed: Praktick\u00e9 l\u00e9ka\u0159sk\u00e9 praxe, kter\u00e9 prov\u00e1d\u011bj\u00ed m\u00e9n\u011b ne\u017e deset o\u010dkov\u00e1n\u00ed za \u010dtvrtlet\u00ed, budou m\u00edt poplatek za pohotovost sn\u00ed\u017een o podstatn\u00fdch 40 procent, \u201eproto\u017ee o\u010dkov\u00e1n\u00ed je sou\u010d\u00e1st\u00ed z\u00e1kladn\u00ed prim\u00e1rn\u00ed p\u00e9\u010de,\u201c uv\u00e1d\u00ed se v od\u016fvodn\u011bn\u00ed.<\/span><\/p>\n<p><span dir=\"auto\">Mezioborov\u00e1 asociace zdravotnick\u00fdch profes\u00ed (IVfG)\u00a0<\/span><a href=\"https:\/\/ivfgesund.de\/aktuelle-informationen\/neue-vorhaltepauschale-fuer-hausaerzte-ab-2026\/\" target=\"_blank\" rel=\"noreferrer noopener\"><span dir=\"auto\">to pova\u017euje za<\/span><\/a><span dir=\"auto\">\u00a0z\u00e1sah do svobody l\u00e9ka\u0159\u016f ve v\u00fdb\u011bru l\u00e9\u010dby: Podle IVfG nebudou l\u00e9ka\u0159i l\u00e9\u010dit sv\u00e9 pacienty pouze pro jejich blaho, ale budou muset zohlednit i vytvo\u0159en\u00e9 pob\u00eddky. A to bude zcela nevyhnuteln\u00e9, proto\u017ee poplatek za pohotovost je nezbytn\u00fd pro p\u0159e\u017eit\u00ed mnoha praktick\u00fdch l\u00e9ka\u0159\u016f, zejm\u00e9na ve venkovsk\u00fdch oblastech.<\/span><\/p>\n<p><span dir=\"auto\">Na sv\u00fdch webov\u00fdch str\u00e1nk\u00e1ch asociace vyz\u00fdv\u00e1 k odporu: \u201ePokud chcete podpo\u0159it na\u0161e l\u00e9ka\u0159sk\u00e9 kolegy a zachovat jejich svobodu volby l\u00e9\u010dby a pokud jako pacient s t\u00edmto nov\u00fdm na\u0159\u00edzen\u00edm nesouhlas\u00edte, kontaktujte svou zdravotn\u00ed poji\u0161\u0165ovnu. Jejich asociace rozhodly o nov\u00e9m poplatku za pohotovost.\u201c\u00a0<\/span><strong><span dir=\"auto\">IVfG poskytuje n\u00e1vrh dopisu zdravotn\u00ed poji\u0161\u0165ovn\u011b na n\u00e1sleduj\u00edc\u00edm odkazu, kter\u00fd lze individu\u00e1ln\u011b upravit:\u00a0<\/span><a href=\"https:\/\/ivfgesund.de\/wp-content\/uploads\/2025\/10\/Beschwerde_Vorhaltepauschale_mit_Briefkopf_V02_20251010.docx\" target=\"_blank\" rel=\"noreferrer noopener\"><span dir=\"auto\">St\u00ed\u017enost na poplatek za pohotovost<\/span><\/a><\/strong><span dir=\"auto\">\u00a0(docx)<\/span><\/p>\n<p><span dir=\"auto\">Asociace upozor\u0148uje, \u017ee shroma\u017e\u010fuje odpov\u011bdi od zdravotn\u00edch poji\u0161\u0165oven: Ve\u0161ker\u00e9 odpov\u011bdi by proto m\u011bly\u00a0b\u00fdt zas\u00edl\u00e1ny , nejl\u00e9pe anonymn\u011b, na adresu\u00a0<\/span><a href=\"mailto:kontakt@ivfgesund.de\"><span dir=\"auto\">kontakt@ivfgesund.de<\/span><\/a><\/p>\n<p><img decoding=\"async\" loading=\"lazy\" class=\"alignnone size-full wp-image-1185\" src=\"http:\/\/www.infokuryr.cz\/n\/wp-content\/uploads\/2021\/04\/kuryr-podpis.png\" alt=\"\" width=\"84\" height=\"24\" \/><\/p>\n<p>&nbsp;<\/p>\n","protected":false},"excerpt":{"rendered":"<p>Nov\u00e9 na\u0159\u00edzen\u00ed o tzv. poplatku za pohotovost pro n\u011bmeck\u00e9 praktick\u00e9 l\u00e9ka\u0159e, kter\u00e9 za\u010dne platit od&#8230;<\/p>\n","protected":false},"author":2,"featured_media":95374,"comment_status":"closed","ping_status":"closed","sticky":false,"template":"","format":"standard","meta":[],"categories":[7],"tags":[677,84,213,1013],"_links":{"self":[{"href":"https:\/\/www.infokuryr.cz\/n\/wp-json\/wp\/v2\/posts\/95373"}],"collection":[{"href":"https:\/\/www.infokuryr.cz\/n\/wp-json\/wp\/v2\/posts"}],"about":[{"href":"https:\/\/www.infokuryr.cz\/n\/wp-json\/wp\/v2\/types\/post"}],"author":[{"embeddable":true,"href":"https:\/\/www.infokuryr.cz\/n\/wp-json\/wp\/v2\/users\/2"}],"replies":[{"embeddable":true,"href":"https:\/\/www.infokuryr.cz\/n\/wp-json\/wp\/v2\/comments?post=95373"}],"version-history":[{"count":0,"href":"https:\/\/www.infokuryr.cz\/n\/wp-json\/wp\/v2\/posts\/95373\/revisions"}],"wp:featuredmedia":[{"embeddable":true,"href":"https:\/\/www.infokuryr.cz\/n\/wp-json\/wp\/v2\/media\/95374"}],"wp:attachment":[{"href":"https:\/\/www.infokuryr.cz\/n\/wp-json\/wp\/v2\/media?parent=95373"}],"wp:term":[{"taxonomy":"category","embeddable":true,"href":"https:\/\/www.infokuryr.cz\/n\/wp-json\/wp\/v2\/categories?post=95373"},{"taxonomy":"post_tag","embeddable":true,"href":"https:\/\/www.infokuryr.cz\/n\/wp-json\/wp\/v2\/tags?post=95373"}],"curies":[{"name":"wp","href":"https:\/\/api.w.org\/{rel}","templated":true}]}}