{"id":95337,"date":"2025-12-25T00:21:37","date_gmt":"2025-12-24T23:21:37","guid":{"rendered":"https:\/\/www.infokuryr.cz\/n\/?p=95337"},"modified":"2025-12-24T11:17:12","modified_gmt":"2025-12-24T10:17:12","slug":"francie-stale-vice-muslimu-chce-zavest-pravo-saria","status":"publish","type":"post","link":"https:\/\/www.infokuryr.cz\/n\/2025\/12\/25\/francie-stale-vice-muslimu-chce-zavest-pravo-saria\/","title":{"rendered":"Francie: St\u00e1le v\u00edce muslim\u016f chce zav\u00e9st pr\u00e1vo \u0161ar\u00eda"},"content":{"rendered":"<div id=\"fb-root\"><\/div>\n<p><strong><span dir=\"auto\">Radik\u00e1ln\u00ed isl\u00e1m se v z\u00e1padn\u00edch spole\u010dnostech st\u00e1le v\u00edce prosazuje. To se odr\u00e1\u017e\u00ed i ve v\u00fdsledc\u00edch pr\u016fzkum\u016f mezi muslimy: touha po zaveden\u00ed pr\u00e1va \u0161ar\u00eda je roz\u0161\u00ed\u0159en\u00e1. Jasn\u00e9 odm\u00edtnut\u00ed z\u00e1padn\u00edho hodnotov\u00e9ho syst\u00e9mu \u2013 a p\u0159esto masov\u00e1 migrace pokra\u010duje nezmen\u0161enou silou.<\/span><\/strong><\/p>\n<p><span dir=\"auto\">St\u00e1le existuj\u00ed lid\u00e9, kte\u0159\u00ed v\u011b\u0159\u00ed, \u017ee by se mohlo etablovat n\u011bco jako liber\u00e1ln\u00ed \u201eeuroisl\u00e1m\u201c. Tito lid\u00e9 v\u0161ak zapom\u00ednaj\u00ed, \u017ee isl\u00e1m nen\u00ed jen n\u00e1bo\u017eenstv\u00ed, ale tak\u00e9 soci\u00e1ln\u00ed syst\u00e9m a z\u00e1rove\u0148 politick\u00fd a pr\u00e1vn\u00ed syst\u00e9m. V podstat\u011b se jedn\u00e1 o n\u00e1bo\u017eensko-ideologick\u00fd konstrukt.<\/span><\/p>\n<figure class=\"wp-block-embed is-type-rich is-provider-twitter wp-block-embed-twitter\">\n<div class=\"wp-block-embed__wrapper\">\n<div class=\"twitter-tweet twitter-tweet-rendered\"><iframe id=\"twitter-widget-0\" class=\"\" title=\"X P\u0159\u00edsp\u011bvek\" src=\"https:\/\/platform.twitter.com\/embed\/Tweet.html?dnt=true&amp;embedId=twitter-widget-0&amp;features=eyJ0ZndfdGltZWxpbmVfbGlzdCI6eyJidWNrZXQiOltdLCJ2ZXJzaW9uIjpudWxsfSwidGZ3X2ZvbGxvd2VyX2NvdW50X3N1bnNldCI6eyJidWNrZXQiOnRydWUsInZlcnNpb24iOm51bGx9LCJ0ZndfdHdlZXRfZWRpdF9iYWNrZW5kIjp7ImJ1Y2tldCI6Im9uIiwidmVyc2lvbiI6bnVsbH0sInRmd19yZWZzcmNfc2Vzc2lvbiI6eyJidWNrZXQiOiJvbiIsInZlcnNpb24iOm51bGx9LCJ0ZndfZm9zbnJfc29mdF9pbnRlcnZlbnRpb25zX2VuYWJsZWQiOnsiYnVja2V0Ijoib24iLCJ2ZXJzaW9uIjpudWxsfSwidGZ3X21peGVkX21lZGlhXzE1ODk3Ijp7ImJ1Y2tldCI6InRyZWF0bWVudCIsInZlcnNpb24iOm51bGx9LCJ0ZndfZXhwZXJpbWVudHNfY29va2llX2V4cGlyYXRpb24iOnsiYnVja2V0IjoxMjA5NjAwLCJ2ZXJzaW9uIjpudWxsfSwidGZ3X3Nob3dfYmlyZHdhdGNoX3Bpdm90c19lbmFibGVkIjp7ImJ1Y2tldCI6Im9uIiwidmVyc2lvbiI6bnVsbH0sInRmd19kdXBsaWNhdGVfc2NyaWJlc190b19zZXR0aW5ncyI6eyJidWNrZXQiOiJvbiIsInZlcnNpb24iOm51bGx9LCJ0ZndfdXNlX3Byb2ZpbGVfaW1hZ2Vfc2hhcGVfZW5hYmxlZCI6eyJidWNrZXQiOiJvbiIsInZlcnNpb24iOm51bGx9LCJ0ZndfdmlkZW9faGxzX2R5bmFtaWNfbWFuaWZlc3RzXzE1MDgyIjp7ImJ1Y2tldCI6InRydWVfYml0cmF0ZSIsInZlcnNpb24iOm51bGx9LCJ0ZndfbGVnYWN5X3RpbWVsaW5lX3N1bnNldCI6eyJidWNrZXQiOnRydWUsInZlcnNpb24iOm51bGx9LCJ0ZndfdHdlZXRfZWRpdF9mcm9udGVuZCI6eyJidWNrZXQiOiJvbiIsInZlcnNpb24iOm51bGx9fQ%3D%3D&amp;frame=false&amp;hideCard=false&amp;hideThread=false&amp;id=2003053676231811211&amp;lang=cs&amp;origin=https%3A%2F%2Freport24.news%2Ffrankreich-immer-mehr-moslems-wollen-die-scharia-einfuehren%2F&amp;sessionId=1ab63ec2344dfe01234088663b7de71a72f4ef59&amp;theme=light&amp;widgetsVersion=2615f7e52b7e0%3A1702314776716&amp;width=550px\" frameborder=\"0\" scrolling=\"no\" allowfullscreen=\"allowfullscreen\" data-tweet-id=\"2003053676231811211\" data-mce-fragment=\"1\"><\/iframe><\/div>\n<\/div>\n<\/figure>\n<p><span dir=\"auto\">Tento trend se opakovan\u011b odr\u00e1\u017e\u00ed i v pr\u016fzkumech mezi muslimy v Evrop\u011b. Velk\u00e1 \u010d\u00e1st z nich si p\u0159eje, aby z\u00e1padn\u00ed, sekul\u00e1rn\u00ed pr\u00e1vn\u00ed \u0159\u00e1d byl vynucov\u00e1n isl\u00e1msk\u00fdm pr\u00e1vem \u2013 v\u010detn\u011b \u0161ar\u00edi.\u00a0<\/span><a href=\"https:\/\/archive.is\/G1FRT\"><span dir=\"auto\">Ned\u00e1vn\u00fd pr\u016fzkum<\/span><\/a><span dir=\"auto\">\u00a0ve Francii nazna\u010duje, \u017ee zhruba t\u0159etina muslim\u016f \u017eij\u00edc\u00edch v zemi podporuje glob\u00e1ln\u00ed zaveden\u00ed \u0161ar\u00edi \u2013 a n\u011bkte\u0159\u00ed dokonce obhajuj\u00ed pou\u017eit\u00ed s\u00edly a n\u00e1tlaku k jej\u00edmu vym\u00e1h\u00e1n\u00ed.<\/span><\/p>\n<p><span dir=\"auto\">Otev\u0159en\u00e9 vol\u00e1n\u00ed po zaveden\u00ed pr\u00e1va \u0161ar\u00eda ji\u017e nen\u00ed tabu ani okrajov\u00fdm jevem, ale st\u00e1le explicitn\u011bj\u0161\u00edm po\u017eadavkem podporovan\u00fdm rostouc\u00edm po\u010dtem muslim\u016f. Nav\u00edc jsou to p\u0159edev\u0161\u00edm mlad\u0161\u00ed muslimov\u00e9, kte\u0159\u00ed se c\u00edt\u00ed p\u0159itahov\u00e1ni k extremistick\u00fdm skupin\u00e1m. Tento trend byl ji\u017e patrn\u00fd v pr\u016fzkumech mezi studenty s migra\u010dn\u00edm z\u00e1zem\u00edm v N\u011bmecku, kter\u00e9 rovn\u011b\u017e\u00a0<\/span><a href=\"https:\/\/report24.news\/studie-belegt-scharia-ueber-alles-massenmigration-gefaehrdet-deutschen-rechtsstaat\/\"><span dir=\"auto\">odhalily roz\u0161\u00ed\u0159en\u00e9 vol\u00e1n\u00ed po pr\u00e1vu \u0161ar\u00eda<\/span><\/a><span dir=\"auto\">\u00a0. V kone\u010dn\u00e9m d\u016fsledku to znamen\u00e1, \u017ee v Evrop\u011b budou vyr\u016fstat cel\u00e9 generace dosp\u011bl\u00fdch, kte\u0159\u00ed cht\u011bj\u00ed nastolit islamistick\u00fd re\u017eim.<\/span><\/p>\n<p><img decoding=\"async\" loading=\"lazy\" class=\"alignnone size-full wp-image-1185\" src=\"http:\/\/www.infokuryr.cz\/n\/wp-content\/uploads\/2021\/04\/kuryr-podpis.png\" alt=\"\" width=\"84\" height=\"24\" \/><\/p>\n<p>&nbsp;<\/p>\n","protected":false},"excerpt":{"rendered":"<p>Radik\u00e1ln\u00ed isl\u00e1m se v z\u00e1padn\u00edch spole\u010dnostech st\u00e1le v\u00edce prosazuje. To se odr\u00e1\u017e\u00ed i ve v\u00fdsledc\u00edch&#8230;<\/p>\n","protected":false},"author":2,"featured_media":95338,"comment_status":"closed","ping_status":"closed","sticky":false,"template":"","format":"standard","meta":[],"categories":[7],"tags":[130,44,5166],"_links":{"self":[{"href":"https:\/\/www.infokuryr.cz\/n\/wp-json\/wp\/v2\/posts\/95337"}],"collection":[{"href":"https:\/\/www.infokuryr.cz\/n\/wp-json\/wp\/v2\/posts"}],"about":[{"href":"https:\/\/www.infokuryr.cz\/n\/wp-json\/wp\/v2\/types\/post"}],"author":[{"embeddable":true,"href":"https:\/\/www.infokuryr.cz\/n\/wp-json\/wp\/v2\/users\/2"}],"replies":[{"embeddable":true,"href":"https:\/\/www.infokuryr.cz\/n\/wp-json\/wp\/v2\/comments?post=95337"}],"version-history":[{"count":0,"href":"https:\/\/www.infokuryr.cz\/n\/wp-json\/wp\/v2\/posts\/95337\/revisions"}],"wp:featuredmedia":[{"embeddable":true,"href":"https:\/\/www.infokuryr.cz\/n\/wp-json\/wp\/v2\/media\/95338"}],"wp:attachment":[{"href":"https:\/\/www.infokuryr.cz\/n\/wp-json\/wp\/v2\/media?parent=95337"}],"wp:term":[{"taxonomy":"category","embeddable":true,"href":"https:\/\/www.infokuryr.cz\/n\/wp-json\/wp\/v2\/categories?post=95337"},{"taxonomy":"post_tag","embeddable":true,"href":"https:\/\/www.infokuryr.cz\/n\/wp-json\/wp\/v2\/tags?post=95337"}],"curies":[{"name":"wp","href":"https:\/\/api.w.org\/{rel}","templated":true}]}}