{"id":95333,"date":"2025-12-25T00:19:04","date_gmt":"2025-12-24T23:19:04","guid":{"rendered":"https:\/\/www.infokuryr.cz\/n\/?p=95333"},"modified":"2025-12-24T09:17:37","modified_gmt":"2025-12-24T08:17:37","slug":"jak-kurkuma-premenuje-takzvany-spatny-tuk-na-tuk-dobry-ktery-sam-spaluje-kalorie","status":"publish","type":"post","link":"https:\/\/www.infokuryr.cz\/n\/2025\/12\/25\/jak-kurkuma-premenuje-takzvany-spatny-tuk-na-tuk-dobry-ktery-sam-spaluje-kalorie\/","title":{"rendered":"Jak kurkuma p\u0159em\u011b\u0148uje takzvan\u00fd \u201e\u0161patn\u00fd\u201c tuk na tuk \u201edobr\u00fd\u201c, kter\u00fd s\u00e1m spaluje kalorie"},"content":{"rendered":"<div id=\"fb-root\"><\/div>\n<p><strong><span dir=\"auto\">Pr\u016flomov\u00fd v\u00fdzkum zjistil, \u017ee kurkuma, b\u011b\u017en\u00fd kuchy\u0148sk\u00fd pep\u0159, m\u016f\u017ee b\u00fdt potenci\u00e1ln\u00edm kl\u00ed\u010dem k odemknut\u00ed metabolick\u00e9 revoluce.<\/span><\/strong><\/p>\n<p><span dir=\"auto\">Po desetilet\u00ed dominovala diskusi o hubnut\u00ed frustruj\u00edc\u00ed jednoduch\u00e1 rovnice: p\u0159\u00edjem kalori\u00ed versus v\u00fddej kalori\u00ed. Ale pro miliony lid\u00ed, kte\u0159\u00ed z\u00e1pas\u00ed s tvrdohlav\u00fdm a nepoddajn\u00fdm tukem, zejm\u00e9na kolem b\u0159icha, se tato matematika nikdy nezd\u00e1la b\u00fdt spr\u00e1vn\u00e1.<\/span><\/p>\n<p><span dir=\"auto\">Vznikaj\u00edc\u00ed v\u011bda nyn\u00ed p\u0159esouv\u00e1 pozornost z \u010dist\u00e9ho mno\u017estv\u00ed kalori\u00ed na metabolickou kvalitu stravy a odhaluje, jak lze transformovat samotnou podstatu na\u0161ich tukov\u00fdch bun\u011bk.<\/span><\/p>\n<h2><span dir=\"auto\">Co je hlavn\u00edm probl\u00e9mem obezity<\/span><\/h2>\n<p><span dir=\"auto\">Probl\u00e9mem, kter\u00fd je j\u00e1drem modern\u00ed obezity, je dysfunk\u010dn\u00ed rozd\u011blen\u00ed paliva, kdy t\u011blo m\u00e1 tendenci ukl\u00e1dat palivo jako tuk, m\u00edsto aby ho efektivn\u011b spalovalo na energii. To vede k tomu, co n\u011bkte\u0159\u00ed v\u00fdzkumn\u00edci naz\u00fdvaj\u00ed \u201euv\u00edzl\u00fd tuk\u201c.<\/span><\/p>\n<p><span dir=\"auto\">Uv\u00edzl\u00fd tuk znamen\u00e1, \u017ee existuj\u00ed dostate\u010dn\u00e9 z\u00e1soby energie, ale z\u016fst\u00e1vaj\u00ed nedostupn\u00e9, co\u017e vyvol\u00e1v\u00e1 neust\u00e1lou chu\u0165 k j\u00eddlu.<\/span><\/p>\n<p><span dir=\"auto\">K tomu se p\u0159id\u00e1v\u00e1 modern\u00ed strava pln\u00e1 izolovan\u00fdch slou\u010denin jako kuku\u0159i\u010dn\u00fd sirup s vysok\u00fdm obsahem frukt\u00f3zy, kter\u00fd p\u016fsob\u00ed na j\u00e1tra velmi podobn\u011b jedu a naru\u0161uje dr\u00e1hy odm\u011b\u0148ov\u00e1n\u00ed v mozku.<\/span><\/p>\n<p><em><span dir=\"auto\">\u201eRealita je takov\u00e1, \u017ee indik\u00e1tor b\u0159i\u0161n\u00edho tuku byl nejd\u016fle\u017eit\u011bj\u0161\u00edm rizikov\u00fdm faktorem pro \u00famrtnost na srde\u010dn\u00ed onemocn\u011bn\u00ed,\u201c<\/span><\/em><span dir=\"auto\">\u00a0\u0159\u00edk\u00e1 Ji, zakladatel str\u00e1nky GreenMedInfo, s odkazem na kl\u00ed\u010dovou studii z roku 2007 v odborn\u00e9m \u010dasopise Circulation.<\/span><\/p>\n<p><span dir=\"auto\">Z toho vypl\u00fdv\u00e1, \u017ee b\u0159i\u0161n\u00ed tuk je mnohem v\u00edc ne\u017e jen kosmetick\u00fd probl\u00e9m; je to kritick\u00fd biomarker metabolick\u00e9ho syndromu, souboru negativn\u00edch zdravotn\u00edch stav\u016f, v\u010detn\u011b inzul\u00ednov\u00e9 rezistence, hypertenze a dyslipidemie (porucha metabolismu lipid\u016f), kter\u00e9 dramaticky zvy\u0161uj\u00ed riziko srde\u010dn\u00edch onemocn\u011bn\u00ed.<\/span><\/p>\n<p><span dir=\"auto\">Cesta k \u0159e\u0161en\u00ed tohoto probl\u00e9mu nemus\u00ed v\u00e9st k drasti\u010dt\u011bj\u0161\u00edm l\u00e9k\u016fm nebo hladov\u011bn\u00ed, ale k nutri\u010dn\u00ed inteligenci.<\/span><\/p>\n<h2><span dir=\"auto\">Kurkumin dok\u00e1\u017ee \u0159e\u0161it metabolick\u00fd syndrom<\/span><\/h2>\n<p><span dir=\"auto\">P\u0159edstavujeme kurkumin, z\u00e1\u0159iv\u00fd polyfenol, kter\u00fd dod\u00e1v\u00e1 kurkumu jej\u00ed zlat\u00fd odst\u00edn.<\/span><\/p>\n<p><span dir=\"auto\">Pr\u016flomov\u00e1 studie publikovan\u00e1 v odborn\u00e9m \u010dasopise\u00a0<\/span><em><span dir=\"auto\">Journal of Nutritional Biochemistry<\/span><\/em><span dir=\"auto\">\u00a0p\u0159edstavuje z\u00e1sadn\u00ed objev \u2013 kurkumin dok\u00e1\u017ee zm\u011bnit z\u00e1kladn\u00ed fenotyp tukov\u00fdch bun\u011bk a p\u0159em\u011bnit b\u00edlou tukovou tk\u00e1\u0148 ukl\u00e1daj\u00edc\u00ed energii na takzvan\u00fd hn\u011bd\u00fd tuk spaluj\u00edc\u00ed energii.<\/span><\/p>\n<p><span dir=\"auto\">Toto je v\u00fdznamn\u00fd posun. Hn\u011bd\u00fd tuk, kter\u00fd se u kojenc\u016f vyskytuje v pom\u011brn\u011b hojn\u00e9m mno\u017estv\u00ed, je metabolicky aktivn\u00ed a spalov\u00e1n\u00edm kalori\u00ed vytv\u00e1\u0159\u00ed teplo. S p\u0159ib\u00fdvaj\u00edc\u00edm v\u011bkem se v n\u00e1s hromad\u00ed v\u00edce b\u00edl\u00e9ho tuku, kter\u00fd je ur\u010den k ukl\u00e1d\u00e1n\u00ed.<\/span><\/p>\n<p><span dir=\"auto\">Zd\u00e1 se, \u017ee kurkumin t\u011blu d\u00e1v\u00e1 pokyn, aby tento trend zvr\u00e1tilo. Ji vysv\u011btluje, jak hlubok\u00fd to m\u00e1 d\u016fsledek:\u00a0<\/span><em><span dir=\"auto\">\u201eVe skute\u010dnosti to m\u011bn\u00ed expresi na\u0161ich gen\u016f.\u201c<\/span><\/em><\/p>\n<p><span dir=\"auto\">S\u00edla slou\u010denin z celostn\u00edch potravin, jako je kurkumin, spo\u010d\u00edv\u00e1 v jejich komplexnosti. Ji pouk\u00e1zal na v\u00fdzkum agresivn\u00edch rakovinn\u00fdch bun\u011bk, kde pod\u00e1v\u00e1n\u00ed kurkuminu zm\u011bnilo expresi tis\u00edc\u016f gen\u016f, \u010d\u00edm\u017e se rakovinov\u00fd fenotyp vr\u00e1til na nerakovinn\u00fd.<\/span><\/p>\n<p><em><span dir=\"auto\">\u201eD\u00e1v\u00e1 n\u00e1m to pocit, \u017ee kurkuma m\u00e1 doslova stovky chemick\u00fdch slo\u017eek, kter\u00e9 jsou slad\u011bny do tohoto kr\u00e1sn\u00e9ho celku,\u201c<\/span><\/em><span dir=\"auto\">\u00a0\u0159ekl.<\/span><\/p>\n<p><span dir=\"auto\">Tato \u201el\u00e9\u010div\u00e1 informace\u201c se nezab\u00fdv\u00e1 pouze slo\u017een\u00edm tuk\u016f, ale i vz\u00e1jemn\u011b propojen\u00fdmi probl\u00e9my z\u00e1n\u011btu, inzul\u00ednov\u00e9 rezistence a hypertenze, kter\u00e9 definuj\u00ed metabolick\u00fd syndrom.<\/span><\/p>\n<h2><span dir=\"auto\">Dal\u0161\u00ed doporu\u010den\u00ed ke zvr\u00e1cen\u00ed nadv\u00e1hy a obezity<\/span><\/h2>\n<p><span dir=\"auto\">\u0158e\u0161en\u00ed nadv\u00e1hy a obezity integruje tuto nutri\u010dn\u00ed moudrost s evolu\u010dn\u00edm p\u0159\u00edstupem k \u017eivotn\u00edmu stylu.<\/span><\/p>\n<p><span dir=\"auto\">Zahrnuje nahrazen\u00ed zpracovan\u00fdch potravinov\u00fdch spou\u0161t\u011b\u010d\u016f obezity, jako jsou izolovan\u00e1 sladidla a zoxidovan\u00e9 oleje (typu \u0159epkov\u00fd, s\u00f3jov\u00fd \u010di slune\u010dnicov\u00fd), celostn\u00edmi potravinami na\u0161ich p\u0159edk\u016f, kter\u00e9 poskytuj\u00ed vl\u00e1kninu, podporu mikrofl\u00f3ry a zdrav\u00e9 tuky (olivov\u00fd, avok\u00e1dov\u00fd) k obnoven\u00ed \u201emetabolick\u00e9 flexibility\u201c.<\/span><\/p>\n<p><span dir=\"auto\">Vy\u017eaduje to tak\u00e9 zvl\u00e1d\u00e1n\u00ed chronick\u00e9ho stresu, kter\u00fd naru\u0161uje hormon\u00e1ln\u00ed rytmy kortizolu a\u00a0<\/span><a href=\"https:\/\/www.badatel.net\/14-dovodov-preco-ste-stale-hladni-a-ako-to-napravit\/\"><span dir=\"auto\">leptinu<\/span><\/a><span dir=\"auto\">\u00a0, a p\u0159\u00edmo podporuje ukl\u00e1d\u00e1n\u00ed tuku v b\u0159i\u0161n\u00ed oblasti.<\/span><\/p>\n<p><span dir=\"auto\">Leptin je hormon uvol\u0148ovan\u00fd tukov\u00fdmi bu\u0148kami, kter\u00fd signalizuje mozku, kolik energie je v t\u011ble ulo\u017eeno, \u010d\u00edm\u017e pom\u00e1h\u00e1 regulovat metabolismus a p\u0159edch\u00e1zet hladov\u011bn\u00ed.<\/span><\/p>\n<p><span dir=\"auto\">P\u0159esto\u017ee cvi\u010den\u00ed a pohyb z\u016fst\u00e1vaj\u00ed kl\u00ed\u010dov\u00e9, nov\u00e1 biologie nazna\u010duje, \u017ee n\u00e1\u0161 vztah k j\u00eddlu se mus\u00ed p\u0159esunout od strachu a z\u00e1vislosti na vztah k v\u00fd\u017eiv\u011b a informac\u00edm.<\/span><\/p>\n<h2><span dir=\"auto\">Z\u00e1v\u011br<\/span><\/h2>\n<p><em><span dir=\"auto\">\u201eJsme mnohem \u00fa\u017easn\u011bj\u0161\u00ed,\u201c<\/span><\/em><span dir=\"auto\">\u00a0tvrd\u00ed Ji a nazna\u010duje, \u017ee skute\u010dn\u00e9 metabolick\u00e9 zdrav\u00ed pramen\u00ed z vn\u00edm\u00e1n\u00ed t\u011bla ne jako jednoduch\u00e9 pece, ale jako komplexn\u00edho regenera\u010dn\u00edho syst\u00e9mu reaguj\u00edc\u00edho na kvalitu informac\u00ed, kter\u00e9 p\u0159ij\u00edm\u00e1.<\/span><\/p>\n<p><span dir=\"auto\">Poselstv\u00ed je o chycen\u00ed osudu do sv\u00fdch rukou: Nej\u00fa\u010dinn\u011bj\u0161\u00ed n\u00e1stroje pro metabolickou transformaci u\u017e mo\u017en\u00e1 m\u00e1me ve sp\u00ed\u017ei a \u010dekaj\u00ed jen na to, aby mohli p\u0159eprogramovat na\u0161i biologii zevnit\u0159 sm\u011brem ven.<\/span><\/p>\n<p><span dir=\"auto\">Autor: Jacob Thomas, Zdroj:\u00a0<\/span><a href=\"https:\/\/www.naturalnews.com\/2025-12-19-curcumin-converts-bad-fat-into-calorie-burning-furnace.html\" target=\"_blank\" rel=\"noopener\"><span dir=\"auto\">naturalnews.com<\/span><\/a><\/p>\n<p>&nbsp;<\/p>\n","protected":false},"excerpt":{"rendered":"<p>Pr\u016flomov\u00fd v\u00fdzkum zjistil, \u017ee kurkuma, b\u011b\u017en\u00fd kuchy\u0148sk\u00fd pep\u0159, m\u016f\u017ee b\u00fdt potenci\u00e1ln\u00edm kl\u00ed\u010dem k odemknut\u00ed metabolick\u00e9&#8230;<\/p>\n","protected":false},"author":2,"featured_media":95334,"comment_status":"closed","ping_status":"closed","sticky":false,"template":"","format":"standard","meta":[],"categories":[7],"tags":[4776,839,5425,21],"_links":{"self":[{"href":"https:\/\/www.infokuryr.cz\/n\/wp-json\/wp\/v2\/posts\/95333"}],"collection":[{"href":"https:\/\/www.infokuryr.cz\/n\/wp-json\/wp\/v2\/posts"}],"about":[{"href":"https:\/\/www.infokuryr.cz\/n\/wp-json\/wp\/v2\/types\/post"}],"author":[{"embeddable":true,"href":"https:\/\/www.infokuryr.cz\/n\/wp-json\/wp\/v2\/users\/2"}],"replies":[{"embeddable":true,"href":"https:\/\/www.infokuryr.cz\/n\/wp-json\/wp\/v2\/comments?post=95333"}],"version-history":[{"count":0,"href":"https:\/\/www.infokuryr.cz\/n\/wp-json\/wp\/v2\/posts\/95333\/revisions"}],"wp:featuredmedia":[{"embeddable":true,"href":"https:\/\/www.infokuryr.cz\/n\/wp-json\/wp\/v2\/media\/95334"}],"wp:attachment":[{"href":"https:\/\/www.infokuryr.cz\/n\/wp-json\/wp\/v2\/media?parent=95333"}],"wp:term":[{"taxonomy":"category","embeddable":true,"href":"https:\/\/www.infokuryr.cz\/n\/wp-json\/wp\/v2\/categories?post=95333"},{"taxonomy":"post_tag","embeddable":true,"href":"https:\/\/www.infokuryr.cz\/n\/wp-json\/wp\/v2\/tags?post=95333"}],"curies":[{"name":"wp","href":"https:\/\/api.w.org\/{rel}","templated":true}]}}