{"id":95332,"date":"2025-12-25T00:18:41","date_gmt":"2025-12-24T23:18:41","guid":{"rendered":"https:\/\/www.infokuryr.cz\/n\/?p=95332"},"modified":"2025-12-24T09:14:07","modified_gmt":"2025-12-24T08:14:07","slug":"od-roku-2026-hrozi-vyssi-ceny-eu-rozsiruje-hranicni-dan-z-co%e2%82%82-na-produkty-denni-potreby","status":"publish","type":"post","link":"https:\/\/www.infokuryr.cz\/n\/2025\/12\/25\/od-roku-2026-hrozi-vyssi-ceny-eu-rozsiruje-hranicni-dan-z-co%e2%82%82-na-produkty-denni-potreby\/","title":{"rendered":"Od roku 2026 hroz\u00ed vy\u0161\u0161\u00ed ceny: EU roz\u0161i\u0159uje hrani\u010dn\u00ed da\u0148 z CO\u2082 na produkty denn\u00ed pot\u0159eby!"},"content":{"rendered":"<div id=\"fb-root\"><\/div>\n<p><strong><span dir=\"auto\">EU zp\u0159\u00eds\u0148uje hrani\u010dn\u00ed da\u0148 z CO\u2082 \u2013 boj o pr\u016fmyslov\u00e9 lokality, nebo eskalace protekcionismu?<\/span><\/strong><\/p>\n<p><span dir=\"auto\">Evropsk\u00e1 unie se nach\u00e1z\u00ed na k\u0159i\u017eovatce ve sv\u00e9 pr\u016fmyslov\u00e9 a klimatick\u00e9 politice: Brusel pl\u00e1nuje\u00a0<\/span><strong><a href=\"https:\/\/www.ft.com\/content\/e801aeb7-5810-46cc-8073-67b3f38d7658?utm_source=chatgpt.com\" target=\"_blank\" rel=\"noreferrer noopener\" data-type=\"link\" data-id=\"https:\/\/www.ft.com\/content\/e801aeb7-5810-46cc-8073-67b3f38d7658?utm_source=chatgpt.com\"><span dir=\"auto\">masivn\u00ed roz\u0161\u00ed\u0159en\u00ed mechanismu pro vyrovn\u00e1n\u00ed uhl\u00edkov\u00fdch emis\u00ed na hranic\u00edch (CBAM) a<\/span><\/a><\/strong><span dir=\"auto\">\u00a0hodl\u00e1 do n\u011bj zahrnout nejen z\u00e1kladn\u00ed materi\u00e1ly, jako je ocel, hlin\u00edk, cement a hnojiva, ale i\u00a0<\/span><strong><span dir=\"auto\">d\u00e1le zpracovan\u00e9 pr\u016fmyslov\u00e9 v\u00fdrobky<\/span><\/strong><span dir=\"auto\">\u00a0\u2013 v\u010detn\u011b stroj\u016f, automobilov\u00fdch d\u00edl\u016f a dom\u00e1c\u00edch spot\u0159ebi\u010d\u016f, jako jsou pra\u010dky a ledni\u010dky. Tento krok jde daleko za r\u00e1mec pouh\u00e9 environment\u00e1ln\u00ed politiky; m\u00e1 potenci\u00e1l z\u00e1sadn\u011b zm\u011bnit glob\u00e1ln\u00ed dodavatelsk\u00e9 \u0159et\u011bzce, konkurenceschopnost a mezin\u00e1rodn\u00ed obchod. (\u00a0<\/span><a href=\"https:\/\/exxpress.at\/economy\/eu-will-co2-zoll-auf-maschinen-und-haushaltsgeraete-ausweiten\/\" target=\"_blank\" rel=\"noreferrer noopener\"><span dir=\"auto\">Express<\/span><\/a><span dir=\"auto\">\u00a0)<\/span><\/p>\n<h3 class=\"wp-block-heading\"><strong><span dir=\"auto\">Co p\u0159esn\u011b EU pl\u00e1nuje?<\/span><\/strong><\/h3>\n<p><span dir=\"auto\">Evropsk\u00e1 komise chce\u00a0v\u00fdrazn\u011b roz\u0161\u00ed\u0159it hrani\u010dn\u00ed da\u0148 CO\u2082, kter\u00e1 bude postupn\u011b zav\u00e1d\u011bna od\u00a0<\/span><strong><span dir=\"auto\">ledna 2026 :<\/span><\/strong><\/p>\n<ul>\n<li><span dir=\"auto\">CBAM zat\u00edm zahrnuje emise z\u00e1kladn\u00edch materi\u00e1l\u016f, jako je\u00a0<\/span><strong><span dir=\"auto\">ocel, hlin\u00edk, cement, vod\u00edk, elekt\u0159ina a hnojiva<\/span><\/strong><span dir=\"auto\">\u00a0.<\/span><\/li>\n<li><span dir=\"auto\">Nov\u00e1 kategorie bude zahrnovat\u00a0<\/span><strong><span dir=\"auto\">p\u0159ibli\u017en\u011b 180 produkt\u016f<\/span><\/strong><span dir=\"auto\">\u00a0, v\u010detn\u011b stroj\u016f pro tov\u00e1rny, automobilov\u00fdch d\u00edl\u016f, stavebn\u00edch a zem\u011bd\u011blsk\u00fdch stroj\u016f a velk\u00fdch dom\u00e1c\u00edch spot\u0159ebi\u010d\u016f, jako jsou pra\u010dky a ledni\u010dky \u2013 zbo\u017e\u00ed s vysok\u00fdm obsahem oceli a hlin\u00edku.<\/span><\/li>\n<li><span dir=\"auto\">C\u00edlem je uzav\u0159\u00edt mezeru v legislativ\u011b, kterou by v\u00fdrobci ze t\u0159et\u00edch zem\u00ed mohli p\u0159esouvat svou v\u00fdrobu, aby se vyhnuli cen\u00e1m CO\u2082. (\u00a0<\/span><a href=\"https:\/\/logistik-heute.de\/news\/cbam-eu-co2-zoll-soll-fuer-waschmaschinen-und-andere-waren-kommen-240469.html?utm_source=chatgpt.com\"><span dir=\"auto\">Logistics Today<\/span><\/a><span dir=\"auto\">\u00a0)<\/span><\/li>\n<\/ul>\n<p><span dir=\"auto\">Druh\u00fd n\u00e1vrh Komise rovn\u011b\u017e navrhuje\u00a0pou\u017e\u00edt\u00a0<\/span><strong><span dir=\"auto\">25 % p\u0159\u00edjm\u016f z uhl\u00edkov\u00e9 hrani\u010dn\u00ed dan\u011b<\/span><\/strong><span dir=\"auto\">\u00a0v\u00a0<\/span><strong><span dir=\"auto\">letech 2028 a 2029 na kompenzaci evropsk\u00fdch v\u00fdrobc\u016f zat\u00ed\u017een\u00fdch vy\u0161\u0161\u00edmi dovozn\u00edmi n\u00e1klady. To by v\u0161ak podl\u00e9halo podm\u00ednk\u00e1m: aby spole\u010dnosti m\u011bly n\u00e1rok na kompenza\u010dn\u00ed platby, mus\u00ed investovat do\u00a0<\/span><\/strong><strong><span dir=\"auto\">sni\u017eov\u00e1n\u00ed emis\u00ed CO\u2082<\/span><\/strong><span dir=\"auto\">\u00a0. EU o\u010dek\u00e1v\u00e1, \u017ee\u00a0do roku 2030 pouze z tohoto mechanismu\u00a0<\/span><strong><span dir=\"auto\">vygeneruje p\u0159\u00edjmy ve v\u00fd\u0161i p\u0159ibli\u017en\u011b 2,1 miliardy eur .<\/span><\/strong><\/p>\n<h3 class=\"wp-block-heading\"><strong><span dir=\"auto\">Kritika a odpor ze strany pr\u016fmyslu a politiky<\/span><\/strong><\/h3>\n<p><span dir=\"auto\">Pl\u00e1novan\u00e9 roz\u0161\u00ed\u0159en\u00ed tarif\u016f na CO\u2082 vyvol\u00e1v\u00e1\u00a0<\/span><strong><span dir=\"auto\">masivn\u00ed odpor<\/span><\/strong><span dir=\"auto\">\u00a0\u2013 jak v Evrop\u011b, tak i mezi mezin\u00e1rodn\u00edmi obchodn\u00edmi partnery:<\/span><\/p>\n<ol>\n<li><strong><span dir=\"auto\">Ekonomick\u00e1 konkurenceschopnost:<\/span><\/strong><br \/>\n<span dir=\"auto\">Evropsk\u00e9 pr\u016fmyslov\u00e9 asociace varuj\u00ed, \u017ee dodate\u010dn\u00e9 n\u00e1klady by mohly oslabit konkurenceschopnost v\u00fdrobc\u016f. A\u010dkoli m\u00e1 b\u00fdt \u010d\u00e1st p\u0159\u00edjm\u016f rozd\u011blena jako kompenzace, je to v\u00e1z\u00e1no na investice do sni\u017eov\u00e1n\u00ed emis\u00ed CO\u2082 a mohlo by to b\u00fdt obzvl\u00e1\u0161t\u011b zat\u011b\u017euj\u00edc\u00ed pro\u00a0<\/span><strong><span dir=\"auto\">mal\u00e9 a st\u0159edn\u00ed podniky (MSP)<\/span><\/strong><span dir=\"auto\">\u00a0.<\/span><\/li>\n<li><strong><span dir=\"auto\">Mezin\u00e1rodn\u00ed kritika:<\/span><\/strong><br \/>\n<span dir=\"auto\">Zem\u011b jako\u00a0<\/span><strong><span dir=\"auto\">\u010c\u00edna, Indie a Jihoafrick\u00e1 republika<\/span><\/strong><span dir=\"auto\">\u00a0ji\u017e vyj\u00e1d\u0159ily silnou kritiku. Roz\u0161\u00ed\u0159en\u00ed CBAM pova\u017euj\u00ed za\u00a0<\/span><strong><span dir=\"auto\">nekonzistentn\u00ed, protekcionistick\u00e9 opat\u0159en\u00ed<\/span><\/strong><span dir=\"auto\">\u00a0, kter\u00e9 ne\u00fam\u011brn\u011b postihuje chud\u0161\u00ed ekonomiky \u2013 zejm\u00e9na ty s m\u00e9n\u011b p\u0159\u00edsn\u00fdmi klimatick\u00fdmi p\u0159edpisy. (\u00a0<\/span><a href=\"https:\/\/www.ft.com\/content\/e801aeb7-5810-46cc-8073-67b3f38d7658\" target=\"_blank\" rel=\"noreferrer noopener\"><span dir=\"auto\">Financial Times<\/span><\/a><span dir=\"auto\">\u00a0)<\/span><\/li>\n<li><strong><span dir=\"auto\">Obchodn\u00ed spory:<\/span><\/strong><br \/>\n<span dir=\"auto\">Dokonce i spojeneck\u00e9 st\u00e1ty, jako je\u00a0<\/span><strong><span dir=\"auto\">Spojen\u00e9 kr\u00e1lovstv\u00ed,<\/span><\/strong><span dir=\"auto\">\u00a0se sna\u017eily z\u00edskat v\u00fdjimky, nap\u0159\u00edklad propojen\u00ed sv\u00fdch vlastn\u00edch syst\u00e9m\u016f obchodov\u00e1n\u00ed s emisemi s syst\u00e9my EU. Tyto n\u00e1vrhy byly zam\u00edtnuty. To by mohlo v\u00e9st k dal\u0161\u00edm administrativn\u00edm p\u0159ek\u00e1\u017ek\u00e1m a n\u00e1klad\u016fm pro britsk\u00e9 v\u00fdvozce. (\u00a0<\/span><a href=\"https:\/\/www.reuters.com\/sustainability\/cop\/eu-rules-out-uk-exemption-carbon-border-levy-until-markets-link-2025-12-17\" target=\"_blank\" rel=\"noreferrer noopener\"><span dir=\"auto\">Reuters<\/span><\/a><span dir=\"auto\">\u00a0)<\/span><\/li>\n<\/ol>\n<h3 class=\"wp-block-heading\"><strong><span dir=\"auto\">Strategick\u00fd kalkul \u2013 nebo ekonomick\u00e9 sebeoslabov\u00e1n\u00ed?<\/span><\/strong><\/h3>\n<p><span dir=\"auto\">Zast\u00e1nci \u00faprav uhl\u00edkov\u00fdch hranic argumentuj\u00ed, \u017ee se jedn\u00e1 o nezbytn\u00fd n\u00e1stroj k prevenci\u00a0<\/span><strong><span dir=\"auto\">\u00faniku uhl\u00edku<\/span><\/strong><span dir=\"auto\">\u00a0\u2013 p\u0159esunu v\u00fdroby s vysok\u00fdmi emisemi do zem\u00ed s m\u00e9n\u011b p\u0159\u00edsn\u00fdmi p\u0159edpisy na ochranu klimatu. Bez \u00fapravy uhl\u00edkov\u00fdch hranic by evropsk\u00e9 spole\u010dnosti podl\u00e9haj\u00edc\u00ed p\u0159\u00edsn\u00fdm emisn\u00edm pravidl\u016fm byly znev\u00fdhodn\u011bny ve srovn\u00e1n\u00ed se zahrani\u010dn\u00edmi konkurenty. (\u00a0<\/span><a href=\"https:\/\/en.wikipedia.org\/wiki\/EU_Carbon_Border_Adjustment_Mechanism?utm_source=chatgpt.com\"><span dir=\"auto\">Wikipedie<\/span><\/a><span dir=\"auto\">\u00a0)<\/span><\/p>\n<p><span dir=\"auto\">Kritici v\u0161ak v expanzi vid\u00ed v\u00edce ne\u017e jen klimatickou politiku:<\/span><\/p>\n<ul>\n<li><strong><span dir=\"auto\">K p\u0159emis\u0165ov\u00e1n\u00ed pr\u016fmyslov\u00fdch aktivit<\/span><\/strong><span dir=\"auto\">\u00a0by st\u00e1le mohlo doch\u00e1zet \u2013 nap\u0159\u00edklad do zem\u00ed, kter\u00e9 najdou jin\u00e9 zp\u016fsoby, jak probl\u00e9m obej\u00edt.<\/span><\/li>\n<li><strong><span dir=\"auto\">Mohly by vzniknout obchodn\u00ed bari\u00e9ry<\/span><\/strong><span dir=\"auto\">\u00a0, kter\u00e9 by p\u0159i\u017eivovaly dlouhodob\u00e9 ekonomick\u00e9 nap\u011bt\u00ed.<\/span><\/li>\n<li><span dir=\"auto\">Nav\u00edc zdan\u011bn\u00edm vysoce zpracovan\u00fdch produkt\u016f EU zasahuje do glob\u00e1ln\u00edch hodnotov\u00fdch \u0159et\u011bzc\u016f, kter\u00e9 d\u0159\u00edve fungovaly bez p\u0159\u00edm\u00e9 cenov\u00e9 z\u00e1t\u011b\u017ee v podob\u011b emis\u00ed CO\u2082.<\/span><\/li>\n<\/ul>\n<h3 class=\"wp-block-heading\"><strong><span dir=\"auto\">Glob\u00e1ln\u00ed d\u016fsledky: Od p\u0159esunu n\u00e1klad\u016f ke geopolitick\u00e9mu nap\u011bt\u00ed<\/span><\/strong><\/h3>\n<p><span dir=\"auto\">D\u016fsledky jsou dalekos\u00e1hl\u00e9:<\/span><\/p>\n<ul>\n<li><strong><span dir=\"auto\">Zv\u00fd\u0161en\u00ed cen pro spot\u0159ebitele:<\/span><\/strong><span dir=\"auto\">\u00a0Pokud dov\u00e1\u017een\u00e9 stroje nebo dom\u00e1c\u00ed spot\u0159ebi\u010de podl\u00e9haj\u00ed cen\u00e1m z hlediska emis\u00ed CO\u2082, mohly by se tyto dodate\u010dn\u00e9 n\u00e1klady p\u0159en\u00e9st na spot\u0159ebitele.<\/span><\/li>\n<li><strong><span dir=\"auto\">Naru\u0161en\u00ed hospod\u00e1\u0159sk\u00e9 sout\u011b\u017ee:<\/span><\/strong><span dir=\"auto\">\u00a0V\u00fdrobci v EU by z toho mohli m\u00edt kr\u00e1tkodob\u00fd prosp\u011bch, zat\u00edmco inovace by mohly b\u00fdt dlouhodob\u011b brzd\u011bny, pokud by se n\u00e1kladov\u00e1 z\u00e1t\u011b\u017e stala p\u0159\u00edli\u0161 vysokou.<\/span><\/li>\n<li><strong><span dir=\"auto\">Obchodn\u00ed nap\u011bt\u00ed:<\/span><\/strong><span dir=\"auto\">\u00a0Zem\u011b, kter\u00e9 jsou siln\u011b z\u00e1visl\u00e9 na p\u0159\u00edstupu na trh EU, by mohly p\u0159ijmout protiopat\u0159en\u00ed nebo protestovat proti politice EU na multilater\u00e1ln\u00edch f\u00f3rech.<\/span><\/li>\n<\/ul>\n<h3 class=\"wp-block-heading\"><strong><span dir=\"auto\">Z\u00e1v\u011br: Ambici\u00f3zn\u00ed klimatick\u00e9 c\u00edle \u2013 ekonomicky riskantn\u00ed?<\/span><\/strong><\/h3>\n<p><span dir=\"auto\">Pl\u00e1novan\u00e9 roz\u0161\u00ed\u0159en\u00ed mechanismu uhl\u00edkov\u00e9 kompenzace na hranic\u00edch je nepochybn\u011b jedn\u00edm z nejambici\u00f3zn\u011bj\u0161\u00edch n\u00e1stroj\u016f klimatick\u00e9 politiky na sv\u011bt\u011b a m\u00e1 chr\u00e1nit pr\u016fmysl EU v glob\u00e1ln\u00edm z\u00e1vod\u011b o klimatickou kompatibilitu. Cesta k dosa\u017een\u00ed tohoto c\u00edle je v\u0161ak velmi slo\u017eit\u00e1 a pln\u00e1 rizik: od naru\u0161en\u00ed hospod\u00e1\u0159sk\u00e9 sout\u011b\u017ee a obchodn\u00edch konflikt\u016f a\u017e po politick\u00e9 reakce. Zda se EU t\u00edmto krokem skute\u010dn\u011b ujme mezin\u00e1rodn\u00ed pr\u016fkopnick\u00e9 role, nebo riskuje dlouhodob\u00e9 ekonomick\u00e9 nev\u00fdhody, z\u00e1vis\u00ed na tom,\u00a0<\/span><strong><span dir=\"auto\">jak d\u016fsledn\u011b budou klimatick\u00e9 p\u0159edpisy zav\u00e1d\u011bt i ostatn\u00ed zem\u011b a jak\u00e9 reakce toto clo vyvol\u00e1<\/span><\/strong><span dir=\"auto\">\u00a0.<\/span><\/p>\n<p><span dir=\"auto\">Debata, kter\u00e1 sah\u00e1 daleko za hranice Bruselu \u2013 a neodvolateln\u011b propojuje klimatick\u00e9, obchodn\u00ed a pr\u016fmyslov\u00e9 strategie. (\u00a0<\/span><a href=\"https:\/\/ec.europa.eu\/commission\/presscorner\/detail\/de\/ip_25_3088\" target=\"_blank\" rel=\"noreferrer noopener\"><span dir=\"auto\">ec.europa.eu<\/span><\/a><span dir=\"auto\">\u00a0)<\/span><\/p>\n<p><img decoding=\"async\" loading=\"lazy\" class=\"alignnone size-full wp-image-1185\" src=\"http:\/\/www.infokuryr.cz\/n\/wp-content\/uploads\/2021\/04\/kuryr-podpis.png\" alt=\"\" width=\"84\" height=\"24\" \/><\/p>\n<p>&nbsp;<\/p>\n","protected":false},"excerpt":{"rendered":"<p>EU zp\u0159\u00eds\u0148uje hrani\u010dn\u00ed da\u0148 z CO\u2082 \u2013 boj o pr\u016fmyslov\u00e9 lokality, nebo eskalace protekcionismu? Evropsk\u00e1&#8230;<\/p>\n","protected":false},"author":2,"featured_media":49830,"comment_status":"closed","ping_status":"closed","sticky":false,"template":"","format":"standard","meta":[],"categories":[7],"tags":[1907,2692,41,887],"_links":{"self":[{"href":"https:\/\/www.infokuryr.cz\/n\/wp-json\/wp\/v2\/posts\/95332"}],"collection":[{"href":"https:\/\/www.infokuryr.cz\/n\/wp-json\/wp\/v2\/posts"}],"about":[{"href":"https:\/\/www.infokuryr.cz\/n\/wp-json\/wp\/v2\/types\/post"}],"author":[{"embeddable":true,"href":"https:\/\/www.infokuryr.cz\/n\/wp-json\/wp\/v2\/users\/2"}],"replies":[{"embeddable":true,"href":"https:\/\/www.infokuryr.cz\/n\/wp-json\/wp\/v2\/comments?post=95332"}],"version-history":[{"count":0,"href":"https:\/\/www.infokuryr.cz\/n\/wp-json\/wp\/v2\/posts\/95332\/revisions"}],"wp:featuredmedia":[{"embeddable":true,"href":"https:\/\/www.infokuryr.cz\/n\/wp-json\/wp\/v2\/media\/49830"}],"wp:attachment":[{"href":"https:\/\/www.infokuryr.cz\/n\/wp-json\/wp\/v2\/media?parent=95332"}],"wp:term":[{"taxonomy":"category","embeddable":true,"href":"https:\/\/www.infokuryr.cz\/n\/wp-json\/wp\/v2\/categories?post=95332"},{"taxonomy":"post_tag","embeddable":true,"href":"https:\/\/www.infokuryr.cz\/n\/wp-json\/wp\/v2\/tags?post=95332"}],"curies":[{"name":"wp","href":"https:\/\/api.w.org\/{rel}","templated":true}]}}