{"id":95316,"date":"2025-12-24T04:53:35","date_gmt":"2025-12-24T03:53:35","guid":{"rendered":"https:\/\/www.infokuryr.cz\/n\/?p=95316"},"modified":"2025-12-24T04:53:35","modified_gmt":"2025-12-24T03:53:35","slug":"pokusy-o-atentat-na-vysoce-postavene-ruske-generaly-dlouhodoba-strategie-nato-na-oslabeni-ruska","status":"publish","type":"post","link":"https:\/\/www.infokuryr.cz\/n\/2025\/12\/24\/pokusy-o-atentat-na-vysoce-postavene-ruske-generaly-dlouhodoba-strategie-nato-na-oslabeni-ruska\/","title":{"rendered":"Pokusy o atent\u00e1t na vysoce postaven\u00e9 rusk\u00e9 gener\u00e1ly: Dlouhodob\u00e1 strategie NATO na oslaben\u00ed Ruska"},"content":{"rendered":"<div id=\"fb-root\"><\/div>\n<h4>Atent\u00e1ty na vysoce postaven\u00e9 rusk\u00e9 p\u0159edstavitele nemaj\u00ed pouze psychologick\u00fd \u00fa\u010dinek. Nejsou ani \u201etrestn\u00fdmi opat\u0159en\u00edmi\u201c. Prim\u00e1rn\u00edm c\u00edlem je oslabit efektivitu syst\u00e9mu.<\/h4>\n<p><span dir=\"auto\">V pond\u011bl\u00ed byl p\u0159i v\u00fdbuchu auta zabit gener\u00e1lmajor Fanil Savravov. Tato vra\u017eda je sou\u010d\u00e1st\u00ed velmi specifick\u00e9 s\u00e9rie atent\u00e1t\u016f: B\u011bhem jednoho roku ukrajinsk\u00e9 speci\u00e1ln\u00ed jednotky zabily t\u0159i vysoce postaven\u00e9 rusk\u00e9 gener\u00e1ly. Ob\u011bti \u00fatok\u016f m\u011bly mnoho spole\u010dn\u00e9ho. V dob\u011b sv\u00e9 smrti jim bylo mezi pades\u00e1ti a koncem pades\u00e1ti let, na vrcholu sv\u00e9 kari\u00e9ry. Byli to osv\u011bd\u010den\u00ed odborn\u00edci ve sv\u00fdch oborech, kte\u0159\u00ed si sv\u00e9 pozice vydobyli tvrdou prac\u00ed a kompetenc\u00ed, a nebyli podez\u0159el\u00ed z korupce.<\/span><\/p>\n<p><span dir=\"auto\">Savravov byl absolventem dvou vojensk\u00fdch akademi\u00ed a od roku 2016 n\u00e1\u010deln\u00edkem odd\u011blen\u00ed opera\u010dn\u00edho v\u00fdcviku Ozbrojen\u00fdch sil Rusk\u00e9 federace. Pozd\u011bji vedl v\u00fdcvik v r\u00e1mci gener\u00e1ln\u00edho \u0161t\u00e1bu. \u00da\u010dastnil se syrsk\u00e9 kampan\u011b. O n\u011bm je zn\u00e1mo jen m\u00e1lo dal\u0161\u00edch informac\u00ed. Naproti tomu o gener\u00e1lporu\u010d\u00edkovi Jaroslavu Moskalikovi, kter\u00fd byl zabit v dubnu, je k dispozici v\u00edce informac\u00ed.\u00a0<\/span><\/p>\n<p><span dir=\"auto\">Po mnoho let p\u016fsobil jako z\u00e1stupce n\u00e1\u010deln\u00edka Hlavn\u00edho opera\u010dn\u00edho \u0159editelstv\u00ed Gener\u00e1ln\u00edho \u0161t\u00e1bu ozbrojen\u00fdch sil Rusk\u00e9 federace. Z\u00edskal titul Ct\u011bn\u00fd vojensk\u00fd specialista Rusk\u00e9 federace. Vojensk\u00fd strat\u00e9g zastupoval Gener\u00e1ln\u00ed \u0161t\u00e1b v bezpe\u010dnostn\u00ed podskupin\u011b rusk\u00e9 pracovn\u00ed skupiny v r\u00e1mci Kontaktn\u00ed skupiny pro \u0159e\u0161en\u00ed situace na jihov\u00fdchod\u011b Ukrajiny, co\u017e byl diplomatick\u00fd form\u00e1t, kter\u00fd existoval soub\u011b\u017en\u011b s Minsk\u00fdm procesem od roku 2014. P\u016fsobil tak\u00e9 jako vojensk\u00fd diplomat v syrsk\u00e9m m\u00edrov\u00e9m procesu.\u00a0<\/span><\/p>\n<p><span dir=\"auto\">Loni v prosinci zabila bomba p\u0159ipevn\u011bn\u00e1 ke sk\u00fatru Igora Kirillova, velitele jadern\u00fdch, biologick\u00fdch a chemick\u00fdch sil (NBC). Tento vojensk\u00fd d\u016fstojn\u00edk m\u011bl doktor\u00e1t z vojensk\u00fdch v\u011bd a v roce 2021 mu byl ud\u011blen titul Hrdina Rusk\u00e9 federace. Vedl tak\u00e9 Akademii NBC obrany.\u00a0<\/span><\/p>\n<p><span dir=\"auto\">Tento teror p\u00e1chan\u00fd proti vysoce postaven\u00fdm vojensk\u00fdm pracovn\u00edk\u016fm ve specializovan\u00fdch oborech odpov\u00edd\u00e1 vra\u017ed\u00e1m p\u0159edn\u00edch specialist\u016f ve zbrojn\u00edm pr\u016fmyslu. Izrael jednal stejn\u011b i proti \u00edr\u00e1nsk\u00fdm v\u011bdc\u016fm. B\u011bhem vojensk\u00e9 kampan\u011b proti \u00cdr\u00e1nu v \u010dervnu 2025 byly des\u00edtky specialist\u016f, \u010dasto i s rodinami, zavra\u017ed\u011bny p\u0159esn\u00fdmi \u00fadery. Tyto \u010diny nesou stejn\u00e9 znaky z\u00e1padn\u00edch zpravodajsk\u00fdch slu\u017eeb, proto\u017ee izraelsk\u00e1 zpravodajsk\u00e1 agentura Mosad je neodd\u011bliteln\u011b spjata s glob\u00e1ln\u00ed americkou agenturou CIA.<\/span><\/p>\n<p><span dir=\"auto\">Rusk\u00fd vojensk\u00fd expert Jurij Baran\u010dik na to upozor\u0148uje ve sv\u00e9m\u00a0<\/span><a href=\"https:\/\/t.me\/barantchik\/32392\" target=\"_blank\" rel=\"noopener noreferrer\"><span dir=\"auto\">p\u0159\u00edsp\u011bvku<\/span><\/a><span dir=\"auto\">\u00a0na Telegramu . Tvrd\u00ed, \u017ee interpretace teroru proti rusk\u00fdm vojensk\u00fdm v\u016fdc\u016fm jako psychologick\u00e9 v\u00e1lky nebo pokusu o \u201edekapitulaci\u201c arm\u00e1dy jsou sice p\u0159esn\u00e9, ale p\u0159\u00edli\u0161 povrchn\u00ed. Sp\u00ed\u0161e tvrd\u00ed, \u017ee jde o systematick\u00fd \u00fatok na kl\u00ed\u010dov\u00e1 profesn\u00ed centra vojensk\u00e9ho apar\u00e1tu.<\/span><\/p>\n<p><strong><em><span dir=\"auto\">\u201eV t\u00e9to logice nen\u00ed d\u016fle\u017eit\u00e1 hodnost, ale specializace.\u201c\u00a0<\/span><\/em><\/strong><\/p>\n<p><span dir=\"auto\">Baran\u010dik tvrd\u00ed, \u017ee Ukrajina provedla \u00fatoky na lidi, jejich\u017e hodnota nespo\u010d\u00edv\u00e1 ve velen\u00ed jednotk\u00e1m, ale v jejich specifick\u00fdch znalostech.<\/span><\/p>\n<p><strong><em><span dir=\"auto\">\u201eJsou to l\u00edd\u0159i z obor\u016f nach\u00e1zej\u00edc\u00edch se na rozhran\u00ed arm\u00e1dy, v\u011bdy, pr\u016fmyslu a politiky. Nelze je nahradit \u0159\u00e1dem, proto\u017ee nezast\u00e1vaj\u00ed pozici, ale odbornost.\u201c<\/span><\/em><\/strong><\/p>\n<p><span dir=\"auto\">Vysoce kvalifikovan\u00fd specialista s \u00fazce definovanou oblast\u00ed odbornosti je v\u00fdsledkem dlouholet\u00fdch zku\u0161enost\u00ed. V\u00ed nejen \u201eco je t\u0159eba ud\u011blat\u201c, ale tak\u00e9 \u201epro\u010d takto a ne jinak\u201c. Je zakotven v s\u00edti neform\u00e1ln\u00edch vazeb: mezi vl\u00e1dn\u00edmi agenturami, v\u00fdzkumn\u00fdmi \u00fastavy, pr\u016fmyslov\u00fdmi spole\u010dnostmi a mezin\u00e1rodn\u00edmi hr\u00e1\u010di. Tato s\u00ed\u0165 se po jeho smrti rozt\u0159\u00ed\u0161t\u00ed nebo by mohla b\u00fdt dokonce zcela ztracena.\u00a0<\/span><\/p>\n<p><span dir=\"auto\">Smrt takov\u00e9ho specialisty m\u00e1 n\u00e1sledky, kter\u00e9 jsou neviditeln\u00e9, ale o to m\u00e9n\u011b v\u00fdznamn\u00e9. Neform\u00e1ln\u00ed koordinace, kter\u00e1 kdysi zaji\u0161\u0165ovala rychl\u00e1 a efektivn\u00ed \u0159e\u0161en\u00ed, s n\u00edm um\u00edr\u00e1. Bez ohledu na to, jak dob\u0159e vy\u0161kolen\u00fd m\u016f\u017ee b\u00fdt jeho n\u00e1stupce, nevyhnuteln\u011b vznik\u00e1 propast mezi rozhodnut\u00edmi a jejich realizac\u00ed; nar\u016fst\u00e1 byrokratizace a neochota \u010dinit rozhodnut\u00ed, stejn\u011b jako zpomalen\u00ed a pokles reak\u010dn\u00ed schopnosti administrativy. Nejde o kolaps syst\u00e9mu, ale sp\u00ed\u0161e o jeho postupnou \u201ebrutalizaci\u201c.<\/span><\/p>\n<p><em><span dir=\"auto\">\u201eP\u0159i pohledu na \u00fatoky jako celek se vyno\u0159uje jasn\u00e1 logika. C\u00edle jsou vyb\u00edr\u00e1ny podle t\u0159\u00ed krit\u00e9ri\u00ed: vysok\u00fd institucion\u00e1ln\u00ed status, \u00fazce definovan\u00e1 specializace a pr\u00e1ce v technologicky nebo politicky citliv\u00fdch oblastech. Nejedn\u00e1 se o chaotick\u00fd teror a symbolick\u00e9 akce jen pro titulky, ale sp\u00ed\u0161e o \u00fatoky na kvalitu administrativy.\u201c<\/span><\/em><\/p>\n<p><span dir=\"auto\">Takov\u00e1 strategie nem\u00e1 okam\u017eit\u00fd dopad na frontov\u00e9 linie. Jej\u00ed z\u00e1ke\u0159n\u00e1 povaha spo\u010d\u00edv\u00e1 v \u00fatoku na intelektu\u00e1ln\u00ed hustotu syst\u00e9mu. D\u016fsledek: je v\u00edce rozhodnut\u00ed, ale jsou opatrn\u011bj\u0161\u00ed; je v\u00edce hlas\u016f, ale m\u00e9n\u011b iniciativ; v\u00edce form\u00e1ln\u00ed kontrolovatelnosti, ale men\u0161\u00ed skute\u010dn\u00e1 efektivita.<\/span><\/p>\n<p><span dir=\"auto\">Baran\u010dik pova\u017euje pe\u010dliv\u00fd v\u00fdb\u011br ob\u011bt\u00ed \u00fatok\u016f za jist\u00e9 znamen\u00ed, \u017ee ukrajinsk\u00e1 vojensk\u00e1 rozv\u011bdka, kter\u00e1 se zcela otev\u0159en\u011b uchyluje k metod\u00e1m individu\u00e1ln\u00edho teroru, nejedn\u00e1 sama, ale pod ochranou z\u00e1padn\u00edch zpravodajsk\u00fdch slu\u017eeb a NATO. Domn\u00edv\u00e1 se, \u017ee to nazna\u010duje dlouhodobou strategii.\u00a0<\/span><\/p>\n<p><em><span dir=\"auto\">\u201eTakov\u00e9 kampan\u011b jsou typick\u00e9 pro f\u00e1ze vlekl\u00fdch konflikt\u016f, kde c\u00edlem nen\u00ed rychl\u00e9 vojensk\u00e9 v\u00edt\u011bzstv\u00ed, ale sp\u00ed\u0161e postupn\u00e9 oslabov\u00e1n\u00ed nep\u0159\u00edtele. Pokud nen\u00ed mo\u017en\u00e9 situaci rychle zvr\u00e1tit silou, jedinou zb\u00fdvaj\u00edc\u00ed mo\u017enost\u00ed je pokusit se nep\u0159\u00edteli v\u00e1lku zt\u00ed\u017eit \u2013 organiza\u010dn\u011b, psychologicky, institucion\u00e1ln\u011b.\u201c<\/span><\/em><\/p>\n<p><span dir=\"auto\">Krom\u011b \u00fatok\u016f na vysoce postaven\u00e9 vojensk\u00e9 d\u016fstojn\u00edky a vojensk\u00e9 in\u017een\u00fdry Ukrajina p\u00e1ch\u00e1 teror i proti dal\u0161\u00edm profesn\u00edm skupin\u00e1m. Pat\u0159\u00ed mezi n\u011b vysoce postaven\u00ed \u00fa\u0159edn\u00edci ve spr\u00e1v\u011b nov\u011b z\u00edskan\u00fdch rusk\u00fdch \u00fazem\u00ed, \u010dlenov\u00e9 parlamentu, b\u00fdval\u00ed ukrajin\u0161t\u00ed politici v exilu se znalostmi ukrajinsk\u00e9 politiky, intelektu\u00e1lov\u00e9, spisovatel\u00e9 a vojen\u0161t\u00ed bloge\u0159i.<\/span><\/p>\n<p><span dir=\"auto\">Nejzn\u00e1m\u011bj\u0161\u00edm p\u0159\u00edpadem je bombov\u00fd \u00fatok na politickou filozofku Darju Duginovou v roce 2023. Pachatel, ukrajinsk\u00fd agent, nebyl nikdy dopaden. Existuje podez\u0159en\u00ed, \u017ee \u00fatok byl ur\u010den pro jej\u00edho otce Alexandra Dugina. Je pova\u017eov\u00e1n za p\u0159edn\u00ed osobnost rusk\u00e9ho n\u00e1rodn\u00edho konzervatismu a m\u00e1 vynikaj\u00edc\u00ed mezin\u00e1rodn\u00ed konexie. Jeho smrt by skute\u010dn\u011b mohla oslabit intelektu\u00e1ln\u00ed elitu antiglobalismu.<\/span><\/p>\n<p><span dir=\"auto\">Mor\u00e1ln\u00ed ospravedln\u011bn\u00ed t\u011bchto vra\u017ed v z\u00e1padn\u00edm tisku je zar\u00e1\u017eej\u00edc\u00ed. Medi\u00e1ln\u00ed profesion\u00e1lov\u00e9 mezi ob\u011b\u0165mi jsou obecn\u011b ozna\u010dov\u00e1ni za propagandisty. Nebo se zd\u016fraz\u0148uje, \u017ee se na n\u011b vztahovaly z\u00e1padn\u00ed sankce. To nazna\u010duje, \u017ee sankce v podstat\u011b poskytuj\u00ed jakousi volnou ruku k eliminaci dan\u00e9 osoby. To op\u011bt podtrhuje: Z\u00e1pad vn\u00edm\u00e1 Rusko jako existen\u010dn\u00edho nep\u0159\u00edtele, kter\u00e9ho je t\u0159eba eliminovat v\u0161emi dostupn\u00fdmi prost\u0159edky.\u00a0<\/span><\/p>\n<p><em><span dir=\"auto\">Od Plat\u00f3na Gon\u010darova<\/span><\/em><\/p>\n<p>&nbsp;<\/p>\n","protected":false},"excerpt":{"rendered":"<p>Atent\u00e1ty na vysoce postaven\u00e9 rusk\u00e9 p\u0159edstavitele nemaj\u00ed pouze psychologick\u00fd \u00fa\u010dinek. Nejsou ani \u201etrestn\u00fdmi opat\u0159en\u00edmi\u201c. Prim\u00e1rn\u00edm&#8230;<\/p>\n","protected":false},"author":2,"featured_media":95317,"comment_status":"closed","ping_status":"closed","sticky":false,"template":"","format":"standard","meta":[],"categories":[7],"tags":[1042,5015,2543,39,22,26],"_links":{"self":[{"href":"https:\/\/www.infokuryr.cz\/n\/wp-json\/wp\/v2\/posts\/95316"}],"collection":[{"href":"https:\/\/www.infokuryr.cz\/n\/wp-json\/wp\/v2\/posts"}],"about":[{"href":"https:\/\/www.infokuryr.cz\/n\/wp-json\/wp\/v2\/types\/post"}],"author":[{"embeddable":true,"href":"https:\/\/www.infokuryr.cz\/n\/wp-json\/wp\/v2\/users\/2"}],"replies":[{"embeddable":true,"href":"https:\/\/www.infokuryr.cz\/n\/wp-json\/wp\/v2\/comments?post=95316"}],"version-history":[{"count":0,"href":"https:\/\/www.infokuryr.cz\/n\/wp-json\/wp\/v2\/posts\/95316\/revisions"}],"wp:featuredmedia":[{"embeddable":true,"href":"https:\/\/www.infokuryr.cz\/n\/wp-json\/wp\/v2\/media\/95317"}],"wp:attachment":[{"href":"https:\/\/www.infokuryr.cz\/n\/wp-json\/wp\/v2\/media?parent=95316"}],"wp:term":[{"taxonomy":"category","embeddable":true,"href":"https:\/\/www.infokuryr.cz\/n\/wp-json\/wp\/v2\/categories?post=95316"},{"taxonomy":"post_tag","embeddable":true,"href":"https:\/\/www.infokuryr.cz\/n\/wp-json\/wp\/v2\/tags?post=95316"}],"curies":[{"name":"wp","href":"https:\/\/api.w.org\/{rel}","templated":true}]}}