{"id":95314,"date":"2025-12-24T04:50:13","date_gmt":"2025-12-24T03:50:13","guid":{"rendered":"https:\/\/www.infokuryr.cz\/n\/?p=95314"},"modified":"2025-12-24T04:50:13","modified_gmt":"2025-12-24T03:50:13","slug":"rusko-vyviji-vesmirnou-zbran-zamerenou-na-satelity-starlink","status":"publish","type":"post","link":"https:\/\/www.infokuryr.cz\/n\/2025\/12\/24\/rusko-vyviji-vesmirnou-zbran-zamerenou-na-satelity-starlink\/","title":{"rendered":"Rusko vyv\u00edj\u00ed vesm\u00edrnou zbra\u0148 zam\u011b\u0159enou na satelity Starlink"},"content":{"rendered":"<div id=\"fb-root\"><\/div>\n<h4>Zpravodajsk\u00e9 slu\u017eby dvou zem\u00ed NATO maj\u00ed podez\u0159en\u00ed, \u017ee Rusko vyv\u00edj\u00ed vesm\u00edrnou zbra\u0148 \u2013 ur\u010denou k pou\u017eit\u00ed proti satelit\u016fm Starlink Elona Muska. Informovala o tom agentura Associated Press. Odborn\u00edci jsou v\u0161ak skepti\u010dt\u00ed, proto\u017ee chaos ve vesm\u00edru by mohl po\u0161kodit i samotn\u00e9 Rusko.<\/h4>\n<p><span dir=\"auto\">Podle zpr\u00e1vy agentury\u00a0<\/span><em><span dir=\"auto\">Associated Press (AP)<\/span><\/em><span dir=\"auto\">\u00a0Rusko pracuje na \u201evesm\u00edrn\u00e9 zbrani\u201c, kter\u00e1 by m\u011bla zac\u00edlit na satelity Starlink Elona Muska. Podle zpravodajsk\u00fdch zdroj\u016f ze dvou zem\u00ed NATO, od kter\u00fdch\u00a0\u00a0<\/span><em><span dir=\"auto\">AP<\/span><\/em><span dir=\"auto\"> \u00a0z\u00edskala informace, by zbra\u0148 mohla b\u00fdt navr\u017eena tak, aby zaplavila ob\u011b\u017en\u00e9 dr\u00e1hy Starlinku \u201eoblaky\u201c o vysok\u00e9 hustot\u011b stovek tis\u00edc projektil\u016f, co\u017e by mohlo potenci\u00e1ln\u011b vy\u0159adit z provozu v\u00edce satelit\u016f sou\u010dasn\u011b.<\/span><\/p>\n<p><span dir=\"auto\">Analytici, kter\u00e9 agentura oslovila, v\u0161ak vyj\u00e1d\u0159ili skepsi ohledn\u011b toho, zda by takov\u00e1 zbra\u0148 fungovala, ani\u017e by ve vesm\u00edru zp\u016fsobila nekontrolovateln\u00fd chaos. \u0158ada spole\u010dnost\u00ed a zem\u00ed, v\u010detn\u011b Ruska a \u010c\u00edny, se spol\u00e9h\u00e1 na tis\u00edce satelit\u016f pro komunikaci, obranu a dal\u0161\u00ed \u017eivotn\u011b d\u016fle\u017eit\u00e9 pot\u0159eby. V\u00e1\u017en\u00e9 d\u016fsledky, v\u010detn\u011b rizik pro jej\u00ed vlastn\u00ed vesm\u00edrn\u00e9 syst\u00e9my, by mohly Moskvu od nasazen\u00ed takov\u00e9 zbran\u011b odradit.<\/span><\/p>\n<p><span dir=\"auto\">Rusko pova\u017euje Starlink za v\u00e1\u017enou hrozbu, proto\u017ee ukrajinsk\u00e1 arm\u00e1da jej aktivn\u011b vyu\u017e\u00edv\u00e1 ke komunikaci a zam\u011b\u0159ov\u00e1n\u00ed c\u00edl\u016f na boji\u0161ti,\u00a0 uvedla d\u00e1le\u00a0<\/span><em><span dir=\"auto\">agentura AP<\/span><\/em><span dir=\"auto\">\u00a0. Mluv\u010d\u00ed Kremlu Dmitrij Peskov na \u017e\u00e1dost tiskov\u00e9 agentury o koment\u00e1\u0159 nereagoval.<\/span><\/p>\n<p><span dir=\"auto\">Moskva d\u0159\u00edve vyzvala Organizaci spojen\u00fdch n\u00e1rod\u016f k z\u00e1kazu rozmis\u0165ov\u00e1n\u00ed zbran\u00ed ve vesm\u00edru. Prezident Vladimir Putin ujistil, \u017ee Rusko nem\u00e1 v \u00famyslu rozm\u00edstit jadern\u00e9 zbran\u011b ve vesm\u00edru.<\/p>\n<p><\/span><\/p>\n<div class='videoWrapper'>\r\n\t            <iframe src='https:\/\/rumble.com\/embed\/pj.v6oka9o\/' frameborder='0' allowfullscreen><\/iframe>\r\n\t        <\/div>\n<p><img decoding=\"async\" loading=\"lazy\" class=\"alignnone size-full wp-image-1185\" src=\"http:\/\/www.infokuryr.cz\/n\/wp-content\/uploads\/2021\/04\/kuryr-podpis.png\" alt=\"\" width=\"84\" height=\"24\" \/><\/p>\n","protected":false},"excerpt":{"rendered":"<p>Zpravodajsk\u00e9 slu\u017eby dvou zem\u00ed NATO maj\u00ed podez\u0159en\u00ed, \u017ee Rusko vyv\u00edj\u00ed vesm\u00edrnou zbra\u0148 \u2013 ur\u010denou k&#8230;<\/p>\n","protected":false},"author":2,"featured_media":95315,"comment_status":"closed","ping_status":"closed","sticky":false,"template":"","format":"standard","meta":[],"categories":[7],"tags":[22,3208,88,73],"_links":{"self":[{"href":"https:\/\/www.infokuryr.cz\/n\/wp-json\/wp\/v2\/posts\/95314"}],"collection":[{"href":"https:\/\/www.infokuryr.cz\/n\/wp-json\/wp\/v2\/posts"}],"about":[{"href":"https:\/\/www.infokuryr.cz\/n\/wp-json\/wp\/v2\/types\/post"}],"author":[{"embeddable":true,"href":"https:\/\/www.infokuryr.cz\/n\/wp-json\/wp\/v2\/users\/2"}],"replies":[{"embeddable":true,"href":"https:\/\/www.infokuryr.cz\/n\/wp-json\/wp\/v2\/comments?post=95314"}],"version-history":[{"count":0,"href":"https:\/\/www.infokuryr.cz\/n\/wp-json\/wp\/v2\/posts\/95314\/revisions"}],"wp:featuredmedia":[{"embeddable":true,"href":"https:\/\/www.infokuryr.cz\/n\/wp-json\/wp\/v2\/media\/95315"}],"wp:attachment":[{"href":"https:\/\/www.infokuryr.cz\/n\/wp-json\/wp\/v2\/media?parent=95314"}],"wp:term":[{"taxonomy":"category","embeddable":true,"href":"https:\/\/www.infokuryr.cz\/n\/wp-json\/wp\/v2\/categories?post=95314"},{"taxonomy":"post_tag","embeddable":true,"href":"https:\/\/www.infokuryr.cz\/n\/wp-json\/wp\/v2\/tags?post=95314"}],"curies":[{"name":"wp","href":"https:\/\/api.w.org\/{rel}","templated":true}]}}